{"id":737323,"date":"2026-08-29T17:38:31","date_gmt":"2026-08-29T17:38:31","guid":{"rendered":"https:\/\/www.europesays.com\/es\/737323\/"},"modified":"2026-08-29T17:38:31","modified_gmt":"2026-08-29T17:38:31","slug":"la-expansion-de-garrapatas-y-velutinas-un-desafio-sanitario","status":"publish","type":"post","link":"https:\/\/www.europesays.com\/es\/737323\/","title":{"rendered":"La expansi\u00f3n de garrapatas y velutinas, un desaf\u00edo sanitario"},"content":{"rendered":"<p class=\"paragraph-atom &#10;        B-500-300-700-N B-550-300-700-N--md  \">\n                    La Asociaci\u00f3n Nacional de Empresas de Sanidad Ambiental (ANECPLA) <strong>alert\u00f3 de la expansi\u00f3n de la avispa asi\u00e1tica<\/strong> (<a href=\"https:\/\/www.atlantico.net\/temas\/velutinas\/\" rel=\"nofollow noopener\" target=\"_blank\">Vespa velutina<\/a>), <strong>el incremento de las poblaciones de garrapatas y el riesgo asociado a determinadas especies de mosquitos transmisores de enfermedades<\/strong>, factores que, seg\u00fan la entidad, situaron a los vectores y especies invasoras entre las \u201cprincipales prioridades\u201d de la sanidad ambiental en Espa\u00f1a.\n            <\/p>\n<p class=\"paragraph-atom &#10;        B-500-300-700-N B-550-300-700-N--md  \">\n                    \u201c<strong>Ning\u00fan animal es una plaga por s\u00ed mismo<\/strong>. Una rata, una garrapata o un mosquito se convierten en plaga cuando est\u00e1n en un lugar concreto y en una cantidad concreta que genera un impacto negativo sobre nuestra salud, nuestro bienestar o nuestra percepci\u00f3n de un entorno salubre\u201d, explic\u00f3 el director general de ANECPLA, Manuel Garc\u00eda, que se\u00f1al\u00f3 que Espa\u00f1a se enfrenta a retos cada vez m\u00e1s complejos ligados al cambio clim\u00e1tico, la movilidad global y la alteraci\u00f3n de los ecosistemas.\n            <\/p>\n<p class=\"paragraph-atom &#10;        B-500-300-700-N B-550-300-700-N--md  \">\n                    Seg\u00fan indic\u00f3 Garc\u00eda, algunas especies tienen especial relevancia sanitaria por actuar como vectores de enfermedades, como es el caso de las garrapatas y determinados mosquitos, cuya presencia \u201cexige una vigilancia continua\u201d incluso cuando sus poblaciones no son especialmente elevadas.<strong> \u201cVer una garrapata en el monte no es un problema; ese es su espacio natural. La situaci\u00f3n cambia cuando aparece en nuestro jard\u00edn o cuando se adhiere a una persona, porque ah\u00ed s\u00ed existe un riesgo para la salud que debe gestionarse adecuadamente\u201d, se\u00f1al\u00f3 el director.<\/strong>\n            <\/p>\n<p class=\"paragraph-atom &#10;        B-500-300-700-N B-550-300-700-N--md  \">\n                    ANECPLA record\u00f3 que las garrapatas son vectores de diversos pat\u00f3genos de inter\u00e9s sanitario y pueden transmitir enfermedades como la de Lyme, la fiebre botonosa mediterr\u00e1nea o la fiebre hemorr\u00e1gica de Crimea-Congo, entre otras.<strong> La entidad recomienda que, ante una picadura, la garrapata se retire lo antes posible con unas pinzas, sujetando el par\u00e1sito lo m\u00e1s cerca posible de la piel y extray\u00e9ndolo mediante una tracci\u00f3n suave y continua<\/strong>, as\u00ed como acudir a un centro sanitario si la extracci\u00f3n no es completa, persisten restos o existe cualquier duda sobre la picadura.\n            <\/p>\n<p class=\"paragraph-atom &#10;        B-500-300-700-N B-550-300-700-N--md  \">\n                    En el \u00e1mbito de las plagas urbanas, ANECPLA se\u00f1al\u00f3 que <strong>las cucarachas contin\u00faan siendo la tipolog\u00eda que genera un mayor n\u00famero de intervenciones profesionales<\/strong>, seguidas de los roedores, especialmente ratas, y de otros organismos como mosquitos, avispas, hormigas o palomas. La entidad precis\u00f3 que una de las especies que m\u00e1s preocupa es la avispa asi\u00e1tica, catalogada como especie ex\u00f3tica invasora, cuya erradicaci\u00f3n, pese a ser el objetivo te\u00f3rico, resulta \u201cimprobable\u201d seg\u00fan la realidad observada en buena parte de la Pen\u00ednsula. <strong>\u201cLa Vespa velutina ha superado probablemente un punto de no retorno en muchas zonas de Espa\u00f1a<\/strong>.<strong> La experiencia de Francia y la r\u00e1pida expansi\u00f3n observada en la cornisa cant\u00e1brica indican que estamos ante una especie que, previsiblemente, ha llegado para quedarse\u201d, afirm\u00f3 Garc\u00eda al respecto<\/strong>. Junto a la avispa asi\u00e1tica, ANECPLA sit\u00faa el virus del Nilo Occidental entre las principales preocupaciones vectoriales en Espa\u00f1a, al estar vinculado a mosquitos del g\u00e9nero Culex.\n            <\/p>\n","protected":false},"excerpt":{"rendered":"La Asociaci\u00f3n Nacional de Empresas de Sanidad Ambiental (ANECPLA) alert\u00f3 de la expansi\u00f3n de la avispa asi\u00e1tica (Vespa&hellip;\n","protected":false},"author":2,"featured_media":737324,"comment_status":"","ping_status":"","sticky":false,"template":"","format":"standard","meta":{"footnotes":""},"categories":[92],"tags":[10897,25,24,8231,11283,165,166,15290,23,130871],"class_list":["post-737323","post","type-post","status-publish","format-standard","has-post-thumbnail","category-salud","tag-desafio","tag-es","tag-espana","tag-expansion","tag-garrapatas","tag-health","tag-salud","tag-sanitario","tag-spain","tag-velutinas"],"share_on_mastodon":{"url":"https:\/\/pubeurope.com\/@es\/117180019917883284","error":""},"_links":{"self":[{"href":"https:\/\/www.europesays.com\/es\/wp-json\/wp\/v2\/posts\/737323","targetHints":{"allow":["GET"]}}],"collection":[{"href":"https:\/\/www.europesays.com\/es\/wp-json\/wp\/v2\/posts"}],"about":[{"href":"https:\/\/www.europesays.com\/es\/wp-json\/wp\/v2\/types\/post"}],"author":[{"embeddable":true,"href":"https:\/\/www.europesays.com\/es\/wp-json\/wp\/v2\/users\/2"}],"replies":[{"embeddable":true,"href":"https:\/\/www.europesays.com\/es\/wp-json\/wp\/v2\/comments?post=737323"}],"version-history":[{"count":0,"href":"https:\/\/www.europesays.com\/es\/wp-json\/wp\/v2\/posts\/737323\/revisions"}],"wp:featuredmedia":[{"embeddable":true,"href":"https:\/\/www.europesays.com\/es\/wp-json\/wp\/v2\/media\/737324"}],"wp:attachment":[{"href":"https:\/\/www.europesays.com\/es\/wp-json\/wp\/v2\/media?parent=737323"}],"wp:term":[{"taxonomy":"category","embeddable":true,"href":"https:\/\/www.europesays.com\/es\/wp-json\/wp\/v2\/categories?post=737323"},{"taxonomy":"post_tag","embeddable":true,"href":"https:\/\/www.europesays.com\/es\/wp-json\/wp\/v2\/tags?post=737323"}],"curies":[{"name":"wp","href":"https:\/\/api.w.org\/{rel}","templated":true}]}}