{"id":737331,"date":"2026-08-29T17:42:25","date_gmt":"2026-08-29T17:42:25","guid":{"rendered":"https:\/\/www.europesays.com\/es\/737331\/"},"modified":"2026-08-29T17:42:25","modified_gmt":"2026-08-29T17:42:25","slug":"la-casa-de-liechtenstein-anuncia-el-compromiso-del-principe-jorge-con-maria-nives-von-der-leyen","status":"publish","type":"post","link":"https:\/\/www.europesays.com\/es\/737331\/","title":{"rendered":"La Casa de Liechtenstein anuncia el compromiso del Pr\u00edncipe Jorge con Mar\u00eda-Nives von der Leyen"},"content":{"rendered":"<p style=\"\">La casa Liechtenstein se encuentra de celebraci\u00f3n. El Pr\u00edncipe Jorge, hijo de Alois y Sophie, se ha comprometido con Maria-Nives von der Leyen, una joven de origen aristocr\u00e1tico alem\u00e1n. Una noticia que llega apenas <a href=\"https:\/\/www.abc.es\/gente\/maria-carolina-liechtenstein-venezolano-leopoldo-maduro-vollmer-20250830133710-nt.html\" target=\"_self\" data-voc-vtm-id=\"in-text-traffic\" data-mrf-link=\"www.abc.es\" rel=\"nofollow noopener\">un a\u00f1o despu\u00e9s de la boda de su hermana Mar\u00eda Carolina<\/a> &#8230;  y con ello se suma un evento m\u00e1s para una de las casas reales m\u00e1s discretas de Europa. Por ahora, se conocen pocos detalles del enlace, pero el anuncio ya ha despertado inter\u00e9s por qui\u00e9n es la futura <strong>novia y por el lugar que ocupa el joven dentro de la familia.<\/strong><\/p>\n<p class=\"v-d-p\" style=\"\">La confirmaci\u00f3n ha llegado desde el Castillo de Vaduz, que ha difundido una nota en nombre de Alois y Sophie. En el texto, los herederos del Principado se muestran encantados y ofrecen algunos datos sobre la pareja. El pr\u00edncipe Jorge desarrolla actualmente su carrera en Nueva York, en el sector tecnol\u00f3gico, tras estudiar en St. Gallen en la ESCP Business School. Su prometida, la princesa Mar\u00eda-Nives, es la hija menor del pr\u00edncipe Philipp von der Leyen y la princesa Elisabeth von der Leyen. Esta familia estuvieron durante siglos vinculados a distintos territorios del actual suroeste de Alemania y llegaron incluso a dar nombre a un peque\u00f1o principado creado en 1806. Hoy, su padre contin\u00faa al frente de la familia, por lo que la joven procede de una casa con una larga historia detr\u00e1s, aunque ya sin ning\u00fan papel como dinast\u00eda reinante.<\/p>\n<p class=\"v-d-p\" style=\"\">Esta noticia llega unas semanas despu\u00e9s de que Liechtenstein anunciara un cambio hist\u00f3rico en sus normas de sucesi\u00f3n. Alois explic\u00f3 que la Casa Principesca hab\u00eda decidido dejar atr\u00e1s la primogenitura masculina y permitir que las mujeres puedan acceder al trono en igualdad de condiciones. Hasta ahora, el principado era la \u00faltima monarqu\u00eda hereditaria de Europa <strong>que manten\u00eda una exclusi\u00f3n completa de las mujeres. <\/strong><\/p>\n<ul class=\"v-cmp-rld__u\">\n<li class=\"v-cmp-rld__l\">\n<p><a class=\"v-a-lnk\" href=\"http:\/\/www.abc.es\/gente\/ingrid-alexandra-leonor-princesas-herederas-monarquia-europea-20260828132404-nt.html#vtm_modulosEngag=noticiasrelacionadas-cmp-uno:gente:noticia:1\" data-voc-vtm-id=\"in-text-traffic\" rel=\"nofollow noopener\" target=\"_blank\"><br \/>\n<img decoding=\"async\" loading=\"lazy\" src=\"https:\/\/www.europesays.com\/es\/wp-content\/uploads\/2026\/08\/amalia-leonor-ingrid-U01476228357sbN-366x256@diario_abc.jpg\" class=\"v-a-img\" width=\"258\" height=\"180\" alt=\"De Ingrid Alexandra a Leonor: todas las Princesas herederas de la monarqu\u00eda europea\"\/><br \/>\n<\/a><\/p>\n<\/li>\n<\/ul>\n<p>\nEl Pr\u00edncipe Jorge, v\u00edctima de la Inteligencia Artificial\n<\/p>\n<p class=\"v-d-p\" style=\"\">Aunque la casa siempre se ha decantado por la discreci\u00f3n, el a\u00f1o pasado, poco despu\u00e9s de la boda de su hermana, el pr\u00edncipe Jorge se convirti\u00f3 en noticia por un presunto romance con Elisabeth de B\u00e9lgica, a ra\u00edz de una foto en la que aparec\u00edan juntos. <\/p>\n<p><img decoding=\"async\" loading=\"lazy\" src=\"https:\/\/www.europesays.com\/es\/wp-content\/uploads\/2026\/08\/Principe Jorge IA-U76785471226aIG-680x700@diario_abc.jpg\" class=\"v-a-img\" height=\"700\" alt=\"El Pr\u00edncipe Jorge con Elisabeth de B\u00e9lgica.\" data-voc-vtm-id=\"in-text-traffic\" width=\"680\"\/><\/p>\n<p>El Pr\u00edncipe Jorge con Elisabeth de B\u00e9lgica.<\/p>\n<p>(RRSS)<\/p>\n<p class=\"v-d-p\" style=\"\">Sin embargo, aquella imagen que que se hizo viral <strong>fue creada con inteligencia artificial<\/strong>. Entre el hijo del pr\u00edncipe heredero Alois y la futura Reina de los belgas nunca ha existido una relaci\u00f3n sentimental. Hoy, casi un a\u00f1o despu\u00e9s de que trascendiera aquella fotograf\u00eda<strong>, se anuncia el compromiso de Jorge con su novia, la princesa Mar\u00eda-Nieves.<\/strong><\/p>\n","protected":false},"excerpt":{"rendered":"La casa Liechtenstein se encuentra de celebraci\u00f3n. El Pr\u00edncipe Jorge, hijo de Alois y Sophie, se ha comprometido&hellip;\n","protected":false},"author":2,"featured_media":737332,"comment_status":"","ping_status":"","sticky":false,"template":"","format":"standard","meta":{"footnotes":""},"categories":[42],"tags":[4187,17,18,385,1625,5787,13,14,11,61,62,63,64,2224,19,20,5788,13013,130872,9,10,15,16,14921,12,21,22,5786,65,66,67],"class_list":["post-737331","post","type-post","status-publish","format-standard","has-post-thumbnail","category-internacional","tag-anuncia","tag-breaking-news","tag-breakingnews","tag-casa","tag-compromiso","tag-der","tag-featured-news","tag-featurednews","tag-headlines","tag-internacional","tag-international","tag-international-news","tag-internationalnews","tag-jorge","tag-latest-news","tag-latestnews","tag-leyen","tag-liechtenstein","tag-marianieves","tag-news","tag-noticias","tag-noticias-destacadas","tag-noticiasdestacadas","tag-principe","tag-titulares","tag-ultimas-noticias","tag-ultimasnoticias","tag-von","tag-world","tag-world-news","tag-worldnews"],"share_on_mastodon":{"url":"https:\/\/pubeurope.com\/@es\/117180036768164884","error":""},"_links":{"self":[{"href":"https:\/\/www.europesays.com\/es\/wp-json\/wp\/v2\/posts\/737331","targetHints":{"allow":["GET"]}}],"collection":[{"href":"https:\/\/www.europesays.com\/es\/wp-json\/wp\/v2\/posts"}],"about":[{"href":"https:\/\/www.europesays.com\/es\/wp-json\/wp\/v2\/types\/post"}],"author":[{"embeddable":true,"href":"https:\/\/www.europesays.com\/es\/wp-json\/wp\/v2\/users\/2"}],"replies":[{"embeddable":true,"href":"https:\/\/www.europesays.com\/es\/wp-json\/wp\/v2\/comments?post=737331"}],"version-history":[{"count":0,"href":"https:\/\/www.europesays.com\/es\/wp-json\/wp\/v2\/posts\/737331\/revisions"}],"wp:featuredmedia":[{"embeddable":true,"href":"https:\/\/www.europesays.com\/es\/wp-json\/wp\/v2\/media\/737332"}],"wp:attachment":[{"href":"https:\/\/www.europesays.com\/es\/wp-json\/wp\/v2\/media?parent=737331"}],"wp:term":[{"taxonomy":"category","embeddable":true,"href":"https:\/\/www.europesays.com\/es\/wp-json\/wp\/v2\/categories?post=737331"},{"taxonomy":"post_tag","embeddable":true,"href":"https:\/\/www.europesays.com\/es\/wp-json\/wp\/v2\/tags?post=737331"}],"curies":[{"name":"wp","href":"https:\/\/api.w.org\/{rel}","templated":true}]}}