{"id":737365,"date":"2026-08-29T18:07:33","date_gmt":"2026-08-29T18:07:33","guid":{"rendered":"https:\/\/www.europesays.com\/es\/737365\/"},"modified":"2026-08-29T18:07:33","modified_gmt":"2026-08-29T18:07:33","slug":"un-hombre-resulta-herido-grave-tras-un-accidente-en-una-montana-rusa-del-parque-warner-de-madrid","status":"publish","type":"post","link":"https:\/\/www.europesays.com\/es\/737365\/","title":{"rendered":"Un hombre resulta herido grave tras un accidente en una monta\u00f1a rusa del parque Warner de Madrid"},"content":{"rendered":"<p class=\"article-text\">\n        Un hombre de 49 a\u00f1os ha resultado herido potencialmente grave este s\u00e1bado en una monta\u00f1a rusa en el Parque Warner ubicado en la localidad de San Mart\u00edn de la Vega.\n    <\/p>\n<p class=\"article-text\">\n        El incidente se ha producido en la atracci\u00f3n conocida como Batman Gotham City Escape, una monta\u00f1a rusa de 45 metros de altura que se convirti\u00f3 en la primera atracci\u00f3n multi-launch (o de lanzamientos m\u00faltiples) de Espa\u00f1a con su puesta en funcionamiento en 2023.\n    <\/p>\n<p class=\"article-text\">\n        En concreto, propone un viaje narrativo por la historia de Batman narrado en una ca\u00edda de 98 grados a 45 metros de altura, con m\u00faltiples giros completos y lanzamientos a m\u00e1s de 100 kil\u00f3metros por hora en unos pocos segundos.\n    <\/p>\n<p class=\"article-text\">\n        El hombre ha sufrido una fractura abierta en la pierna izquierda, as\u00ed como otra cerrada en la pierna derecha, seg\u00fan han informado a Europa Press fuentes de Emergencias 112 Comunidad de Madrid.\n    <\/p>\n<p class=\"article-text\">\n        Desde la direcci\u00f3n del parque de atracciones han apuntado que la monta\u00f1a rusa se detuvo inmediatamente y se activaron los procedimientos de emergencia, facilitando que la persona afectada fuera atendida por los equipos de emergencias.\n    <\/p>\n<p class=\"article-text\">\n        Tras recibir una primera asistencia en el lugar, el herido ha sido evacuado en helic\u00f3ptero hasta el Hospital 12 de Octubre, donde ha ingresado con pron\u00f3stico potencialmente grave para una valoraci\u00f3n m\u00e1s exhaustiva.\n    <\/p>\n<p class=\"article-text\">\n        Tambi\u00e9n han acudido agentes de la Guardia Civil y de la Polic\u00eda Local. Desde el Parque Warner han apuntado que la monta\u00f1a rusa permanece cerrada mientras se revisa el incidente en coordinaci\u00f3n con las autoridades.\n    <\/p>\n<p>    <a href=\"https:\/\/www.eldiario.es\/madrid\/somos\/platillo-volante-estrella-voladora-seis-decadas-parque-atracciones-madrid-cambiar-manos_1_13387575.html\" data-mrf-recirculation=\"saber-mas-abajo\" data-dl-event=\"saber-mas-abajo\" rel=\"nofollow noopener\" target=\"_blank\"><\/p>\n<p class=\"know-more__title\">Del platillo volante a la estrella voladora: las seis d\u00e9cadas del Parque de Atracciones de Madrid antes de cambiar de manos\n<\/p>\n<p>            <img decoding=\"async\" class=\"lazy\" loading=\"lazy\" data-src=\"https:\/\/static.eldiario.es\/clip\/b2ba188e-b46d-4dc4-994e-2870ef6c4bab_16-9-aspect-ratio_default_0.jpg\" src=\"data:image\/svg+xml,%3Csvg xmlns=\" http:=\"\" viewbox=\"0 0 880 495\" alt=\"Del platillo volante a la estrella voladora: las seis d\u00e9cadas del Parque de Atracciones de Madrid antes de cambiar de manos\"\/><\/p>\n<p>                        <\/a><\/p>\n<p class=\"article-text\">\n        Juan Jos\u00e9 Molina, que se encontraba en el parque en ese momento, hacia las 14.30 horas, ha explicado a Europa Press que tras el incidente \u201chab\u00eda gente llorando y con crisis de ansiedad\u201d. Seg\u00fan ha detallado, el resto del parque funcionaba con normalidad tras el incidente.\n    <\/p>\n","protected":false},"excerpt":{"rendered":"Un hombre de 49 a\u00f1os ha resultado herido potencialmente grave este s\u00e1bado en una monta\u00f1a rusa en el&hellip;\n","protected":false},"author":2,"featured_media":737366,"comment_status":"","ping_status":"","sticky":false,"template":"","format":"standard","meta":{"footnotes":""},"categories":[5],"tags":[4205,17,18,25,24,13,14,12050,11,53,366,19,20,205,5329,9,10,15,16,5993,8627,23032,23,12,21,22,8968],"class_list":["post-737365","post","type-post","status-publish","format-standard","has-post-thumbnail","category-titulares","tag-accidente","tag-breaking-news","tag-breakingnews","tag-es","tag-espana","tag-featured-news","tag-featurednews","tag-grave","tag-headlines","tag-herido","tag-hombre","tag-latest-news","tag-latestnews","tag-madrid","tag-montana","tag-news","tag-noticias","tag-noticias-destacadas","tag-noticiasdestacadas","tag-parque","tag-resulta","tag-rusa","tag-spain","tag-titulares","tag-ultimas-noticias","tag-ultimasnoticias","tag-warner"],"share_on_mastodon":{"url":"https:\/\/pubeurope.com\/@es\/117180133646118607","error":""},"_links":{"self":[{"href":"https:\/\/www.europesays.com\/es\/wp-json\/wp\/v2\/posts\/737365","targetHints":{"allow":["GET"]}}],"collection":[{"href":"https:\/\/www.europesays.com\/es\/wp-json\/wp\/v2\/posts"}],"about":[{"href":"https:\/\/www.europesays.com\/es\/wp-json\/wp\/v2\/types\/post"}],"author":[{"embeddable":true,"href":"https:\/\/www.europesays.com\/es\/wp-json\/wp\/v2\/users\/2"}],"replies":[{"embeddable":true,"href":"https:\/\/www.europesays.com\/es\/wp-json\/wp\/v2\/comments?post=737365"}],"version-history":[{"count":0,"href":"https:\/\/www.europesays.com\/es\/wp-json\/wp\/v2\/posts\/737365\/revisions"}],"wp:featuredmedia":[{"embeddable":true,"href":"https:\/\/www.europesays.com\/es\/wp-json\/wp\/v2\/media\/737366"}],"wp:attachment":[{"href":"https:\/\/www.europesays.com\/es\/wp-json\/wp\/v2\/media?parent=737365"}],"wp:term":[{"taxonomy":"category","embeddable":true,"href":"https:\/\/www.europesays.com\/es\/wp-json\/wp\/v2\/categories?post=737365"},{"taxonomy":"post_tag","embeddable":true,"href":"https:\/\/www.europesays.com\/es\/wp-json\/wp\/v2\/tags?post=737365"}],"curies":[{"name":"wp","href":"https:\/\/api.w.org\/{rel}","templated":true}]}}