{"id":737393,"date":"2026-08-29T18:30:29","date_gmt":"2026-08-29T18:30:29","guid":{"rendered":"https:\/\/www.europesays.com\/es\/737393\/"},"modified":"2026-08-29T18:30:29","modified_gmt":"2026-08-29T18:30:29","slug":"muere-a-los-82-anos-carlos-espinosa-de-los-monteros-el-primer-alto-comisionado-para-la-marca-espana-economia","status":"publish","type":"post","link":"https:\/\/www.europesays.com\/es\/737393\/","title":{"rendered":"Muere a los 82 a\u00f1os Carlos Espinosa de los Monteros, el primer Alto Comisionado para la Marca Espa\u00f1a | Econom\u00eda"},"content":{"rendered":"<p class=\"\">Carlos Espinosa de los Monteros, uno de los directivos con una carrera profesional m\u00e1s dilatada en el tiempo, ha fallecido esta ma\u00f1ana en Madrid a los 82 a\u00f1os. Nacido en la capital espa\u00f1ola el 18 de marzo de 1944, era hijo de Francisco Javier Espinosa de los Monteros y Herreros de Tejada, tercer marqu\u00e9s de Valtierra, y de Galinda Bernaldo de Quir\u00f3s y Alcal\u00e1-Galiano. Estaba casado desde 1970 con Mar\u00eda Eugenia de Sim\u00f3n y Vallarino, con quien tuvo cinco hijos (Iv\u00e1n, exdirigente de Vox, Yago, Beltr\u00e1n, Eugenia y Silvia). <\/p>\n<p class=\"\">Licenciado en Derecho por la Universidad Complutense en 1965 y en Direcci\u00f3n de Empresas en ICADE en 1966, logr\u00f3 plaza como T\u00e9cnico Comercial del Estado en 1969. A partir de esa fecha inici\u00f3 una prolija carrera laboral en la que<a href=\"https:\/\/transparencia.gob.es\/servicios-buscador\/contenido\/curriculums.htm?id=CV_3486&amp;lang=es&amp;fcAct=Mon+Sep+27+10%3A15%3A55+CEST+2021\" target=\"_blank\" rel=\"nofollow noopener\" title=\"https:\/\/transparencia.gob.es\/servicios-buscador\/contenido\/curriculums.htm?id=CV_3486&amp;lang=es&amp;fcAct=Mon+Sep+27+10%3A15%3A55+CEST+2021\"> altern\u00f3 la funci\u00f3n p\u00fablica con el trabajo en la empresa privada<\/a>. Ocup\u00f3 el puesto de Consejero en la Oficina Comercial de Espa\u00f1a en Chicago durante cuatro a\u00f1os (1972-76). Posteriormente fue nombrado director comercial del Instituto Nacional de Industria (1976-79) y vicepresidente del Instituto Nacional de Industria (1979-82). El primer salto al sector privado tuvo lugar en 1982, cuando ocup\u00f3 la presidencia de Iberia y Aviaco durante tres a\u00f1os. Espinosa de los Monteros dise\u00f1\u00f3 el plan de reconversi\u00f3n de Iberia, que permiti\u00f3 dejar a cero en tres a\u00f1os las multimillonarias p\u00e9rdidas de la aerol\u00ednea (30.000 millones de pesetas, 180 millones de euros al cambio actual).<\/p>\n<p class=\"\">En 1988 inici\u00f3 su trabajo m\u00e1s largo en el tiempo, que le llev\u00f3 a estar once a\u00f1os como presidente y consejero delegado de Mercedes Benz en Espa\u00f1a, per\u00edodo en el que lider\u00f3 la reconversi\u00f3n de la f\u00e1brica de furgonetas en Vitoria, con una inversi\u00f3n cercana a los 1.000 millones de euros. Ese cargo lo compatibiliz\u00f3 con <a href=\"https:\/\/elpais.com\/diario\/1996\/04\/23\/espana\/830210402_850215.html\" target=\"_blank\" rel=\"nofollow noopener\" title=\"https:\/\/elpais.com\/diario\/1996\/04\/23\/espana\/830210402_850215.html\">la presidencia del C\u00edrculo de Empresarios<\/a>, cargo que ocup\u00f3 entre 1992 y 2000. Tambi\u00e9n desempe\u00f1\u00f3 la presidencia de Gonz\u00e1lez Byass, Daimler Chrysler y Fraternidad-Muprespa.<\/p>\n<p class=\"\">Pero quiz\u00e1 por el cargo que es m\u00e1s recordado es de <a href=\"https:\/\/elpais.com\/politica\/2017\/08\/16\/actualidad\/1502905530_107257.html\" target=\"_blank\" rel=\"nofollow noopener\" title=\"https:\/\/elpais.com\/politica\/2017\/08\/16\/actualidad\/1502905530_107257.html\">Alto Comisionado del Gobierno para la Marca Espa\u00f1a<\/a>. Espinosa de los Monteros fue la primera persona designada para realizar esa labor, que desempe\u00f1\u00f3 durante las dos legislaturas presididas por Mariano Rajoy. <\/p>\n<p class=\"\">El ex secretario general de Vox, Javier Ortega Smith, lament\u00f3 la muerte de Espinosa de los Monteros, a qui\u00e9n defini\u00f3 como \u201cun gran padre, una gran persona, un patriota y un extraordinario profesional\u201d. En un mensaje en la red social X recogido por Europa Press, Ortega Smith pidi\u00f3 una oraci\u00f3n por \u00e9l. \u201cAunque estoy seguro de que ya estar\u00e1 en el cielo\u201d.<\/p>\n<p class=\"\">Por su parte, la fundaci\u00f3n Atenea, vinculada a su hijo Iv\u00e1n Espinosa de los Monteros, traslad\u00f3 tambi\u00e9n sus condolencias y destac\u00f3 la trayectoria del fallecido como \u201duna figura ejemplar, cuya trayectoria, profesionalidad y compromiso dejan una huella imborrable y cuyo legado permanecer\u00e1 vivo en quienes tuvieron la fortuna de compartir camino con \u00e9l\u201d.<\/p>\n","protected":false},"excerpt":{"rendered":"Carlos Espinosa de los Monteros, uno de los directivos con una carrera profesional m\u00e1s dilatada en el tiempo,&hellip;\n","protected":false},"author":2,"featured_media":737394,"comment_status":"","ping_status":"","sticky":false,"template":"","format":"standard","meta":{"footnotes":""},"categories":[8],"tags":[130889,17,18,130888,130890,95,25,24,13,14,130891,11,13675,19,20,10317,30795,9,10,15,16,23,12,21,22,624],"class_list":["post-737393","post","type-post","status-publish","format-standard","has-post-thumbnail","category-espana","tag-aviaco","tag-breaking-news","tag-breakingnews","tag-carlos-espinosa-de-los-monteros","tag-chrysler-espana","tag-economia","tag-es","tag-espana","tag-featured-news","tag-featurednews","tag-gonzalez-byass","tag-headlines","tag-iberia","tag-latest-news","tag-latestnews","tag-mariano-rajoy","tag-mercedes-benz","tag-news","tag-noticias","tag-noticias-destacadas","tag-noticiasdestacadas","tag-spain","tag-titulares","tag-ultimas-noticias","tag-ultimasnoticias","tag-vox"],"share_on_mastodon":{"url":"https:\/\/pubeurope.com\/@es\/117180224488951629","error":""},"_links":{"self":[{"href":"https:\/\/www.europesays.com\/es\/wp-json\/wp\/v2\/posts\/737393","targetHints":{"allow":["GET"]}}],"collection":[{"href":"https:\/\/www.europesays.com\/es\/wp-json\/wp\/v2\/posts"}],"about":[{"href":"https:\/\/www.europesays.com\/es\/wp-json\/wp\/v2\/types\/post"}],"author":[{"embeddable":true,"href":"https:\/\/www.europesays.com\/es\/wp-json\/wp\/v2\/users\/2"}],"replies":[{"embeddable":true,"href":"https:\/\/www.europesays.com\/es\/wp-json\/wp\/v2\/comments?post=737393"}],"version-history":[{"count":0,"href":"https:\/\/www.europesays.com\/es\/wp-json\/wp\/v2\/posts\/737393\/revisions"}],"wp:featuredmedia":[{"embeddable":true,"href":"https:\/\/www.europesays.com\/es\/wp-json\/wp\/v2\/media\/737394"}],"wp:attachment":[{"href":"https:\/\/www.europesays.com\/es\/wp-json\/wp\/v2\/media?parent=737393"}],"wp:term":[{"taxonomy":"category","embeddable":true,"href":"https:\/\/www.europesays.com\/es\/wp-json\/wp\/v2\/categories?post=737393"},{"taxonomy":"post_tag","embeddable":true,"href":"https:\/\/www.europesays.com\/es\/wp-json\/wp\/v2\/tags?post=737393"}],"curies":[{"name":"wp","href":"https:\/\/api.w.org\/{rel}","templated":true}]}}