{"id":737401,"date":"2026-08-29T18:39:22","date_gmt":"2026-08-29T18:39:22","guid":{"rendered":"https:\/\/www.europesays.com\/es\/737401\/"},"modified":"2026-08-29T18:39:22","modified_gmt":"2026-08-29T18:39:22","slug":"la-aficion-ya-enciende-al-palencia-baloncesto","status":"publish","type":"post","link":"https:\/\/www.europesays.com\/es\/737401\/","title":{"rendered":"La afici\u00f3n ya enciende al Palencia Baloncesto"},"content":{"rendered":"<p style=\"\">El Palencia Baloncesto todav\u00eda no ha disputado su primer partido de pretemporada, pero la afici\u00f3n ya ha empezado a demostrar que est\u00e1 preparada para acompa\u00f1ar  &#8230; al equipo desde el primer d\u00eda. El conjunto morado abri\u00f3 este viernes las puertas del Pabell\u00f3n Municipal para celebrar uno de sus entrenamientos y la respuesta volvi\u00f3 a reflejar la expectaci\u00f3n que rodea al inicio de la nueva temporada. Numerosos aficionados, entre ellos muchos ni\u00f1os y j\u00f3venes, se acercaron a las instalaciones para seguir de cerca la sesi\u00f3n, conocer a las nuevas incorporaciones y volver a sentir el ambiente que rodea al baloncesto palentino.<\/p>\n<p class=\"v-d-p\" style=\"\">La jornada se celebr\u00f3 a apenas un d\u00eda del primer compromiso de preparaci\u00f3n de los de Natxo Lezkano, que recibir\u00e1n este s\u00e1bado al Leyma Coru\u00f1a en el Pabell\u00f3n Municipal. Antes de ese estreno sobre la pista, el equipo quiso compartir uno de sus \u00faltimos entrenamientos de la semana con una masa social que volvi\u00f3 a responder a la llamada y sigui\u00f3 con atenci\u00f3n el trabajo de la plantilla.<\/p>\n<p class=\"v-d-p\" style=\"\">La presencia de los aficionados convirti\u00f3 una sesi\u00f3n habitual de pretemporada en una ma\u00f1ana diferente. Los seguidores pudieron observar los ejercicios dise\u00f1ados por el cuerpo t\u00e9cnico, los primeros automatismos del nuevo equipo y el trabajo de los jugadores en una preparaci\u00f3n que todav\u00eda se encuentra en sus primeras fases. Tambi\u00e9n tuvieron la oportunidad de acercarse a los protagonistas del <a href=\"https:\/\/www.elnortedecastilla.es\/palencia\/jornada-puertas-abiertas-palencia-baloncesto-20260828153538-ga.html\" target=\"_blank\" data-voc-vtm-id=\"in-text-traffic\" data-mrf-link=\"www.elnortedecastilla.es\" rel=\"nofollow noopener\">Palencia Baloncesto<\/a> y conocer de cerca a una plantilla que presenta numerosas novedades respecto al pasado curso.<\/p>\n<p class=\"v-d-p\" style=\"\">Natxo Lezkano no ocult\u00f3 su satisfacci\u00f3n por la respuesta de los seguidores. \u00abUna jornada bonita con la afici\u00f3n y sentir su ilusi\u00f3n. Es una gozada. No esper\u00e1bamos tanta gente y la respuesta de los aficionados ha sido mucho mejor de la que esper\u00e1bamos\u00bb, reconoci\u00f3 el t\u00e9cnico.<\/p>\n<p class=\"v-d-p\" style=\"\">Para el entrenador de Portugalete, este tipo de iniciativas adquiere adem\u00e1s una importancia especial en un verano de profundos cambios dentro de la plantilla. El grupo cuenta con numerosos jugadores que llegan por primera vez a la ciudad y que han podido comprobar desde el primer momento el v\u00ednculo existente entre el equipo y sus seguidores.<\/p>\n<p class=\"v-d-p\" style=\"\">\u00abTambi\u00e9n est\u00e1 bien para que los nuevos vean que este es un sitio especial, que aqu\u00ed se nos quiere mucho y que hay mucha gente pendiente de lo que hacemos\u00bb, explic\u00f3 Lezkano. Un mensaje que conecta con una de las principales singularidades del proyecto palentino y con una realidad que muchos de los reci\u00e9n llegados ya hab\u00edan destacado durante sus primeros d\u00edas en la ciudad. \u00abNos demuestran que nos van a apoyar desde el minuto menos uno, como ahora\u00bb, a\u00f1adi\u00f3.<\/p>\n<p class=\"v-d-p\" style=\"\">Uno de los jugadores que mejor conoce esa relaci\u00f3n es Tobias Borg. El escolta sueco afronta su primera temporada como capit\u00e1n del Palencia Baloncesto despu\u00e9s de convertirse en uno de los integrantes que contin\u00faa respecto al bloque de la pasada campa\u00f1a. \u00abEsto es lo que tiene la afici\u00f3n de Palencia, ellos son as\u00ed. Cada d\u00eda me sorprende un poco m\u00e1s lo buenos aficionados que son\u00bb, se\u00f1al\u00f3 el nuevo capit\u00e1n, que volver\u00e1 a ejercer como uno de los principales enlaces entre el vestuario y el entorno que rodea al equipo.<\/p>\n<p class=\"v-d-p\" style=\"\">La plantilla se encuentra todav\u00eda en pleno proceso de adaptaci\u00f3n a los sistemas de Lezkano y de construcci\u00f3n de los mecanismos colectivos, aunque el entrenador se mostr\u00f3 satisfecho con la actitud que est\u00e1n demostrando sus jugadores. \u00abEl equipo est\u00e1 encontr\u00e1ndose bien. La predisposici\u00f3n de los jugadores es muy buena y la actitud, de momento, es excelente\u00bb, explic\u00f3 el t\u00e9cnico.<\/p>\n<p class=\"v-d-p\" style=\"\">\u00abTenemos los t\u00edpicos problemas f\u00edsicos de la pretemporada, de sobrecargas y dem\u00e1s, que tenemos que ir regulando, pero a nivel general el trabajo est\u00e1 siendo bueno\u00bb, apunt\u00f3 Lezkano. El entrenador deber\u00e1 continuar dosificando los esfuerzos durante las pr\u00f3ximas jornadas para evitar que esas molestias habituales se conviertan en problemas mayores antes del inicio de la competici\u00f3n oficial.<\/p>\n<p class=\"v-d-p\" style=\"\">Una de las situaciones que contin\u00faa siguiendo con especial atenci\u00f3n el cuerpo t\u00e9cnico es la recuperaci\u00f3n de Tobias Borg. El sueco particip\u00f3 en la jornada abierta y contin\u00faa avanzando en su regreso despu\u00e9s de la lesi\u00f3n de mu\u00f1eca sufrida durante el verano. Su evoluci\u00f3n est\u00e1 siendo positiva y el propio jugador conf\u00eda en poder acercarse progresivamente a su vuelta a las pistas.<\/p>\n<p class=\"v-d-p\" style=\"\">Su recuperaci\u00f3n ser\u00e1 especialmente importante en una temporada en la que asumir\u00e1 una nueva responsabilidad dentro del vestuario. Borg ser\u00e1 el capit\u00e1n del Palencia Baloncesto, un papel que afronta con naturalidad y sin intenci\u00f3n de modificar su forma de ser dentro del grupo. \u00abPara m\u00ed ser capit\u00e1n no hace que sea muy diferente a las anteriores temporadas. Quiero ser la misma persona y el mismo jugador\u00bb, se\u00f1al\u00f3. El sueco entiende su funci\u00f3n principalmente como un puente entre el cuerpo t\u00e9cnico y los jugadores, especialmente en un curso en el que muchos integrantes aterrizan por primera vez en Palencia. \u00abSolo voy a ser esa conexi\u00f3n entre el entrenador y los jugadores, especialmente con los nuevos. Es una responsabilidad que me gusta asumir\u00bb, a\u00f1adi\u00f3.<\/p>\n<p class=\"v-d-p\" style=\"\">La ma\u00f1ana tuvo adem\u00e1s un importante componente solidario. Coincidiendo con la presencia del autob\u00fas del Centro de Hemoterapia y Hemodonaci\u00f3n de Castilla y Le\u00f3n en la fachada del Pabell\u00f3n Municipal, los jugadores y el cuerpo t\u00e9cnico se acercaron antes del entrenamiento para fotografiarse junto a los profesionales sanitarios y respaldar una campa\u00f1a que ha unido durante toda la semana el deporte y la donaci\u00f3n de sangre.<\/p>\n<p>\n600 donaciones de sangre\n<\/p>\n<p class=\"v-d-p\" style=\"\">La iniciativa ha registrado un total de 600 donaciones durante la campa\u00f1a, una cifra que refleja la respuesta de los palentinos a una acci\u00f3n desarrollada en colaboraci\u00f3n con el club. Cada una de esas donaciones ha sido premiada con dos entradas para el primer partido de pretemporada del Palencia Baloncesto, lo que supone un total de 1.200 localidades repartidas para el encuentro frente al Leyma Coru\u00f1a.<\/p>\n<p class=\"v-d-p\" style=\"\">El Palencia Baloncesto pondr\u00e1 este s\u00e1bado a prueba por primera vez el trabajo realizado durante estas primeras sesiones de trabajo. El Leyma Coru\u00f1a ser\u00e1 el primer rival de un equipo que contin\u00faa construy\u00e9ndose sobre la pista y que, antes incluso de disputar un minuto de competici\u00f3n, ya ha recibido una nueva demostraci\u00f3n de apoyo desde la grada.<\/p>\n","protected":false},"excerpt":{"rendered":"El Palencia Baloncesto todav\u00eda no ha disputado su primer partido de pretemporada, pero la afici\u00f3n ya ha empezado&hellip;\n","protected":false},"author":2,"featured_media":737402,"comment_status":"","ping_status":"","sticky":false,"template":"","format":"standard","meta":{"footnotes":""},"categories":[269],"tags":[3437,299,298,168,20791,25,24,6442,23,167],"class_list":["post-737401","post","type-post","status-publish","format-standard","has-post-thumbnail","category-baloncesto","tag-aficion","tag-baloncesto","tag-basketball","tag-deportes","tag-enciende","tag-es","tag-espana","tag-palencia","tag-spain","tag-sports"],"share_on_mastodon":{"url":"https:\/\/pubeurope.com\/@es\/117180259933179303","error":""},"_links":{"self":[{"href":"https:\/\/www.europesays.com\/es\/wp-json\/wp\/v2\/posts\/737401","targetHints":{"allow":["GET"]}}],"collection":[{"href":"https:\/\/www.europesays.com\/es\/wp-json\/wp\/v2\/posts"}],"about":[{"href":"https:\/\/www.europesays.com\/es\/wp-json\/wp\/v2\/types\/post"}],"author":[{"embeddable":true,"href":"https:\/\/www.europesays.com\/es\/wp-json\/wp\/v2\/users\/2"}],"replies":[{"embeddable":true,"href":"https:\/\/www.europesays.com\/es\/wp-json\/wp\/v2\/comments?post=737401"}],"version-history":[{"count":0,"href":"https:\/\/www.europesays.com\/es\/wp-json\/wp\/v2\/posts\/737401\/revisions"}],"wp:featuredmedia":[{"embeddable":true,"href":"https:\/\/www.europesays.com\/es\/wp-json\/wp\/v2\/media\/737402"}],"wp:attachment":[{"href":"https:\/\/www.europesays.com\/es\/wp-json\/wp\/v2\/media?parent=737401"}],"wp:term":[{"taxonomy":"category","embeddable":true,"href":"https:\/\/www.europesays.com\/es\/wp-json\/wp\/v2\/categories?post=737401"},{"taxonomy":"post_tag","embeddable":true,"href":"https:\/\/www.europesays.com\/es\/wp-json\/wp\/v2\/tags?post=737401"}],"curies":[{"name":"wp","href":"https:\/\/api.w.org\/{rel}","templated":true}]}}