{"id":73742,"date":"2025-08-26T15:43:16","date_gmt":"2025-08-26T15:43:16","guid":{"rendered":"https:\/\/www.europesays.com\/es\/73742\/"},"modified":"2025-08-26T15:43:16","modified_gmt":"2025-08-26T15:43:16","slug":"clasica-muro-geraardsbergen-recorrido-y-perfil-2025","status":"publish","type":"post","link":"https:\/\/www.europesays.com\/es\/73742\/","title":{"rendered":"Cl\u00e1sica Muro Geraardsbergen: Recorrido y perfil 2025"},"content":{"rendered":"<p>\u00a0<\/p>\n<p><a href=\"https:\/\/www.ciclo21.com\/wp-content\/uploads\/2025\/08\/logo-wit.jpg\" rel=\"nofollow noopener\" target=\"_blank\"><img fetchpriority=\"high\" decoding=\"async\" aria-describedby=\"caption-attachment-445288\" class=\"size-full wp-image-445288 lazy\" src=\"data:image\/svg+xml,%3Csvg%20xmlns=\" http:=\"\" data-src=\"https:\/\/www.europesays.com\/es\/wp-content\/uploads\/2025\/08\/logo-wit.jpg.webp.webp\" alt=\"\" width=\"403\" height=\"144\" data- data-\/><\/a><\/p>\n<p id=\"caption-attachment-445288\" class=\"wp-caption-text\">Logo Cl\u00e1sica Muro Geraardsbergen<\/p>\n<p><strong>Redacci\u00f3n \/ <a href=\"https:\/\/www.ciclo21.com\/\" target=\"_blank\" rel=\"noopener nofollow\">Ciclo 21<\/a><\/strong><\/p>\n<p style=\"text-align: justify;\"><strong>Sabor a primavera del norte con la Cl\u00e1sica del Muro de Geraardsbergen 2025<\/strong>. Ascendida el a\u00f1o pasado a la <strong>categor\u00eda UCI 1.1<\/strong>, la prueba belga se disputar\u00e1 el <strong>mi\u00e9rcoles 27 de agosto en torno a la ciudad de Geraardsberge<\/strong>n y propondr\u00e1 a los corredores varios de los c\u00e9lebres muros de la regi\u00f3n, incluido el m\u00edtico Muur, que se afronta pasando precisamente por la localidad de salida y llegada. Esta <strong>exigente subida \u20141.100 metros adoquinados al 7,8% de pendiente media y rampas m\u00e1ximas del 18,5%\u2014 deber\u00e1 escalarse en tres ocasiones<\/strong> dentro de los seis giros que conforman el circuito de la carrera. En las dos primeras vueltas, el paso por el Kapelmuur se evitar\u00e1 sustituy\u00e9ndolo por el Oude Steenweg (adoquinado, 1,1 km al 7,8% de media y rampas hasta el 11%).<\/p>\n<p style=\"text-align: justify;\"><strong>En todas las vueltas estar\u00e1n presentes adem\u00e1s el Parikeberg (1 km al 4,2%, m\u00e1x. 10%) y el Denderoordberg (1 km empedrado al 5,5%, m\u00e1x. 9%)<\/strong>. Este \u00faltimo, clave en el desarrollo de la prueba, se superar\u00e1 por \u00faltima vez a tan solo 5 kil\u00f3metros de la l\u00ednea de meta, lo que promete un final explosivo y abierto a ataques de \u00faltimo momento. Una cl\u00e1sica corta pero intensa que reproduce al detalle la esencia del ciclismo flamenco y que volver\u00e1 a reunir a especialistas de los muros y del pav\u00e9 en busca de la gloria en Geraardsbergen.<\/p>\n<p><strong>RECORRIDO Y PERFIL<\/strong><\/p>\n<p><a href=\"https:\/\/www.ciclo21.com\/wp-content\/uploads\/2025\/08\/Muur-Classic-Geraardsbergen-2025.jpg\" rel=\"nofollow noopener\" target=\"_blank\"><img loading=\"lazy\" decoding=\"async\" aria-describedby=\"caption-attachment-445289\" class=\"size-full wp-image-445289 lazy\" src=\"data:image\/svg+xml,%3Csvg%20xmlns=\" http:=\"\" data-src=\"https:\/\/www.europesays.com\/es\/wp-content\/uploads\/2025\/08\/Muur-Classic-Geraardsbergen-2025.jpg.webp.webp\" alt=\"\" width=\"1600\" height=\"1130\" data- data-\/><\/a><\/p>\n<p id=\"caption-attachment-445289\" class=\"wp-caption-text\">Recorrido y perfil (c) Muur-Classic-Geraardsbergen \/ Procyclingmaps<\/p>\n<p><strong>PALMAR\u00c9S<\/strong><\/p>\n","protected":false},"excerpt":{"rendered":"\u00a0 Logo Cl\u00e1sica Muro Geraardsbergen Redacci\u00f3n \/ Ciclo 21 Sabor a primavera del norte con la Cl\u00e1sica del&hellip;\n","protected":false},"author":2,"featured_media":73743,"comment_status":"","ping_status":"","sticky":false,"template":"","format":"standard","meta":{"footnotes":""},"categories":[273],"tags":[45,313,28902,312,168,25,24,28903,23,167],"class_list":{"0":"post-73742","1":"post","2":"type-post","3":"status-publish","4":"format-standard","5":"has-post-thumbnail","7":"category-ciclismo","8":"tag-45","9":"tag-ciclismo","10":"tag-clasica-muro-geraardsbergen","11":"tag-cycling","12":"tag-deportes","13":"tag-es","14":"tag-espana","15":"tag-muur-classic-geraardsbergen","16":"tag-spain","17":"tag-sports"},"share_on_mastodon":{"url":"","error":""},"_links":{"self":[{"href":"https:\/\/www.europesays.com\/es\/wp-json\/wp\/v2\/posts\/73742","targetHints":{"allow":["GET"]}}],"collection":[{"href":"https:\/\/www.europesays.com\/es\/wp-json\/wp\/v2\/posts"}],"about":[{"href":"https:\/\/www.europesays.com\/es\/wp-json\/wp\/v2\/types\/post"}],"author":[{"embeddable":true,"href":"https:\/\/www.europesays.com\/es\/wp-json\/wp\/v2\/users\/2"}],"replies":[{"embeddable":true,"href":"https:\/\/www.europesays.com\/es\/wp-json\/wp\/v2\/comments?post=73742"}],"version-history":[{"count":0,"href":"https:\/\/www.europesays.com\/es\/wp-json\/wp\/v2\/posts\/73742\/revisions"}],"wp:featuredmedia":[{"embeddable":true,"href":"https:\/\/www.europesays.com\/es\/wp-json\/wp\/v2\/media\/73743"}],"wp:attachment":[{"href":"https:\/\/www.europesays.com\/es\/wp-json\/wp\/v2\/media?parent=73742"}],"wp:term":[{"taxonomy":"category","embeddable":true,"href":"https:\/\/www.europesays.com\/es\/wp-json\/wp\/v2\/categories?post=73742"},{"taxonomy":"post_tag","embeddable":true,"href":"https:\/\/www.europesays.com\/es\/wp-json\/wp\/v2\/tags?post=73742"}],"curies":[{"name":"wp","href":"https:\/\/api.w.org\/{rel}","templated":true}]}}