{"id":737425,"date":"2026-08-29T19:04:12","date_gmt":"2026-08-29T19:04:12","guid":{"rendered":"https:\/\/www.europesays.com\/es\/737425\/"},"modified":"2026-08-29T19:04:12","modified_gmt":"2026-08-29T19:04:12","slug":"el-cn-almeria-se-estrena-con-exito-en-tenis-en-feria-con-la-primera-edicion-de-su-torneo-2","status":"publish","type":"post","link":"https:\/\/www.europesays.com\/es\/737425\/","title":{"rendered":"El CN Almer\u00eda se estrena con \u00e9xito en tenis en Feria con la primera edici\u00f3n de su torneo"},"content":{"rendered":"<p style=\"\">El Club Nataci\u00f3n Almer\u00eda se ha estrenado con \u00e9xito en la programaci\u00f3n deportiva de la Feria de Almer\u00eda con la celebraci\u00f3n, el pasado s\u00e1bado, de  &#8230; la primera edici\u00f3n de su Torneo de Feria de Tenis, una cita que reuni\u00f3 a medio centenar de participantes y que permiti\u00f3 disfrutar de una jornada de competici\u00f3n y convivencia en las instalaciones del club. El torneo cont\u00f3 con la presencia del concejal de Ciudad Activa, Movilidad Urbana y Deporte, Antonio Casimiro, que acompa\u00f1\u00f3 a jugadores y responsables de la entidad durante el desarrollo de la actividad.<\/p>\n<p class=\"v-d-p\" style=\"\">La competici\u00f3n tuvo como juez \u00e1rbitro a Paco Torres, encargado de velar por el correcto desarrollo de los partidos en una jornada marcada por el buen ambiente y la participaci\u00f3n. La primera edici\u00f3n del torneo supone, adem\u00e1s, un nuevo impulso para la apuesta del Club Nataci\u00f3n Almer\u00eda por el tenis, una de las disciplinas deportivas que forman parte de la amplia oferta de la entidad junto a la nataci\u00f3n, el p\u00e1del y el f\u00fatbol.<\/p>\n<p class=\"v-d-p\" style=\"\">El torneo se desarroll\u00f3 en las renovadas pistas de tenis del club, que han sido recientemente remozadas y que permiten al CN Almer\u00eda disponer actualmente de diez pistas, seis de ellas con superficie GreenSet y otras cuatro de tierra batida. Una mejora de las instalaciones que refuerza la capacidad del club para acoger entrenamientos, competiciones y actividades deportivas durante todo el a\u00f1o.<\/p>\n<p class=\"v-d-p\" style=\"\">El concejal de Ciudad Activa, Movilidad Urbana y Deporte, Antonio Casimiro, destac\u00f3 la importancia de que los clubes deportivos de la ciudad se incorporen a la programaci\u00f3n de Feria con propuestas que combinan competici\u00f3n, participaci\u00f3n y convivencia, y puso en valor la excelente labor del CN Almer\u00eda.<\/p>\n<p class=\"v-d-p\" style=\"\">Por su parte, el presidente del Club Nataci\u00f3n Almer\u00eda, Jos\u00e9 Luis Romero, subray\u00f3 la satisfacci\u00f3n de la entidad por la respuesta obtenida en esta primera edici\u00f3n y se\u00f1al\u00f3 que el torneo representa una muestra del crecimiento que est\u00e1 experimentando el tenis dentro del club. Jos\u00e9 Luis Romero afirma que \u00abtenemos 4.000 socios, que disfrutan del deporte y las amplias instalaciones, que seguimos ampliando y modernizando para ofrecer una oferta deportiva cada vez m\u00e1s completa\u00bb.<\/p>\n<p class=\"v-d-p\" style=\"\">La jornada dej\u00f3 un gran ambiente en las pistas, con los participantes como protagonistas de una jornada deportiva que permiti\u00f3 unir el esp\u00edritu competitivo propio de un torneo con el car\u00e1cter festivo y de convivencia de la Feria de Almer\u00eda. El \u00e9xito de participaci\u00f3n de esta primera edici\u00f3n ha hecho que el Clun Nataci\u00f3n Almer\u00eda se plantee la continuidad, con vocaci\u00f3n de convertirse en una de las actividades deportivas habituales de la Feria.<\/p>\n","protected":false},"excerpt":{"rendered":"El Club Nataci\u00f3n Almer\u00eda se ha estrenado con \u00e9xito en la programaci\u00f3n deportiva de la Feria de Almer\u00eda&hellip;\n","protected":false},"author":2,"featured_media":737426,"comment_status":"","ping_status":"","sticky":false,"template":"","format":"standard","meta":{"footnotes":""},"categories":[274],"tags":[5644,168,2197,25,24,1719,4518,599,1078,23,167,327,326,775],"class_list":["post-737425","post","type-post","status-publish","format-standard","has-post-thumbnail","category-tenis","tag-almeria","tag-deportes","tag-edicion","tag-es","tag-espana","tag-estrena","tag-exito","tag-feria","tag-primera","tag-spain","tag-sports","tag-tenis","tag-tennis","tag-torneo"],"share_on_mastodon":{"url":"https:\/\/pubeurope.com\/@es\/117180358380649219","error":""},"_links":{"self":[{"href":"https:\/\/www.europesays.com\/es\/wp-json\/wp\/v2\/posts\/737425","targetHints":{"allow":["GET"]}}],"collection":[{"href":"https:\/\/www.europesays.com\/es\/wp-json\/wp\/v2\/posts"}],"about":[{"href":"https:\/\/www.europesays.com\/es\/wp-json\/wp\/v2\/types\/post"}],"author":[{"embeddable":true,"href":"https:\/\/www.europesays.com\/es\/wp-json\/wp\/v2\/users\/2"}],"replies":[{"embeddable":true,"href":"https:\/\/www.europesays.com\/es\/wp-json\/wp\/v2\/comments?post=737425"}],"version-history":[{"count":0,"href":"https:\/\/www.europesays.com\/es\/wp-json\/wp\/v2\/posts\/737425\/revisions"}],"wp:featuredmedia":[{"embeddable":true,"href":"https:\/\/www.europesays.com\/es\/wp-json\/wp\/v2\/media\/737426"}],"wp:attachment":[{"href":"https:\/\/www.europesays.com\/es\/wp-json\/wp\/v2\/media?parent=737425"}],"wp:term":[{"taxonomy":"category","embeddable":true,"href":"https:\/\/www.europesays.com\/es\/wp-json\/wp\/v2\/categories?post=737425"},{"taxonomy":"post_tag","embeddable":true,"href":"https:\/\/www.europesays.com\/es\/wp-json\/wp\/v2\/tags?post=737425"}],"curies":[{"name":"wp","href":"https:\/\/api.w.org\/{rel}","templated":true}]}}