{"id":737445,"date":"2026-08-29T19:17:19","date_gmt":"2026-08-29T19:17:19","guid":{"rendered":"https:\/\/www.europesays.com\/es\/737445\/"},"modified":"2026-08-29T19:17:19","modified_gmt":"2026-08-29T19:17:19","slug":"tamara-falco-se-adelanta-al-otono-sus-3-claves-para-vestir-ligera-y-elegante-en-estas-semanas-complicadas-de-cambios-de-temperatura","status":"publish","type":"post","link":"https:\/\/www.europesays.com\/es\/737445\/","title":{"rendered":"Tamara Falc\u00f3 se adelanta al oto\u00f1o: sus 3 claves para vestir ligera y elegante en estas semanas complicadas de cambios de temperatura"},"content":{"rendered":"<p id=\"eLdKSVviIY\" data-wc=\"153\">Si algo caracteriza a las arist\u00f3cratas es que respetan en todo momento el protocolo y llevan la sofisticaci\u00f3n por bandera, incluso en <a class=\"hm-link ho-link\" href=\"https:\/\/www.hola.com\/moda\/20260825919900\/como-vestir-en-verano-lluvia-cambio-de-tiempo-trucos\/\" data-mrf-recirculation=\"article-body-link\" rel=\"nofollow noopener\" target=\"_blank\">esos d\u00edas de lluvia y fr\u00edo repentino que te impiden ponerte la mitad de tu ropa<\/a>; eso no significa, sin embargo, que innovar se encuentre fuera de su \u00e1rea de expertise&#8230; \u00a1Lo contrario! Ellas saben qu\u00e9 <a class=\"hm-link ho-link\" href=\"https:\/\/www.hola.com\/moda\/20260824919626\/zara-leandra-medine-coleccion-armario-capsula-cambio-de-tiempo-otono\/\" data-mrf-recirculation=\"article-body-link\" rel=\"nofollow noopener\" target=\"_blank\">prendas y combinaciones propias del entretiempo<\/a> -desde las m\u00e1s cl\u00e1sicas hasta otras que parecen sacadas directamente de las pasarelas- funcionan mejor cuando se avecina el cambio de tiempo y, si sigues sus consejos, no tendr\u00e1s que recurrir al chubasquero ni hacer el cambio de armario hasta bien entrado el mes de octubre. Una evidencia de esto la encontramos en el \u00faltimo look que ha compartido en sus redes sociales<strong>\u00a0Tamara Falc\u00f3<\/strong>: un conjunto que<strong>\u00a0combina tejidos ligeros y acabados t\u00edpicos del verano<\/strong>, pero con una maestr\u00eda indudable que los hace aptos para esta nueva temporada.<\/p>\n<p>Te recomendamosSeguir leyendo<br \/>\n <img src=\"https:\/\/www.europesays.com\/es\/wp-content\/uploads\/2026\/08\/31e10af16c4f-londres.jpg\"   width=\"819\" height=\"1024\" loading=\"lazy\" decoding=\"async\" alt=\"Tamara Falc\u00f3 en Londres\" fetchpriority=\"auto\" class=\"image ho-image\"\/>\u00a9 @tamara_falcoTamara Falc\u00f3 en un viaje a Londres (2025).<br \/>\nC\u00f3mo sacar provecho a tus prendas favoritas del verano en oto\u00f1o, seg\u00fan Tamara Falc\u00f3\u00a0<\/p>\n<p id=\"e5sUMdqMm9\" data-wc=\"109\">Antes de sacar <a class=\"hm-link ho-link\" href=\"https:\/\/www.hola.com\/moda\/20260828920515\/zara-cazadora-trench-looks-que-te-salvaran-septiembre-cambio-de-tiempo\/\" data-mrf-recirculation=\"article-body-link\" rel=\"nofollow noopener\" target=\"_blank\">las cazadoras y las trench<\/a>, pensemos en toda la ropa de verano que conserva vigencia en la ciudad, sobre el asfalto: los caftanes, las faldas midi de popel\u00edn, los <a class=\"hm-link ho-link\" href=\"https:\/\/www.hola.com\/moda\/20260731915349\/pantalones-de-rayas-looks-agosto-inspiracion\/\" data-mrf-recirculation=\"article-body-link\" rel=\"nofollow noopener\" target=\"_blank\">pantalones de rayas<\/a>, las bermudas de traje, <a class=\"hm-link ho-link\" href=\"https:\/\/www.hola.com\/moda\/20260803914581\/blusas-romanticas-vestidos-bordados-francesas-armarios-espanolas\/\" data-mrf-recirculation=\"article-body-link\" rel=\"nofollow noopener\" target=\"_blank\">los tops rom\u00e1nticos de encaje y volantes<\/a> y los capazos de rafia son solo algunas de las tendencias punteras de esta temporada de calor que, por mucho que cueste creerlo, se seguir\u00e1n llevando en la vuelta a la rutina este mes de septiembre. La clave est\u00e1 en c\u00f3mo se combinan con esas <strong>prendas que llamamos \u00abde transici\u00f3n\u00bb<\/strong>, como una camisa cl\u00e1sica, unos vaqueros wide leg, bailarinas o mocasines y blazers.<\/p>\n<p> <img src=\"https:\/\/www.europesays.com\/es\/wp-content\/uploads\/2026\/08\/4e6f792df6d9-tamara1.jpg\"   width=\"576\" height=\"1024\" loading=\"lazy\" decoding=\"async\" alt=\"Tamara Falc\u00f3 felicita a su querida amiga, Carolina Adriana Herrera, por su cumplea\u00f1os (28 de agosto de 2026).\" fetchpriority=\"auto\" class=\"image ho-image\"\/>\u00a9 @tamara_falc\u00f3Tamara Falc\u00f3 felicita a su querida amiga, Carolina Adriana Herrera, por su cumplea\u00f1os (28 de agosto de 2026).<br \/>\nA\u00f1ade sobriedad a tus looks estivales<\/p>\n<p id=\"eElvKjtQcN\" data-wc=\"97\">Para felicitar a su amiga, Carolina Adriana Herrera, hija de la ic\u00f3nica Carolina Herrera, Tamara ha compartido una imagen que nos viene de maravilla ahora que estamos buscando inspiraci\u00f3n para vestir de cara al regreso al trabajo. Lo curioso es que mezcla <strong>una blusa blanca troquelada con cuello camisero y gran lazada y unos pantalones fluidos de flores<\/strong>. \u00a1Verano en su m\u00e1xima expresi\u00f3n! No obstante, ella le a\u00f1ade sobre los hombros, a modo de capa, una ligera gabardina en color negro, cuya sobriedad contrasta con las dos piezas anteriores y le dan un nuevo sentido al look.\u00a0<\/p>\n<p id=\"eCQb4-WWkQ\" data-wc=\"57\">Y lo mismo ocurre con el calzado: en lugar de optar por unas alpargatas de cu\u00f1a o unas sandalias de tiras finas, luce unos <strong>salones nude de punta fina<\/strong>. M\u00e1s asentado el oto\u00f1o, incluso podr\u00eda repetir esta f\u00f3rmula sustituyendo los zapatos por unas botas de tac\u00f3n negras, lo que demuestra su versatilidad a prueba de vaivenes clim\u00e1ticos.<\/p>\n<p> <img src=\"https:\/\/www.europesays.com\/es\/wp-content\/uploads\/2026\/08\/d9a704853cf7-desfilepdh8334.jpg\"   width=\"682\" height=\"1024\" loading=\"lazy\" decoding=\"async\" alt=\"Tamara Falc\u00f3 en una foto de archivo\" fetchpriority=\"auto\" class=\"image ho-image\"\/>\u00a9 Pedro del Hierro<br \/>\nSu gu\u00eda para vestir elegantes esta vuelta a la oficina recuperando accesorios de playa<\/p>\n<p id=\"ePQrOR2nllv\" data-wc=\"68\">Septiembre es un mes de eventos, compromisos laborales, cenas de reencuentro con amigos que llevas sin ver desde antes del verano y otro sinf\u00edn de ocasiones para las que hay que estar preparada a nivel estil\u00edstico. Eso significa hacer hueco en el vestidor para prendas que, aunque no abriguen demasiado, puedan protegerte de la brisa oto\u00f1al o de los descensos r\u00e1pidos de temperaturas a horas de la tarde.\u00a0<\/p>\n<p>Del pa\u00f1uelo estampado a la cesta de mimbre<\/p>\n<p id=\"ercbU7UYMYf\" data-wc=\"85\">Para la hija de Isabel Preysler, es indispensable tener una o varias camisas, tanto blancas y entalladas en su versi\u00f3n m\u00e1s corporativa, como de rayas azules y oversize, para llevar sobre camisetas con un look que fusione la est\u00e9tica masculina y sport con la elegancia que aportan unos pantalones de traje entallados y un par de tacones. En el balance est\u00e1 el \u00e9xito, seg\u00fan la marquesa de Gri\u00f1\u00f3n, quien adem\u00e1s<strong>\u00a0reinventa estas prendas esenciales y minimalistas con accesorios que transmiten esa alegr\u00eda de vivir estival<\/strong>.\u00a0<\/p>\n<p id=\"ekicuIsJb3\" data-wc=\"53\">Un pa\u00f1uelo estampado de seda a la cadera (<a class=\"hm-link ho-link\" href=\"https:\/\/www.hola.com\/moda\/20260602904957\/victoria-federica-panuelo-estampado-cintura-como-llevar-truco\/\" data-mrf-recirculation=\"article-body-link\" rel=\"nofollow noopener\" target=\"_blank\">el truco que recientemente hemos visto a Victoria Federica<\/a> y muchas otras prescriptoras de moda) y una cesta de mimbre le dan un nuevo aire este look que, de otra forma, hubiese sido un t\u00edpico conjunto de oficina, sin ese toque de experta en moda.<\/p>\n","protected":false},"excerpt":{"rendered":"Si algo caracteriza a las arist\u00f3cratas es que respetan en todo momento el protocolo y llevan la sofisticaci\u00f3n&hellip;\n","protected":false},"author":2,"featured_media":737446,"comment_status":"","ping_status":"","sticky":false,"template":"","format":"standard","meta":{"footnotes":""},"categories":[91],"tags":[1024,253,146,147,25,24,1023,338,23,5184,48187],"class_list":["post-737445","post","type-post","status-publish","format-standard","has-post-thumbnail","category-entretenimiento","tag-actualidad-moda","tag-discover","tag-entertainment","tag-entretenimiento","tag-es","tag-espana","tag-moda","tag-portada","tag-spain","tag-tamara-falco","tag-tendencias-otono-invierno"],"share_on_mastodon":{"url":"https:\/\/pubeurope.com\/@es\/117180409580342549","error":""},"_links":{"self":[{"href":"https:\/\/www.europesays.com\/es\/wp-json\/wp\/v2\/posts\/737445","targetHints":{"allow":["GET"]}}],"collection":[{"href":"https:\/\/www.europesays.com\/es\/wp-json\/wp\/v2\/posts"}],"about":[{"href":"https:\/\/www.europesays.com\/es\/wp-json\/wp\/v2\/types\/post"}],"author":[{"embeddable":true,"href":"https:\/\/www.europesays.com\/es\/wp-json\/wp\/v2\/users\/2"}],"replies":[{"embeddable":true,"href":"https:\/\/www.europesays.com\/es\/wp-json\/wp\/v2\/comments?post=737445"}],"version-history":[{"count":0,"href":"https:\/\/www.europesays.com\/es\/wp-json\/wp\/v2\/posts\/737445\/revisions"}],"wp:featuredmedia":[{"embeddable":true,"href":"https:\/\/www.europesays.com\/es\/wp-json\/wp\/v2\/media\/737446"}],"wp:attachment":[{"href":"https:\/\/www.europesays.com\/es\/wp-json\/wp\/v2\/media?parent=737445"}],"wp:term":[{"taxonomy":"category","embeddable":true,"href":"https:\/\/www.europesays.com\/es\/wp-json\/wp\/v2\/categories?post=737445"},{"taxonomy":"post_tag","embeddable":true,"href":"https:\/\/www.europesays.com\/es\/wp-json\/wp\/v2\/tags?post=737445"}],"curies":[{"name":"wp","href":"https:\/\/api.w.org\/{rel}","templated":true}]}}