{"id":737483,"date":"2026-08-29T19:43:16","date_gmt":"2026-08-29T19:43:16","guid":{"rendered":"https:\/\/www.europesays.com\/es\/737483\/"},"modified":"2026-08-29T19:43:16","modified_gmt":"2026-08-29T19:43:16","slug":"una-montana-de-los-alpes-austriacos-pierde-su-nombre-y-un-metro-de-altura-2","status":"publish","type":"post","link":"https:\/\/www.europesays.com\/es\/737483\/","title":{"rendered":"Una monta\u00f1a de los Alpes austr\u00edacos pierde su nombre y un metro de altura"},"content":{"rendered":"<p class=\"c-paragraph\">La monta\u00f1a de <a href=\"https:\/\/www.20minutos.es\/tags\/lugares\/los-alpes.html\" rel=\"nofollow noopener\" target=\"_blank\">los Alpes<\/a> austriacos &#8216;Pillewizer&#8217; ha dejado de llamarse as\u00ed debido al <b>pasado nazi del cient\u00edfico que le daba nombre<\/b>, al tiempo que ha perdido <b>la pila de piedras que la elevaba artificialmente a 3.000 metros de altura<\/b>, inform\u00f3 este s\u00e1bado la secci\u00f3n del Club Alpino de Salzburgo (\u00d6AV).<\/p>\n<p class=\"c-paragraph\">En un comunicado, la entidad indic\u00f3 que el pasado viernes 28 de agosto un grupo de alpinistas ascendi\u00f3 a la cumbre para <b>retirar la placa conmemorativa<\/b> instalada desde hace 38 a\u00f1os en honor al ge\u00f3grafo, cart\u00f3grafo y glaci\u00f3logo austriaco Wolfgang Pillewizer (1911-1999).<\/p>\n<p class=\"c-paragraph\">Adem\u00e1s, se eliminaron las piedras que en 1988 \u2014momento en que se bautiz\u00f3 este pico hasta entonces an\u00f3nimo\u2014 se apilaron intencionadamente para <b>elevar la cima de 2.999 a 3.000 metros<\/b> y cumplir as\u00ed con el deseo de Pillewizer de dar nombre a un &#8216;tres mil&#8217;.<\/p>\n<p class=\"c-paragraph\">La denominaci\u00f3n ya desat\u00f3 controversia en su momento, dado que Pillewizer <b>se afili\u00f3 con apenas 20 a\u00f1os<\/b> al Partido Nacionalsocialista (NSDAP) y a sus milicias paramilitares (SA), adem\u00e1s de integrar posteriormente la Liga Nazi de Profesores (NSBD).<\/p>\n<p class=\"c-paragraph\">\u00abA pesar de la prohibici\u00f3n del partido (en Austria) en junio de 1933, sigui\u00f3 siendo miembro ilegal y ejerci\u00f3 como jefe de unidad en las SA. Su mete\u00f3rica carrera entre 1938 y 1945 lleva a la conclusi\u00f3n ineludible de que <b>particip\u00f3 en la aplicaci\u00f3n de la ideolog\u00eda racista e inhumana<\/b> del r\u00e9gimen nazi\u00bb, se\u00f1ala la nota del club.<\/p>\n<p class=\"c-paragraph\">Con esta acci\u00f3n, la organizaci\u00f3n busca \u00abdejar de honrar la memoria <b>de quienes fueron c\u00f3mplices, perpetradores o beneficiarios del r\u00e9gimen<\/b>\u00ab.\u00a0<\/p>\n<p class=\"c-paragraph\">\u00abAl retirar la placa, nos distanciamos de un homenaje personal que no coincide con nuestra postura a favor de una sociedad abierta e inclusiva\u00bb, afirm\u00f3 Gerd Fr\u00fchwirth, presidente de la secci\u00f3n del Alpenverein en Salzburgo.<\/p>\n<p class=\"c-paragraph\">El Club Alpino se encuentra ahora coordinando con la Comisi\u00f3n de Nombres Geogr\u00e1ficos de Salzburgo y otros organismos competentes los tr\u00e1mites necesarios para que la elevaci\u00f3n vuelva a figurar oficialmente <b>sin nombre y con una altura de 2.999 metros<\/b> en los mapas y bases de datos cartogr\u00e1ficas.<\/p>\n","protected":false},"excerpt":{"rendered":"La monta\u00f1a de los Alpes austriacos &#8216;Pillewizer&#8217; ha dejado de llamarse as\u00ed debido al pasado nazi del cient\u00edfico&hellip;\n","protected":false},"author":2,"featured_media":737484,"comment_status":"","ping_status":"","sticky":false,"template":"","format":"standard","meta":{"footnotes":""},"categories":[42],"tags":[920,52407,17,18,13,14,11,61,62,63,64,19,20,4417,5329,9,10,15,16,12,21,22,20877,65,66,67],"class_list":["post-737483","post","type-post","status-publish","format-standard","has-post-thumbnail","category-internacional","tag-alpes","tag-austriacos","tag-breaking-news","tag-breakingnews","tag-featured-news","tag-featurednews","tag-headlines","tag-internacional","tag-international","tag-international-news","tag-internationalnews","tag-latest-news","tag-latestnews","tag-los","tag-montana","tag-news","tag-noticias","tag-noticias-destacadas","tag-noticiasdestacadas","tag-titulares","tag-ultimas-noticias","tag-ultimasnoticias","tag-una","tag-world","tag-world-news","tag-worldnews"],"share_on_mastodon":{"url":"https:\/\/pubeurope.com\/@es\/117180511381585876","error":""},"_links":{"self":[{"href":"https:\/\/www.europesays.com\/es\/wp-json\/wp\/v2\/posts\/737483","targetHints":{"allow":["GET"]}}],"collection":[{"href":"https:\/\/www.europesays.com\/es\/wp-json\/wp\/v2\/posts"}],"about":[{"href":"https:\/\/www.europesays.com\/es\/wp-json\/wp\/v2\/types\/post"}],"author":[{"embeddable":true,"href":"https:\/\/www.europesays.com\/es\/wp-json\/wp\/v2\/users\/2"}],"replies":[{"embeddable":true,"href":"https:\/\/www.europesays.com\/es\/wp-json\/wp\/v2\/comments?post=737483"}],"version-history":[{"count":0,"href":"https:\/\/www.europesays.com\/es\/wp-json\/wp\/v2\/posts\/737483\/revisions"}],"wp:featuredmedia":[{"embeddable":true,"href":"https:\/\/www.europesays.com\/es\/wp-json\/wp\/v2\/media\/737484"}],"wp:attachment":[{"href":"https:\/\/www.europesays.com\/es\/wp-json\/wp\/v2\/media?parent=737483"}],"wp:term":[{"taxonomy":"category","embeddable":true,"href":"https:\/\/www.europesays.com\/es\/wp-json\/wp\/v2\/categories?post=737483"},{"taxonomy":"post_tag","embeddable":true,"href":"https:\/\/www.europesays.com\/es\/wp-json\/wp\/v2\/tags?post=737483"}],"curies":[{"name":"wp","href":"https:\/\/api.w.org\/{rel}","templated":true}]}}