{"id":737495,"date":"2026-08-29T19:55:19","date_gmt":"2026-08-29T19:55:19","guid":{"rendered":"https:\/\/www.europesays.com\/es\/737495\/"},"modified":"2026-08-29T19:55:19","modified_gmt":"2026-08-29T19:55:19","slug":"jose-manuel-soto-y-pilar-parejo-la-regla-de-oro-que-aplican-cada-noche-para-mantener-viva-la-chispa-tras-casi-40-anos-juntos","status":"publish","type":"post","link":"https:\/\/www.europesays.com\/es\/737495\/","title":{"rendered":"Jos\u00e9 Manuel Soto y Pilar Parejo: la regla de oro que aplican cada noche para mantener viva la chispa tras casi 40 a\u00f1os juntos"},"content":{"rendered":"<p id=\"eOkYRngBII\" data-wc=\"103\">Detr\u00e1s de los escenarios y del \u00e9xito de himnos rom\u00e1nticos como Por ella, se esconde una de las historias de amor m\u00e1s s\u00f3lidas y duraderas del panorama art\u00edstico espa\u00f1ol: la de <strong>Jos\u00e9 Manuel Soto y Pilar Parejo<\/strong>. Unidas sus vidas desde mediados de los a\u00f1os ochenta y consolidados como matrimonio desde el 31 de diciembre de 1988, <a class=\"hm-link ho-link\" href=\"https:\/\/www.hola.com\/actualidad\/20260827920074\/jose-manuel-soto-familia-paraiso-huelva-hijos-cantar-ser-felices-maravilla\/\" data-mrf-recirculation=\"article-body-link\" rel=\"nofollow noopener\" target=\"_blank\">la pareja repasa casi cuatro d\u00e9cadas de amor incondicional, equilibrio cotidiano y apoyo mutuo<\/a>. Una conversaci\u00f3n \u00edntima donde revelan c\u00f3mo la combinaci\u00f3n entre la pasi\u00f3n del cantautor y el sentido com\u00fan de su gran musa les ha permitido <strong>superar juntos todas las etapas de la vida<\/strong>.<\/p>\n<p>  <img src=\"https:\/\/www.europesays.com\/es\/wp-content\/uploads\/2026\/08\/0872d20ca6e7-holafamiliasoto0111136-11.jpg\"   width=\"1080\" height=\"1800\" loading=\"lazy\" decoding=\"async\" alt=\"Un rom\u00e1ntico retrato de Jos\u00e9 Manuel Soto y Pilar Parejo\" fetchpriority=\"auto\" class=\"image ho-image\"\/>\u00a9 Dario Aranyo\u00bbDisfrutar de una copita de vez en cuando y cantar sevillanas a dos voces es nuestro mayor disfrute\u00bb, nos cuenta Jos\u00e9 Manuel, quien desvela que su mujer, con la que aparece a la derecha, \u00abcanta con una finura preciosa\u00bb<\/p>\n<p>Los primeros compases de un gran amor<\/p>\n<p id=\"elRCDHAS2F\" data-wc=\"74\">Esta hermosa historia comenz\u00f3 a gestarse a <strong>mediados de la d\u00e9cada de los ochenta<\/strong>, en la juventud compartida de las corales sevillanas, cuando Jos\u00e9 Manuel empezaba a despuntar con la m\u00fasica y <strong>Pilar escuchaba<\/strong> con atenta mirada. Lo del cantautor fue una certeza absoluta desde el primer momento: \u00abEso se siente al instante. <strong>Supe de inmediato que era la persona elegida por los astros y que ten\u00eda que ir a por ella sin dudarlo\u00bb.\u00a0<\/strong><\/p>\n<p id=\"eZE08DJrAG\" data-wc=\"42\">Por su parte, para <strong>Pilar\u00a0<\/strong>el enamoramiento fue un proceso m\u00e1s progresivo, dej\u00e1ndose conquistar poco a poco por la forma de ser de aquel joven artista: <strong>\u00abMe cautivaron su mirada, su profunda sensibilidad, su bondad y la entrega de su amor incondicional\u00bb<\/strong>.\u00a0<\/p>\n<p>  <img src=\"https:\/\/www.europesays.com\/es\/wp-content\/uploads\/2026\/08\/eb8a5cf2653e-holafamiliasoto0080666-11.jpg\"   width=\"1920\" height=\"1080\" loading=\"lazy\" decoding=\"async\" alt=\"Un retrato familiar de los Soto en la playa\" fetchpriority=\"auto\" class=\"image ho-image\"\/>\u00a9 Dario AranyoEl matrimonio posa feliz junto a sus tres hijos. De izquierda a derecha: Roc\u00edo, de 34\u00a0a\u00f1os; Jaime, de 32, y Marcos, de 36<\/p>\n<p id=\"eMM6sMJb_J\" data-wc=\"80\">A medida que su noviazgo se consolidaba, <a class=\"hm-link ho-link\" href=\"https:\/\/www.hola.com\/actualidad\/20260612906930\/jose-manuel-soto-abrazo-mujer-hijos-final-supervivientes-familia\/\" data-mrf-recirculation=\"article-body-link\" rel=\"nofollow noopener\" target=\"_blank\">Soto cosechaba un gran \u00e9xito en los escenarios con temas atemporales como Por ella,<\/a> una composici\u00f3n que no era sino el reflejo directo del sentimiento que crec\u00eda en su coraz\u00f3n. Como el propio cantautor confiesa sin rodeos sobre el papel crucial que su mujer ha tenido en toda su obra: <strong>\u00abTodo lo que he escrito en mi vida ha sido por y para ella; Pili ha sido siempre mi gran fuente de inspiraci\u00f3n\u00bb<\/strong>.\u00a0<\/p>\n<p id=\"eALp2aIfUec\" data-wc=\"54\">Fruto de esa profunda complicidad, la pareja eligi\u00f3 una fecha tan singular y festiva como <strong>el 31 de diciembre de 1988\u00a0<\/strong>para darse el <strong>\u00abs\u00ed, quiero\u00bb<\/strong>, un enlace del que guardan un recuerdo imborrable: \u00abFue un d\u00eda pleno de luz y felicidad, rodeados de todas las personas que quer\u00edamos. Un verdadero sue\u00f1o hecho realidad\u00bb.<\/p>\n<p>Construir una familia en mitad de las giras<\/p>\n<p id=\"e4dma5BqWv\" data-wc=\"96\">Tras el enlace, comenz\u00f3 para ellos la gran aventura de formar una <strong>familia numerosa<\/strong> en medio de la vor\u00e1gine de conciertos, giras y la intensa vida p\u00fablica de un artista de \u00e9xito. Dar la bienvenida a sus tres hijos no estuvo exento de retos, pero <strong>Pilar supo exactamente c\u00f3mo organizarse en el d\u00eda a d\u00eda<\/strong> para que en casa nunca faltaran la normalidad y la calma: \u00abA base de un estricto orden y mucha organizaci\u00f3n. Siempre he sido de marcar las iniciales en la ropa de los ni\u00f1os y tenerlo absolutamente todo preparado con much\u00edsima antelaci\u00f3n\u00bb.\u00a0<\/p>\n<p id=\"e6cqWhQkBr\" data-wc=\"51\">Esa labor fue <strong>clave para el cantante<\/strong>, quien siempre ha tenido a Pilar como su gran norte y el verdadero equilibrio de su carrera: \u00ab<a class=\"hm-link ho-link\" href=\"https:\/\/www.hola.com\/actualidad\/20260616907707\/jose-manuel-soto-sobre-la-defensa-de-lourdes-montes\/\" data-mrf-recirculation=\"article-body-link\" rel=\"nofollow noopener\" target=\"_blank\">Me ha inspirado siempre<\/a>, pero tambi\u00e9n ha sido quien me ha mantenido con los pies en la tierra. Es una persona sumamente responsable, much\u00edsimo m\u00e1s que yo\u00bb.\u00a0<\/p>\n<p>  <img src=\"https:\/\/www.europesays.com\/es\/wp-content\/uploads\/2026\/08\/2795cee13f04-holafamiliasoto0111088-1cut1.jpg\"   width=\"1080\" height=\"1800\" loading=\"lazy\" decoding=\"async\" alt=\"Un entra\u00f1able retrato de Jos\u00e9 Manuel Soto y Pilar Parejo\" fetchpriority=\"auto\" class=\"image ho-image\"\/>\u00a9 Dario Aranyo\u00bbEl verano es una \u00e9poca hermosa para estar juntos, algo que durante a\u00f1os resultaba muy dif\u00edcil por las exigencias de mi trabajo\u00bb, nos cuenta Jos\u00e9 Manuel Soto, a quien vemos en la imagen paseando del brazo de su mujer, Pilar Parejo<\/p>\n<p id=\"e2mMhbhjm2B\" data-wc=\"70\">Pero m\u00e1s all\u00e1 de los escenarios, de la fama y de las tertulias p\u00fablicas, existe <a class=\"hm-link ho-link\" href=\"https:\/\/www.hola.com\/actualidad\/20260424897590\/jose-manuel-soto-revela-motivo-participacion-supervivientes\/\" data-mrf-recirculation=\"article-body-link\" rel=\"nofollow noopener\" target=\"_blank\">un Jos\u00e9 Manuel cotidiano<\/a> al que Pilar define de puertas para adentro revelando la autenticidad del ser humano que habita en el hogar: \u00abComo le ocurre a casi todo el mundo, combina dos facetas muy claras: <strong>por un lado tiene un lado serio, reflexivo e intelectual, y por otro, su versi\u00f3n m\u00e1s divertida y risue\u00f1a\u00bb<\/strong>.<\/p>\n<p id=\"e90w3o9juQ\" data-wc=\"67\">Asimismo, al destacar la mayor virtud de <strong>su marido como compa\u00f1ero de vida<\/strong> y su mayor man\u00eda tras casi cuarenta a\u00f1os juntos, Pilar a\u00f1ade con espontaneidad: \u00abSu mayor virtud es, sin duda, su generosidad, <strong>su sinceridad y su infinita bondad<\/strong>. En cuanto a su mayor man\u00eda&#8230; quiz\u00e1s esa costumbre tan suya de cambiar de rumbo justo cuando ya est\u00e1 todo organizado, solo por el placer de sorprender\u00bb.<\/p>\n<p>Luces y sombras<\/p>\n<p id=\"ecbAjXq7yG\" data-wc=\"102\">Y es que todas las parejas s\u00f3lidas atraviesan momentos de luces y sombras a lo largo de las d\u00e9cadas. En los <a class=\"hm-link ho-link\" href=\"https:\/\/www.hola.com\/actualidad\/20260615907324\/jose-manuel-soto-peor-supervivientes-hambre\/\" data-mrf-recirculation=\"article-body-link\" rel=\"nofollow noopener\" target=\"_blank\">instantes dif\u00edciles\u00a0<\/a>o de flaqueza profesional que el artista ha atravesado durante su carrera, la f\u00f3rmula de Pilar para inyectarle optimismo ha sido siempre clara: \u00abSiempre a trav\u00e9s del di\u00e1logo continuo y ofreci\u00e9ndole mucho cari\u00f1o\u00bb. Igualmente, para reinventar el amor y superar juntos los vaivenes del paso del tiempo, ambos coinciden en que el secreto reside en el afecto y la convivencia: <strong>\u00abCon inmenso amor, paciencia, respeto y di\u00e1logo constante. No hay otra clave&#8230;<\/strong> bueno, eso y cantar much\u00edsimo en casa\u00bb.\u00a0<\/p>\n<p id=\"eCu_ih66RAf\" data-wc=\"52\">Cumplir cerca de cuatro d\u00e9cadas juntos no es habitual en el panorama art\u00edstico actual, pero entre ellos rige adem\u00e1s una costumbre sagrada que ha sido su mejor receta diaria: <strong>\u00abNo existen recetas m\u00e1gicas. Eso s\u00ed, Pili tiene una costumbre sagrada: no acostarnos jam\u00e1s enfadados<\/strong>. Y la verdad es que funciona de maravilla\u00bb.\u00a0<\/p>\n<p>  <img src=\"https:\/\/www.europesays.com\/es\/wp-content\/uploads\/2026\/08\/c6e906151e43-6affea55aae4-holafamiliasoto0040289-1cut.jpg\"   width=\"2250\" height=\"3000\" loading=\"lazy\" decoding=\"async\" alt=\"Jos\u00e9 Manuel Soto, posando con su mujer y sus hijos\" fetchpriority=\"auto\" class=\"image ho-image\"\/>\u00a9 DAR\u00cdO ARANYO<\/p>\n<p id=\"e6SmdPNZN5X\" data-wc=\"78\">Hoy en d\u00eda, con sus tres hijos volando solos y desarrollando sus propias trayectorias, el matrimonio saborea una <a class=\"hm-link ho-link\" href=\"https:\/\/www.hola.com\/actualidad\/20260313889275\/jose-manuel-soto-cumple-65-anos-supervivientes-hijo\/\" data-mrf-recirculation=\"article-body-link\" rel=\"nofollow noopener\" target=\"_blank\">nueva etapa de madurez<\/a> en la que vuelven a disponer de m\u00e1s tiempo para ellos mismos: \u00abNo ha sido un cambio radical de un d\u00eda para otro. Ya hace a\u00f1os que baj\u00e9 el ritmo de trabajo y dispongo de m\u00e1s tiempo para estar en casa. <strong>Es una etapa preciosa, aunque tambi\u00e9n he disfrutado enormemente de mi profesi\u00f3n\u00bb<\/strong>, reflexiona Jos\u00e9 Manuel.\u00a0<\/p>\n<p id=\"efXO9Uji4l\" data-wc=\"148\">As\u00ed, al echar la vista atr\u00e1s a aquellos primeros a\u00f1os en el coro de Sevilla y ver c\u00f3mo todo aquello que comenzaron juntos se ha convertido en este proyecto vital repleto de luz, el artista se reafirma en los valores que han guiado a <a class=\"hm-link ho-link\" href=\"https:\/\/www.hola.com\/actualidad\/20260309867372\/alberto-herrera-y-blanca-llandres-padres-de-su-primer-hijo\/\" data-mrf-recirculation=\"article-body-link\" rel=\"nofollow noopener\" target=\"_blank\">su familia<\/a>: \u00abCuando te enamoras de alguien, siempre sue\u00f1as con formar una familia y transmitir esos valores a tus hijos. Respecto al <strong>arte<\/strong>, es algo que ellos traen de nacimiento, aunque tambi\u00e9n <strong>lo han mamado d\u00eda a d\u00eda en casa\u00bb<\/strong>. Una complicidad que cobra su sentido m\u00e1s pleno durante el verano en las costas atl\u00e1nticas, donde celebran la vida rodeados de los suyos: \u00abEl verano es una \u00e9poca hermosa para estar juntos, algo que durante a\u00f1os resultaba muy dif\u00edcil por las exigencias de mi trabajo. Precisamente por eso, <strong>ver ahora a mis hijos cantar y ser felices en este refugio familiar es una maravilla\u00bb<\/strong>.<\/p>\n<p>  <img src=\"https:\/\/www.europesays.com\/es\/wp-content\/uploads\/2026\/08\/ab6cc220c975-holafamiliasoto0020112-11.jpg\"   width=\"1080\" height=\"1080\" loading=\"lazy\" decoding=\"async\" alt=\"Una fotograf\u00eda del matrimonio compuesto por Jos\u00e9 Manuel Soto y Pilar Parejo \" fetchpriority=\"auto\" class=\"image ho-image\"\/>\u00a9 Dario Aranyo<\/p>\n<p>  <img src=\"https:\/\/www.europesays.com\/es\/wp-content\/uploads\/2026\/08\/068bc98f7885-holafamiliasoto0040369-11.jpg\"   width=\"1080\" height=\"1080\" loading=\"lazy\" decoding=\"async\" alt=\"Un retrato de la familia Soto pasando tiempo juntos en su casa de Huelva\" fetchpriority=\"auto\" class=\"image ho-image\"\/>\u00a9 Dario Aranyo<\/p>\n<p> Te puede interesarSeguir leyendo<\/p>\n","protected":false},"excerpt":{"rendered":"Detr\u00e1s de los escenarios y del \u00e9xito de himnos rom\u00e1nticos como Por ella, se esconde una de las&hellip;\n","protected":false},"author":2,"featured_media":737496,"comment_status":"","ping_status":"","sticky":false,"template":"","format":"standard","meta":{"footnotes":""},"categories":[174],"tags":[3900,517,255,146,147,25,24,256,23],"class_list":["post-737495","post","type-post","status-publish","format-standard","has-post-thumbnail","category-famosos","tag-hola","tag-actualidad","tag-celebrities","tag-entertainment","tag-entretenimiento","tag-es","tag-espana","tag-famosos","tag-spain"],"share_on_mastodon":{"url":"https:\/\/pubeurope.com\/@es\/117180558746043737","error":""},"_links":{"self":[{"href":"https:\/\/www.europesays.com\/es\/wp-json\/wp\/v2\/posts\/737495","targetHints":{"allow":["GET"]}}],"collection":[{"href":"https:\/\/www.europesays.com\/es\/wp-json\/wp\/v2\/posts"}],"about":[{"href":"https:\/\/www.europesays.com\/es\/wp-json\/wp\/v2\/types\/post"}],"author":[{"embeddable":true,"href":"https:\/\/www.europesays.com\/es\/wp-json\/wp\/v2\/users\/2"}],"replies":[{"embeddable":true,"href":"https:\/\/www.europesays.com\/es\/wp-json\/wp\/v2\/comments?post=737495"}],"version-history":[{"count":0,"href":"https:\/\/www.europesays.com\/es\/wp-json\/wp\/v2\/posts\/737495\/revisions"}],"wp:featuredmedia":[{"embeddable":true,"href":"https:\/\/www.europesays.com\/es\/wp-json\/wp\/v2\/media\/737496"}],"wp:attachment":[{"href":"https:\/\/www.europesays.com\/es\/wp-json\/wp\/v2\/media?parent=737495"}],"wp:term":[{"taxonomy":"category","embeddable":true,"href":"https:\/\/www.europesays.com\/es\/wp-json\/wp\/v2\/categories?post=737495"},{"taxonomy":"post_tag","embeddable":true,"href":"https:\/\/www.europesays.com\/es\/wp-json\/wp\/v2\/tags?post=737495"}],"curies":[{"name":"wp","href":"https:\/\/api.w.org\/{rel}","templated":true}]}}