{"id":737499,"date":"2026-08-29T20:01:39","date_gmt":"2026-08-29T20:01:39","guid":{"rendered":"https:\/\/www.europesays.com\/es\/737499\/"},"modified":"2026-08-29T20:01:39","modified_gmt":"2026-08-29T20:01:39","slug":"el-actor-jacob-elordi-sobre-su-talento-secreto-hago-cestas-de-mimbre-desde-hace-unos-diez-anos-creo-que-podria-tejer-cestas-estupendas","status":"publish","type":"post","link":"https:\/\/www.europesays.com\/es\/737499\/","title":{"rendered":"El actor Jacob Elordi, sobre su talento secreto: \u00abHago cestas de mimbre desde hace unos diez a\u00f1os. Creo que podr\u00eda tejer cestas estupendas\u00bb"},"content":{"rendered":"<p data-journey-content=\"true\" data-node-id=\"5\" class=\"body-dropcap css-obqcq8 emevuu60\">El mundo est\u00e1 sumido en el caos y <strong data-node-id=\"5.1\">Jacob Elordi es uno de sus supervivientes.<\/strong> O, mejor dicho, Hig, su personaje en <strong data-node-id=\"5.3\">\u2018La constelaci\u00f3n del perro\u2019,<\/strong> pel\u00edcula de Ridley Scott basada en el libro hom\u00f3nimo de Peter Heller. Tras la actividad masiva de un <strong data-node-id=\"5.5\">virus letal,<\/strong> las calles se han vaciado, los animales caminan por las ciudades y solo los avispados saben c\u00f3mo seguir avanzando, con Hig como gran estandarte de esta resistencia. Un personaje fuerte y melanc\u00f3lico, mec\u00e1nico en su vida pasada, que cuenta con algo m\u00e1s: vuela por las inmediaciones de Dallas con su flamante avioneta amarilla para desconectar del desastre y buscar recursos.<\/p>\n<p><img draggable=\"true\" alt=\"la constelacion del perro\" title=\"la constelacion del perro\" loading=\"lazy\" width=\"7728\" height=\"5152\" decoding=\"async\" data-nimg=\"1\" style=\"color:transparent;width:100%;height:auto;\"   src=\"https:\/\/www.europesays.com\/es\/wp-content\/uploads\/2026\/08\/1788033694_685_111c2d8d-2598-4635-ade8-22eaa135d11f.jpg\" class=\"css-0 e1ddfba50\"\/><\/p>\n<p>Disney<\/p>\n<p data-journey-content=\"true\" data-node-id=\"12\" class=\"css-1ood0zq emevuu60\">Al mismo tiempo, sue\u00f1a con New Junction, un lugar perdido que lanza una se\u00f1al de radio desde hace tiempo. As\u00ed desarrolla su rutina en este Estados Unidos postapocal\u00edptico<strong data-node-id=\"12.1\">, acompa\u00f1ado siempre de su fiel y encantador perro Jasper, <\/strong>colega de aventuras desde antes del virus. \u201cLa perrita era preciosa. Se llama Raksha\u201d, <strong data-node-id=\"12.3\">nos cuenta Jacob Elordi en Londres durante las entrevistas sobre la pel\u00edcula. <\/strong>\u201cEs una perra incre\u00edblemente bien adiestrada. Fue una experiencia maravillosa\u201d. No resulta f\u00e1cil rodar con un perro, y hacerlo tan bien es todo un triunfo en tiempos de CGI e IA. De hecho, adem\u00e1s de robarnos el coraz\u00f3n en la pel\u00edcula, Raksha ha sido la estrella de las premieres y otros eventos de \u2018La constelaci\u00f3n del perro\u2019.<\/p>\n<p><img draggable=\"true\" alt=\"la constelacion del perro\" title=\"la constelacion del perro\" loading=\"lazy\" width=\"5000\" height=\"3333\" decoding=\"async\" data-nimg=\"1\" style=\"color:transparent;width:100%;height:auto;\"   src=\"https:\/\/www.europesays.com\/es\/wp-content\/uploads\/2026\/08\/1788033695_888_17d34c5a-9816-48f8-a4df-5a873d6f7916.jpg\" class=\"css-0 e1ddfba50\"\/><\/p>\n<p>Disney<\/p>\n<p data-journey-content=\"true\" data-node-id=\"17\" class=\"css-1ood0zq emevuu60\">La pel\u00edcula tiene lugar en una versi\u00f3n del mundo que no conocemos, pero Jacob Elordi y <strong data-node-id=\"17.1\">Margaret Qualley <\/strong>lo tuvieron f\u00e1cil para familiarizarse con el entorno: \u201cCrearon para nosotros un set muy din\u00e1mico y tangible, as\u00ed que, cuando llegamos a Italia, todo estaba sucediendo realmente a nuestro alrededor, en 360 grados. Y la libertad que nos dieron, con varias c\u00e1maras, para simplemente habitar el espacio y estar all\u00ed creo que fue todo lo que necesitamos para entender la situaci\u00f3n y meternos en la pel\u00edcula, porque lo crearon de verdad. Con los dise\u00f1adores de producci\u00f3n, apenas hab\u00eda pantallas verdes o azules. Gran parte de lo que nos rodeaba era real, as\u00ed que era dif\u00edcil no sentirte dentro de la situaci\u00f3n que plantea la pel\u00edcula\u201d.<\/p>\n<p data-journey-content=\"true\" data-node-id=\"22\" class=\"css-1ood0zq emevuu60\">\u2018La constelaci\u00f3n del perro\u2019 muestra una situaci\u00f3n extrema, <strong data-node-id=\"22.1\">sometida a constantes peligros que pueden asaltar en cualquier momento y arrasar con todo.<\/strong> Preguntamos a los actores <strong data-node-id=\"22.3\">cu\u00e1l ser\u00eda su mayor miedo en tales circunstancias,<\/strong> cuando todo parece perdido. <strong data-node-id=\"22.5\">\u201cLa soledad\u201d, <\/strong>nos cuenta, tajante, Margaret Qualley, que interpreta a Cima, otra superviviente. \u201cEso ser\u00eda lo m\u00e1s duro. Creo que la soledad puede matarte\u201d. Sin embargo, uno de los peligros m\u00e1s inquietantes de todos es, sin duda, el factor humano: las personas cambian en situaciones extremas, y muchos se quitan los cors\u00e9s sociales cuando reina la anarqu\u00eda, donde se mueven felices, libres y sin reparos. Sin hacer spoilers, en la pel\u00edcula vemos a varias tribus de rebeldes cuyo \u00fanico objetivo es alimentar el caos a partir de la violencia, los saqueos y el terror. Con ese panorama, algunos intentan mantenerse fieles a s\u00ed mismos. \u201cEsa es la clave de nuestros personajes, sobre todo porque son los personajes m\u00e1s j\u00f3venes de la pel\u00edcula\u201d, nos cuenta Elordi. \u201cSon, por as\u00ed decirlo, los dos \u00faltimos vestigios de humanidad y esperanza. Supongo que est\u00e1 en la propia naturaleza de nuestros personajes conservar su humanidad\u201d.<\/p>\n<p><img draggable=\"true\" alt=\"la constelacion del perro\" title=\"la constelacion del perro\" loading=\"lazy\" width=\"2000\" height=\"2600\" decoding=\"async\" data-nimg=\"1\" style=\"color:transparent;width:100%;height:auto;\"   src=\"https:\/\/www.europesays.com\/es\/wp-content\/uploads\/2026\/08\/1788033697_761_65a8f349-74cb-4c99-b35c-1437b834aa86.jpg\" class=\"css-0 e1ddfba50\"\/><\/p>\n<p>Disney<\/p>\n<p data-journey-content=\"true\" data-node-id=\"27\" class=\"css-1ood0zq emevuu60\">Imaginando a los propios Jacob Elordi y Margaret Qualley soportando las duras condiciones de un mundo devastado, no podemos evitar preguntarles <strong data-node-id=\"27.1\">cu\u00e1l ser\u00eda su habilidad real y secreta para usar en t\u00e9rminos de supervivencia.<\/strong> \u201cSer\u00eda m\u00e1s f\u00e1cil decir qu\u00e9 habilidades me vendr\u00edan bien y no tengo\u201d, confiesa Margaret Qualley entre risas. \u201c\u00bfQu\u00e9 habilidad podr\u00edas llevarte al fin del mundo, Jacob?\u201d, pregunta a su compa\u00f1ero de reparto. Elordi, seguro de s\u00ed mismo en estas circunstancias, nos suelta un dato sorprendente que nadie conoc\u00eda: <strong data-node-id=\"27.3\">\u201cHago cestas de mimbre desde hace tiempo\u201d.<\/strong> \u201c\u00bfDe verdad?\u201d, pregunta Qualley, at\u00f3nita. <strong data-node-id=\"27.5\">\u201cS\u00ed, desde hace unos diez a\u00f1os. Creo que podr\u00eda tejer una cesta estupenda. Adem\u00e1s, ser\u00eda \u00fatil\u201d, <\/strong>sostiene el actor australiano. Precisamente, cualquier elemento para recolectar o transportar ser\u00eda ideal en un mundo postapocal\u00edptico, as\u00ed que aprobamos el \u2018expertise\u2019 oculto de Elordi.<\/p>\n<p><img draggable=\"true\" alt=\"la constelacion del perro\" title=\"la constelacion del perro\" loading=\"lazy\" width=\"1600\" height=\"2400\" decoding=\"async\" data-nimg=\"1\" style=\"color:transparent;width:100%;height:auto;\"   src=\"https:\/\/www.europesays.com\/es\/wp-content\/uploads\/2026\/08\/330303b9-b39c-4975-830a-c666947269fc.jpg\" class=\"css-0 e1ddfba50\"\/><\/p>\n<p>Disney<\/p>\n<p data-journey-content=\"true\" data-node-id=\"32\" class=\"css-1ood0zq emevuu60\">Tambi\u00e9n extraemos una frase que pronuncia la actriz durante el metraje, donde la m\u00fasica sale a relucir: <strong data-node-id=\"32.1\">\u201cUna de las cosas que m\u00e1s echo de menos es escuchar m\u00fasica mientras conduzco\u201d. <\/strong>Recordamos la frase a los actores y les preguntamos qu\u00e9 echar\u00edan ellos de menos en ese contexto sin recursos, donde la nostalgia campa a sus anchas: \u201cEso mismo ser\u00eda totalmente sincero por mi parte. Echar\u00eda mucho de menos eso. Para m\u00ed es superimportante escuchar m\u00fasica y bailar con mis amigos\u201d. Jacob Elordi tambi\u00e9n lo tiene claro: \u201cEchar\u00eda de menos a la gente. Echar\u00eda much\u00edsimo de menos a la gente\u201d. En este momento de nostalgia, Hig explica a Cima c\u00f3mo era su sencilla pero gratificante vida pasada: <strong data-node-id=\"32.3\">trabajaba de mec\u00e1nico, besaba a su mujer y <\/strong><strong data-node-id=\"32.4\">jugaba con su perro.<\/strong> Les preguntamos a ambos si creen que algunas personas solo valoran estas cosas cuando las pierden. Margaret Qualley nos lo confirma: \u201cCreo que es muy importante recordar lo que realmente te importa. Y esta pel\u00edcula ha sido un buen ejercicio para eso\u201d.<\/p>\n<p><img draggable=\"true\" alt=\"la constelacion del perro\" title=\"la constelacion del perro\" loading=\"lazy\" width=\"2000\" height=\"2857\" decoding=\"async\" data-nimg=\"1\" style=\"color:transparent;width:100%;height:auto;\"   src=\"https:\/\/www.europesays.com\/es\/wp-content\/uploads\/2026\/08\/1788033699_10_0b5b05b6-62da-46b2-9036-38402151b2a8.jpg\" class=\"css-0 e1ddfba50\"\/><\/p>\n<p>Disney<\/p>\n","protected":false},"excerpt":{"rendered":"El mundo est\u00e1 sumido en el caos y Jacob Elordi es uno de sus supervivientes. O, mejor dicho,&hellip;\n","protected":false},"author":2,"featured_media":737500,"comment_status":"","ping_status":"","sticky":false,"template":"","format":"standard","meta":{"footnotes":""},"categories":[169],"tags":[177,1180,146,147,25,24,176,175,23],"class_list":["post-737499","post","type-post","status-publish","format-standard","has-post-thumbnail","category-cine","tag-cine","tag-editorial","tag-entertainment","tag-entretenimiento","tag-es","tag-espana","tag-film","tag-movies","tag-spain"],"share_on_mastodon":{"url":"https:\/\/pubeurope.com\/@es\/117180583508108667","error":""},"_links":{"self":[{"href":"https:\/\/www.europesays.com\/es\/wp-json\/wp\/v2\/posts\/737499","targetHints":{"allow":["GET"]}}],"collection":[{"href":"https:\/\/www.europesays.com\/es\/wp-json\/wp\/v2\/posts"}],"about":[{"href":"https:\/\/www.europesays.com\/es\/wp-json\/wp\/v2\/types\/post"}],"author":[{"embeddable":true,"href":"https:\/\/www.europesays.com\/es\/wp-json\/wp\/v2\/users\/2"}],"replies":[{"embeddable":true,"href":"https:\/\/www.europesays.com\/es\/wp-json\/wp\/v2\/comments?post=737499"}],"version-history":[{"count":0,"href":"https:\/\/www.europesays.com\/es\/wp-json\/wp\/v2\/posts\/737499\/revisions"}],"wp:featuredmedia":[{"embeddable":true,"href":"https:\/\/www.europesays.com\/es\/wp-json\/wp\/v2\/media\/737500"}],"wp:attachment":[{"href":"https:\/\/www.europesays.com\/es\/wp-json\/wp\/v2\/media?parent=737499"}],"wp:term":[{"taxonomy":"category","embeddable":true,"href":"https:\/\/www.europesays.com\/es\/wp-json\/wp\/v2\/categories?post=737499"},{"taxonomy":"post_tag","embeddable":true,"href":"https:\/\/www.europesays.com\/es\/wp-json\/wp\/v2\/tags?post=737499"}],"curies":[{"name":"wp","href":"https:\/\/api.w.org\/{rel}","templated":true}]}}