{"id":737581,"date":"2026-08-29T21:15:17","date_gmt":"2026-08-29T21:15:17","guid":{"rendered":"https:\/\/www.europesays.com\/es\/737581\/"},"modified":"2026-08-29T21:15:17","modified_gmt":"2026-08-29T21:15:17","slug":"aitana-sanchez-gijon-y-maxi-iglesias-siguen-protagonizando-su-historia-de-amor-pasean-agarrados-por-trujillo","status":"publish","type":"post","link":"https:\/\/www.europesays.com\/es\/737581\/","title":{"rendered":"Aitana S\u00e1nchez-Gij\u00f3n y Maxi Iglesias siguen protagonizando su historia de amor: pasean agarrados por Trujillo"},"content":{"rendered":"<p class=\"c-paragraph\">Despu\u00e9s de semanas sin noticias de su relaci\u00f3n,<b> todo apunta a que los actores Aitana S\u00e1nchez-Gij\u00f3n y Maxi Iglesias contin\u00faan protagonizando una historia de amor. <\/b>As\u00ed lo atestigua la imagen en la que se les ve a los dos paseando por la ciudad extreme\u00f1a de Trujillo.\u00a0<\/p>\n<p class=\"c-paragraph\">Seg\u00fan ha explicado el periodista Javi Hoyos en sus redes sociales este viernes, 28 de agosto, la pareja fue vista paseando por la localidad cacere\u00f1a agarrados por la cintura, en actitud c\u00f3mplice y relajada.\u00a0<\/p>\n<p class=\"c-paragraph\">La actriz, que sigue interpretando la obra de teatro<b>\u00a0La Malquerida <\/b>en su gira por varias ciudades espa\u00f1olas desde mayo pasado, disfrut\u00f3 en un descanso de su agenda de la compa\u00f1\u00eda de Maxi. Ambos vest\u00edan <b>ropa informal<\/b>: Aitana un pantal\u00f3n ancho negro y una camisa blanca con un bolso de paja; el actor unos pantalones verdes, una camiseta oscura y gafas de sol. De esta cita se ha hecho eco la revista &#8216;Hola&#8217;.\u00a0<\/p>\n<p class=\"c-paragraph\">Su relaci\u00f3n se supo hace cinco meses, cuando ambos fueron fotografiados juntos paseando por las calles de Madrid.\u00a0 Entonces, fue la revista \u00abLecturas la que public\u00f3 la noticia.\u00a0<\/p>\n<p class=\"c-paragraph\">Ambos <b>coincidieron en el rodaje de la serie televisiva Velvet<\/b>. Aitana S\u00e1nchez-Gij\u00f3n daba vida a Blanca Soto, una estricta jefa de taller, mientras que Maxi Iglesias interpretaba a Max Exp\u00f3sito, un joven empleado de los grandes almacenes. Ambos viv\u00edan un apasionado romance pese a que ella ten\u00eda muchos m\u00e1s a\u00f1os que \u00e9l, adem\u00e1s de ser su superiora jer\u00e1rquica.\u00a0<\/p>\n<p class=\"c-paragraph\">Ya a ra\u00edz de aquella serie, el actor se deshac\u00eda en elogios hacia su compa\u00f1era de reparto, asegurando que hab\u00eda sido la mejor experiencia que hab\u00eda tenido con una compa\u00f1era mayor. \u00ab<b>Trabajar con ella ha sido hacer realidad un sue\u00f1o\u00bb, asegur\u00f3\u00a0<\/b>durante la promoci\u00f3n de la serie.\u00a0<\/p>\n","protected":false},"excerpt":{"rendered":"Despu\u00e9s de semanas sin noticias de su relaci\u00f3n, todo apunta a que los actores Aitana S\u00e1nchez-Gij\u00f3n y Maxi&hellip;\n","protected":false},"author":2,"featured_media":737582,"comment_status":"","ping_status":"","sticky":false,"template":"","format":"standard","meta":{"footnotes":""},"categories":[91],"tags":[5520,1733,146,147,25,24,1300,21711,2477,130933,23,130934],"class_list":["post-737581","post","type-post","status-publish","format-standard","has-post-thumbnail","category-entretenimiento","tag-aitana-sanchez-gijon","tag-amor","tag-entertainment","tag-entretenimiento","tag-es","tag-espana","tag-juntos","tag-maxi-iglesias","tag-pareja","tag-paseando","tag-spain","tag-utrillas"],"share_on_mastodon":{"url":"https:\/\/pubeurope.com\/@es\/117180873440241522","error":""},"_links":{"self":[{"href":"https:\/\/www.europesays.com\/es\/wp-json\/wp\/v2\/posts\/737581","targetHints":{"allow":["GET"]}}],"collection":[{"href":"https:\/\/www.europesays.com\/es\/wp-json\/wp\/v2\/posts"}],"about":[{"href":"https:\/\/www.europesays.com\/es\/wp-json\/wp\/v2\/types\/post"}],"author":[{"embeddable":true,"href":"https:\/\/www.europesays.com\/es\/wp-json\/wp\/v2\/users\/2"}],"replies":[{"embeddable":true,"href":"https:\/\/www.europesays.com\/es\/wp-json\/wp\/v2\/comments?post=737581"}],"version-history":[{"count":0,"href":"https:\/\/www.europesays.com\/es\/wp-json\/wp\/v2\/posts\/737581\/revisions"}],"wp:featuredmedia":[{"embeddable":true,"href":"https:\/\/www.europesays.com\/es\/wp-json\/wp\/v2\/media\/737582"}],"wp:attachment":[{"href":"https:\/\/www.europesays.com\/es\/wp-json\/wp\/v2\/media?parent=737581"}],"wp:term":[{"taxonomy":"category","embeddable":true,"href":"https:\/\/www.europesays.com\/es\/wp-json\/wp\/v2\/categories?post=737581"},{"taxonomy":"post_tag","embeddable":true,"href":"https:\/\/www.europesays.com\/es\/wp-json\/wp\/v2\/tags?post=737581"}],"curies":[{"name":"wp","href":"https:\/\/api.w.org\/{rel}","templated":true}]}}