{"id":737601,"date":"2026-08-29T21:33:33","date_gmt":"2026-08-29T21:33:33","guid":{"rendered":"https:\/\/www.europesays.com\/es\/737601\/"},"modified":"2026-08-29T21:33:33","modified_gmt":"2026-08-29T21:33:33","slug":"furia-el-exitoso-thriller-de-disney-confirmo-el-estreno-de-su-segunda-temporada","status":"publish","type":"post","link":"https:\/\/www.europesays.com\/es\/737601\/","title":{"rendered":"Furia, el exitoso thriller de Disney+, confirm\u00f3 el estreno de su segunda temporada"},"content":{"rendered":"\n<p id=\"p-1788034259834-98803\" dir=\"ltr\">La <strong>serie<\/strong> fue ganando impulso semana tras semana, con un crecimiento sostenido de la audiencia. Las visualizaciones del episodio 7 aumentaron un 40% con respecto al estreno (seg\u00fan las visualizaciones del primer d\u00eda). Adem\u00e1s, la serie obtuvo la certificaci\u00f3n \u00abCertified Fresh\u00bb de Rotten Tomatoes, con una puntuaci\u00f3n del 100% el d\u00eda de su lanzamiento, y se ha mantenido s\u00f3lida, con un 98%.<\/p>\n","protected":false},"excerpt":{"rendered":"La serie fue ganando impulso semana tras semana, con un crecimiento sostenido de la audiencia. Las visualizaciones del&hellip;\n","protected":false},"author":2,"featured_media":737602,"comment_status":"","ping_status":"","sticky":false,"template":"","format":"standard","meta":{"footnotes":""},"categories":[171],"tags":[16331,146,147,25,24,156,23,214],"class_list":["post-737601","post","type-post","status-publish","format-standard","has-post-thumbnail","category-tv","tag-disney-plus","tag-entertainment","tag-entretenimiento","tag-es","tag-espana","tag-serie","tag-spain","tag-tv"],"share_on_mastodon":{"url":"https:\/\/pubeurope.com\/@es\/117180944116179759","error":""},"_links":{"self":[{"href":"https:\/\/www.europesays.com\/es\/wp-json\/wp\/v2\/posts\/737601","targetHints":{"allow":["GET"]}}],"collection":[{"href":"https:\/\/www.europesays.com\/es\/wp-json\/wp\/v2\/posts"}],"about":[{"href":"https:\/\/www.europesays.com\/es\/wp-json\/wp\/v2\/types\/post"}],"author":[{"embeddable":true,"href":"https:\/\/www.europesays.com\/es\/wp-json\/wp\/v2\/users\/2"}],"replies":[{"embeddable":true,"href":"https:\/\/www.europesays.com\/es\/wp-json\/wp\/v2\/comments?post=737601"}],"version-history":[{"count":0,"href":"https:\/\/www.europesays.com\/es\/wp-json\/wp\/v2\/posts\/737601\/revisions"}],"wp:featuredmedia":[{"embeddable":true,"href":"https:\/\/www.europesays.com\/es\/wp-json\/wp\/v2\/media\/737602"}],"wp:attachment":[{"href":"https:\/\/www.europesays.com\/es\/wp-json\/wp\/v2\/media?parent=737601"}],"wp:term":[{"taxonomy":"category","embeddable":true,"href":"https:\/\/www.europesays.com\/es\/wp-json\/wp\/v2\/categories?post=737601"},{"taxonomy":"post_tag","embeddable":true,"href":"https:\/\/www.europesays.com\/es\/wp-json\/wp\/v2\/tags?post=737601"}],"curies":[{"name":"wp","href":"https:\/\/api.w.org\/{rel}","templated":true}]}}