{"id":737607,"date":"2026-08-29T21:38:21","date_gmt":"2026-08-29T21:38:21","guid":{"rendered":"https:\/\/www.europesays.com\/es\/737607\/"},"modified":"2026-08-29T21:38:21","modified_gmt":"2026-08-29T21:38:21","slug":"baile-cante-y-toque-para-cerrar-el-flamenco-on-fire-2026","status":"publish","type":"post","link":"https:\/\/www.europesays.com\/es\/737607\/","title":{"rendered":"Baile, cante y toque para cerrar el Flamenco On Fire 2026"},"content":{"rendered":"<p>\n        <strong>Flamenco on Fire 2026 ya es historia<\/strong>. La 13\u00aa edici\u00f3n, o la 12+1 para los supersticiosos, finaliz\u00f3 este s\u00e1bado con actividades como las que aparecen reflejadas junto a estas l\u00edneas.\n<\/p>\n<p>    <a href=\"https:\/\/www.noticiasdenavarra.com\/fotos\/pamplona\/2026\/08\/29\/flamenco-on-fire-flashmob-cuarto-11482205.html\" rel=\"nofollow noopener\" target=\"_blank\"><\/p>\n<p>    <img loading=\"lazy\" decoding=\"async\" class=\"lazy-place\" src=\"data:image\/svg+xml,%3Csvg xmlns=&quot;http:\/\/www.w3.org\/2000\/svg&quot; viewBox=&quot;0 0 880 495&quot;%3E%3C\/svg%3E\" height=\"495\" width=\"880\" alt=\"\" style=\"width:100%; height:auto; max-width:100%;\"\/><\/p>\n<p>    <\/a><\/p>\n<p>    <a href=\"https:\/\/www.noticiasdenavarra.com\/fotos\/pamplona\/2026\/08\/29\/flamenco-on-fire-flashmob-cuarto-11482205.html\" class=\"article-photo__multimedia\" rel=\"nofollow noopener\" target=\"_blank\"><\/p>\n<p>        9<br \/>\n    <\/a><\/p>\n<p class=\"article-photo__footer\">\n        Un flashmob en el &#8216;cuarto de estar&#8217; de Pamplona<br \/>\n                    I\u00f1aki Porto\n            <\/p>\n<p class=\"article-body__text \">\n        As\u00ed, si en los balcones del Ayuntamiento y La Perla actuaron Manuel Moreno Maya y Ni\u00f1o Seve y Miguel \u00c1ngel Heredia y Crist\u00f3bal Santiago; en la Plaza del Castillo, la Escuela Sandra Gallardo y el Centro El Juncal lideraron un animado flashmob.\n<\/p>\n<p class=\"article-body__text \">\n        Por la tarde, Alejandro Hurtado cerr\u00f3 el Escenario Sabicas, y Yerai Cort\u00e9s llen\u00f3 Baluarte con Solo.<\/p>\n","protected":false},"excerpt":{"rendered":"Flamenco on Fire 2026 ya es historia. La 13\u00aa edici\u00f3n, o la 12+1 para los supersticiosos, finaliz\u00f3 este&hellip;\n","protected":false},"author":2,"featured_media":737608,"comment_status":"","ping_status":"","sticky":false,"template":"","format":"standard","meta":{"footnotes":""},"categories":[91],"tags":[4787,18242,5417,146,147,25,24,11925,23,26111],"class_list":["post-737607","post","type-post","status-publish","format-standard","has-post-thumbnail","category-entretenimiento","tag-baile","tag-cante","tag-cerrar","tag-entertainment","tag-entretenimiento","tag-es","tag-espana","tag-flamenco","tag-spain","tag-toque"],"share_on_mastodon":{"url":"https:\/\/pubeurope.com\/@es\/117180963781613679","error":""},"_links":{"self":[{"href":"https:\/\/www.europesays.com\/es\/wp-json\/wp\/v2\/posts\/737607","targetHints":{"allow":["GET"]}}],"collection":[{"href":"https:\/\/www.europesays.com\/es\/wp-json\/wp\/v2\/posts"}],"about":[{"href":"https:\/\/www.europesays.com\/es\/wp-json\/wp\/v2\/types\/post"}],"author":[{"embeddable":true,"href":"https:\/\/www.europesays.com\/es\/wp-json\/wp\/v2\/users\/2"}],"replies":[{"embeddable":true,"href":"https:\/\/www.europesays.com\/es\/wp-json\/wp\/v2\/comments?post=737607"}],"version-history":[{"count":0,"href":"https:\/\/www.europesays.com\/es\/wp-json\/wp\/v2\/posts\/737607\/revisions"}],"wp:featuredmedia":[{"embeddable":true,"href":"https:\/\/www.europesays.com\/es\/wp-json\/wp\/v2\/media\/737608"}],"wp:attachment":[{"href":"https:\/\/www.europesays.com\/es\/wp-json\/wp\/v2\/media?parent=737607"}],"wp:term":[{"taxonomy":"category","embeddable":true,"href":"https:\/\/www.europesays.com\/es\/wp-json\/wp\/v2\/categories?post=737607"},{"taxonomy":"post_tag","embeddable":true,"href":"https:\/\/www.europesays.com\/es\/wp-json\/wp\/v2\/tags?post=737607"}],"curies":[{"name":"wp","href":"https:\/\/api.w.org\/{rel}","templated":true}]}}