{"id":737653,"date":"2026-08-29T22:17:19","date_gmt":"2026-08-29T22:17:19","guid":{"rendered":"https:\/\/www.europesays.com\/es\/737653\/"},"modified":"2026-08-29T22:17:19","modified_gmt":"2026-08-29T22:17:19","slug":"tokonoma-la-tendencia-japonesa-que-apuesta-por-el-minimalismo-en-la-decoracion","status":"publish","type":"post","link":"https:\/\/www.europesays.com\/es\/737653\/","title":{"rendered":"Tokonoma: la tendencia japonesa que apuesta por el minimalismo en la decoraci\u00f3n"},"content":{"rendered":"<p class=\"c-paragraph\"><b\/>La decoraci\u00f3n japonesa sigue ganando terreno en los hogares que buscan espacios m\u00e1s serenos, despejados y conectados con la naturaleza. <b>Despu\u00e9s del auge del estilo japandi, un nuevo concepto empieza a imponerse entre las <a href=\"https:\/\/www.20minutos.es\/mujer\/decoracion\/como-decorar-tu-casa-si-no-tienes-ni-idea-diseno-segun-guru-interiorismo-frances-sarah-poniatowski_6937804_0.html\" rel=\"nofollow noopener\" target=\"_blank\">tendencias de interiorismo<\/a>: tokonoma.<\/b><\/p>\n<p class=\"c-paragraph\">Aunque ahora vuelve como una forma de crear rincones minimalistas, el tokonoma forma parte de la arquitectura tradicional japonesa desde hace siglos. <b>Su propuesta encaja perfectamente con una manera de decorar que se aleja de la acumulaci\u00f3n y concede m\u00e1s importancia a los objetos que realmente significan algo.<\/b><\/p>\n<p>Qu\u00e9 es un tokonoma<\/p>\n<p class=\"c-paragraph\"><b>El tokonoma es una peque\u00f1a alcoba o espacio ligeramente elevado que se encuentra en las habitaciones tradicionales japonesas. <\/b>No se utiliza para guardar cosas ni tiene una funci\u00f3n pr\u00e1ctica. Es un lugar reservado para exponer de manera cuidada una pintura, un arreglo floral o alguna <a href=\"https:\/\/www.20minutos.es\/mujer\/decoracion\/tu-casa-te-relaja-te-estresa-una-artista-explica-como-saberlo_6984170_0.html\" rel=\"nofollow noopener\" target=\"_blank\">obra de arte<\/a> relacionada con la estaci\u00f3n del a\u00f1o.<\/p>\n<p class=\"c-paragraph\">La intenci\u00f3n no es llenar el hueco, sino dirigir la mirada hacia uno o dos elementos elegidos de forma consciente. <b>El espacio vac\u00edo tambi\u00e9n forma parte de la composici\u00f3n y permite que cada pieza tenga presencia sin necesidad de competir con otros adornos.<\/b><\/p>\n<p class=\"c-paragraph\">Tradicionalmente, el tokonoma ocupaba un lugar destacado en la habitaci\u00f3n destinada a recibir a las visitas. <b>Su decoraci\u00f3n pod\u00eda cambiar con las estaciones o adaptarse a una ocasi\u00f3n concreta, por lo que no era un rinc\u00f3n est\u00e1tico.<\/b><\/p>\n<p>C\u00f3mo adaptar esta tendencia al hogar<\/p>\n<p class=\"c-paragraph\"><b\/>No hace falta construir una hornacina ni transformar por completo el sal\u00f3n para incorporar esta tendencia a la decoraci\u00f3n de la casa. <b>La idea puede trasladarse a una pared vac\u00eda, una repisa o un peque\u00f1o hueco<\/b> que hasta ahora hab\u00eda pasado desapercibido.<\/p>\n<p class=\"c-paragraph\">Lo importante es evitar la tentaci\u00f3n de llenarlo. <b>Puede bastar con una l\u00e1mina, una rama colocada en un jarr\u00f3n de cer\u00e1mica o una pieza artesanal.<\/b> Tambi\u00e9n funcionan bien los materiales naturales, como la madera, la piedra, el lino o el papel, y los colores suaves que no rompan la sensaci\u00f3n de calma.<\/p>\n<p class=\"c-paragraph\">La iluminaci\u00f3n tambi\u00e9n tiene peso. <b>Una luz indirecta o <a href=\"https:\/\/www.20minutos.es\/mujer\/decoracion\/ikea-reinventa-lampara-donut-naranja_6967358_0.html\" rel=\"nofollow noopener\" target=\"_blank\">una l\u00e1mpara peque\u00f1a<\/a> <\/b>puede ayudar a delimitar el rinc\u00f3n y convertirlo en un punto de atenci\u00f3n sin que resulte demasiado llamativo.<\/p>\n<p class=\"c-paragraph\"><b>Se trata de crear un peque\u00f1o lugar que <a href=\"https:\/\/www.20minutos.es\/mujer\/estar-bien\/mindful-home-tecnica-para-tener-casa-ordenada-ser-mas-feliz_5701862_0.html\" rel=\"nofollow noopener\" target=\"_blank\">transmita orden y serenidad<\/a> dentro de una estancia<\/b>, aunque el resto de la decoraci\u00f3n sea m\u00e1s c\u00e1lida o tenga mayor presencia de color.\u00a0<\/p>\n<p class=\"c-paragraph\">Adem\u00e1s, el contenido puede cambiar con el paso de los meses. <b><a href=\"https:\/\/www.20minutos.es\/mujer\/decoracion\/esta-es-planta-que-los-interioristas-recomiendan-para-refrescar-ambiente-este-verano_7007368_0.html\" title=\"Esta es la planta que los interioristas recomiendan para refrescar el ambiente este verano\" rel=\"nofollow noopener\" target=\"_blank\">Una planta<\/a>, una rama seca en oto\u00f1o o un cuadro<\/b>\u00a0pueden renovar el rinc\u00f3n sin comprar muebles ni necesidad de hacer grandes cambios.<\/p>\n","protected":false},"excerpt":{"rendered":"La decoraci\u00f3n japonesa sigue ganando terreno en los hogares que buscan espacios m\u00e1s serenos, despejados y conectados con&hellip;\n","protected":false},"author":2,"featured_media":737654,"comment_status":"","ping_status":"","sticky":false,"template":"","format":"standard","meta":{"footnotes":""},"categories":[173],"tags":[229,233,231,230,385,8372,232,234,146,147,25,24,34351,267,23,2922,130945],"class_list":["post-737653","post","type-post","status-publish","format-standard","has-post-thumbnail","category-arte-y-diseno","tag-arte","tag-arte-y-diseno","tag-arts","tag-arts-and-design","tag-casa","tag-decoracion","tag-design","tag-diseno","tag-entertainment","tag-entretenimiento","tag-es","tag-espana","tag-japonesa","tag-planseo","tag-spain","tag-tendencias","tag-tokonoma"],"share_on_mastodon":{"url":"https:\/\/pubeurope.com\/@es\/117181116996490919","error":""},"_links":{"self":[{"href":"https:\/\/www.europesays.com\/es\/wp-json\/wp\/v2\/posts\/737653","targetHints":{"allow":["GET"]}}],"collection":[{"href":"https:\/\/www.europesays.com\/es\/wp-json\/wp\/v2\/posts"}],"about":[{"href":"https:\/\/www.europesays.com\/es\/wp-json\/wp\/v2\/types\/post"}],"author":[{"embeddable":true,"href":"https:\/\/www.europesays.com\/es\/wp-json\/wp\/v2\/users\/2"}],"replies":[{"embeddable":true,"href":"https:\/\/www.europesays.com\/es\/wp-json\/wp\/v2\/comments?post=737653"}],"version-history":[{"count":0,"href":"https:\/\/www.europesays.com\/es\/wp-json\/wp\/v2\/posts\/737653\/revisions"}],"wp:featuredmedia":[{"embeddable":true,"href":"https:\/\/www.europesays.com\/es\/wp-json\/wp\/v2\/media\/737654"}],"wp:attachment":[{"href":"https:\/\/www.europesays.com\/es\/wp-json\/wp\/v2\/media?parent=737653"}],"wp:term":[{"taxonomy":"category","embeddable":true,"href":"https:\/\/www.europesays.com\/es\/wp-json\/wp\/v2\/categories?post=737653"},{"taxonomy":"post_tag","embeddable":true,"href":"https:\/\/www.europesays.com\/es\/wp-json\/wp\/v2\/tags?post=737653"}],"curies":[{"name":"wp","href":"https:\/\/api.w.org\/{rel}","templated":true}]}}