{"id":737661,"date":"2026-08-29T22:24:13","date_gmt":"2026-08-29T22:24:13","guid":{"rendered":"https:\/\/www.europesays.com\/es\/737661\/"},"modified":"2026-08-29T22:24:13","modified_gmt":"2026-08-29T22:24:13","slug":"la-emotiva-despedida-al-torero-cordobes-cayetano-de-julia-en-imagenes-abc","status":"publish","type":"post","link":"https:\/\/www.europesays.com\/es\/737661\/","title":{"rendered":"La emotiva despedida al torero cordob\u00e9s Cayetano de Julia, en im\u00e1genes &#8211; ABC"},"content":{"rendered":"<ol>\n<li><a href=\"https:\/\/news.google.com\/rss\/articles\/CBMiwwFBVV95cUxOZXFKSTVJQkNxRHpfVnhQUVIxLWtyMXRhbVFYcW9lRHhTZlg4c2xmVkp3VVVjSVNDNFRienNVSlE1TzBOS2psc0M2WklGTlVIaDVCQndkQ2tWY3VjZmVXQnRSRVdVSTF1WGRZTHZoVS02XzFPRHhoQ2I4Nnh5Yl9hX293WmFrSUwtd1VTaUxEa0hnUFlhdW1ERDc3YUJZbWpnM3N4U2pJb3JnODJkdXV5Y1l1cUVTaHlkeURUVi1ubEZ3VXc?oc=5\" target=\"_blank\" rel=\"nofollow noopener\">La emotiva despedida al torero cordob\u00e9s Cayetano de Julia, en im\u00e1genes<\/a>&nbsp;&nbsp;ABC<\/li>\n<li><a href=\"https:\/\/news.google.com\/rss\/articles\/CBMigwFBVV95cUxPWTBtQjE5aWdqOEVDMFU0THpBRzUySDJfcmttdm1HVmF0SkNpRHBZaXVyUjd5MHh2RWU2bWZkbVVCUFNNQms0SUw4Q0Y0UmJ2NzhaZFVDWlBkYndIcE9XX1hOLW1EVHRXeEM2dlF5T3FPMERDMG9Vcm1VUWMzOXliN0wtRdIBgwFBVV95cUxNbUMwd2wwQ29KNVFjb3FqemJpSjd0ZXZ2aEY3VldnSnhSeXhOR2hSVENPOXlicE10bVYxOVZDRVF6dkpwUGo4d2tlakRCbzM2LVN4OWVScnRtYWJya2dob0ZDZTU1aFFaNmczdVZxQlNOX1c1LUVKQTctcHI4THBIeWlyZw?oc=5\" target=\"_blank\" rel=\"nofollow noopener\">Muere a los 55 a\u00f1os el torero Cayetano de Julia tras sufrir un desvanecimiento mientras hac\u00eda deporte<\/a>&nbsp;&nbsp;El Mundo<\/li>\n<li><a href=\"https:\/\/news.google.com\/rss\/articles\/CBMimAFBVV95cUxNMllzVDNlNW9xalQ0N2Utai1CbjlqalBIUU5fTWY4bGo2bTd5UmxmTzJucEpPNm93c0tYc3BSOGQ3eDkzSHZZeW81Vk1wcHhRSWhWNDlXZkdyNTF3R0FQbUNrei1sRU9iT21QR3RkLVVZZWpZSnVIZUVpU1F5SVYtSC02STEyUDVFOEctMzZXWm5BeTNHZDFsWg?oc=5\" target=\"_blank\" rel=\"nofollow noopener\">Fallece el torero Cayetano de Julia mientras hac\u00eda deporte en un parque de C\u00f3rdoba<\/a>&nbsp;&nbsp;El Confidencial<\/li>\n<li><a href=\"https:\/\/news.google.com\/rss\/articles\/CBMizgFBVV95cUxOcThMZkdWcjk0amMtaXcwVUZxVFIxc3lPVFRyOHR2SHRGcUJYUlMxNlRGaUROTEtPcEZCV29tajBHRVBEZ0o4VTFJNEVXS1RuSm9PUjRHU0JIR0RHRUtxYlYzdE1PdWV1TGNpbTFCTWttRDd4dnJrMmJnWTBpcEpkNDdwYVlyRFMwUGp1OHh5eWZQWFlLaG4yTjBWWTBsNlRDLTItOHhKdTA2Q2tNV0JIczMxeGlpd0c1SC1ZUzM0MHNVRExUTmt2dEppdkJSQQ?oc=5\" target=\"_blank\" rel=\"nofollow noopener\">Muere en el circuito del Parque Cruz Conde el matador y empresario Cayetano de Julia<\/a>&nbsp;&nbsp;elDiario.es<\/li>\n<li><a href=\"https:\/\/news.google.com\/rss\/articles\/CBMirgFBVV95cUxOXy1OOWc3ejlENHdQb0lXQjAxWXNNWTF6SnhaSkRsU2tweE53SUp0MV8xbzA1TEpNRTBHMEZ2X3p1c2NzZ2JJeFZqM09SSkRfVExpTXlWQ2NCTDlGWDNTZVZqdmZPclVYcVhBMzF6elF1RWNGajBzUTJhcVJkbEhIWkNwSGpuZWtXbmV5XzhPcHhtUHJ1VXctMlhkcXJvQzBqeTRQTGx6eWFTUzRkUWfSAbMBQVVfeXFMTUtwMTAxalk4Y01tRWFyUWxVZ0Mzb0lFOXhtTXB3d1M2NmVucDQwSEdQWldsSjhxdHJ3OFU0RmlyVlpWeEs5UFJaSFV3QzZaVVplRFNQZWdIUkc0WkNmbXRKQUlpWnFFTmhTT0NtTk91MERFRWFEUVpzQTdaSXV6Y25ReVU1M0QzSGpBNEpLek9PQk4wOFg1RUIxekwyREJGN3JDaXJEcTB0blZkU0EzcS05WjQ?oc=5\" target=\"_blank\" rel=\"nofollow noopener\">El torero cordob\u00e9s Cayetano de Julia fallece de manera repentina mientras hac\u00eda ejercicio en el parque Cruz Conde<\/a>&nbsp;&nbsp;Diario C\u00f3rdoba<\/li>\n<\/ol>\n","protected":false},"excerpt":{"rendered":"La emotiva despedida al torero cordob\u00e9s Cayetano de Julia, en im\u00e1genes&nbsp;&nbsp;ABC Muere a los 55 a\u00f1os el torero&hellip;\n","protected":false},"author":2,"featured_media":737662,"comment_status":"","ping_status":"","sticky":false,"template":"","format":"standard","meta":{"footnotes":""},"categories":[91],"tags":[4812,3042,204,10187,146,147,25,24,1641,18772,23,1570],"class_list":["post-737661","post","type-post","status-publish","format-standard","has-post-thumbnail","category-entretenimiento","tag-cayetano","tag-cordobes","tag-despedida","tag-emotiva","tag-entertainment","tag-entretenimiento","tag-es","tag-espana","tag-imagenes","tag-julia","tag-spain","tag-torero"],"share_on_mastodon":{"url":"https:\/\/pubeurope.com\/@es\/117181144758795904","error":""},"_links":{"self":[{"href":"https:\/\/www.europesays.com\/es\/wp-json\/wp\/v2\/posts\/737661","targetHints":{"allow":["GET"]}}],"collection":[{"href":"https:\/\/www.europesays.com\/es\/wp-json\/wp\/v2\/posts"}],"about":[{"href":"https:\/\/www.europesays.com\/es\/wp-json\/wp\/v2\/types\/post"}],"author":[{"embeddable":true,"href":"https:\/\/www.europesays.com\/es\/wp-json\/wp\/v2\/users\/2"}],"replies":[{"embeddable":true,"href":"https:\/\/www.europesays.com\/es\/wp-json\/wp\/v2\/comments?post=737661"}],"version-history":[{"count":0,"href":"https:\/\/www.europesays.com\/es\/wp-json\/wp\/v2\/posts\/737661\/revisions"}],"wp:featuredmedia":[{"embeddable":true,"href":"https:\/\/www.europesays.com\/es\/wp-json\/wp\/v2\/media\/737662"}],"wp:attachment":[{"href":"https:\/\/www.europesays.com\/es\/wp-json\/wp\/v2\/media?parent=737661"}],"wp:term":[{"taxonomy":"category","embeddable":true,"href":"https:\/\/www.europesays.com\/es\/wp-json\/wp\/v2\/categories?post=737661"},{"taxonomy":"post_tag","embeddable":true,"href":"https:\/\/www.europesays.com\/es\/wp-json\/wp\/v2\/tags?post=737661"}],"curies":[{"name":"wp","href":"https:\/\/api.w.org\/{rel}","templated":true}]}}