{"id":737733,"date":"2026-08-29T23:16:20","date_gmt":"2026-08-29T23:16:20","guid":{"rendered":"https:\/\/www.europesays.com\/es\/737733\/"},"modified":"2026-08-29T23:16:20","modified_gmt":"2026-08-29T23:16:20","slug":"un-hombre-ingresado-al-partirse-las-dos-piernas-en-un-accidente-en-el-parque-warner-de-madrid","status":"publish","type":"post","link":"https:\/\/www.europesays.com\/es\/737733\/","title":{"rendered":"Un hombre, ingresado al partirse las dos piernas en un accidente en el Parque Warner de Madrid"},"content":{"rendered":"<p style=\"\">Un hombre de 49 a\u00f1os ha resultado herido potencialmente grave este s\u00e1bado tras sufrir un accidente en una monta\u00f1a rusa en el Parque Warner ubicado en la localidad de San Mart\u00edn de la Vega.<\/p>\n<p style=\"\">El accidente se ha producido en la atracci\u00f3n conocida como Batman  &#8230; Gotham City Escape, una monta\u00f1a rusa de 45 metros de altura que se convirti\u00f3 en la primera atracci\u00f3n multi-launch (o de lanzamientos m\u00faltiples) de Espa\u00f1a con su puesta en funcionamiento en 2023.<\/p>\n<p class=\"v-d-p\" style=\"\">En concreto, propone un viaje narrativo por la historia de Batman narrado en una ca\u00edda de 98 grados a 45 metros de altura, con m\u00faltiples giros completos y lanzamientos a m\u00e1s de 100 kil\u00f3metros por hora en unos pocos segundos.<\/p>\n<ul class=\"v-cmp-rld__u\">\n<li class=\"v-cmp-rld__l\">\n<p><a class=\"v-a-lnk\" href=\"http:\/\/www.abc.es\/espana\/madrid\/nuevo-tiroteo-clanes-herido-abandonado-puerta-hospital-20260828105601-nt.html#vtm_modulosEngag=noticiasrelacionadas-cmp-uno:espana:noticia:1\" data-voc-vtm-id=\"in-text-traffic\" rel=\"nofollow noopener\" target=\"_blank\"><br \/>\n<img decoding=\"async\" loading=\"lazy\" src=\"https:\/\/www.europesays.com\/es\/wp-content\/uploads\/2026\/08\/1469114211-Ry8exjSUYyHIU6u0vj8fQfK-1200x840@diario_abc-U13031780841eNK-366x256@diario_abc.jpg\" class=\"v-a-img\" width=\"258\" height=\"180\" alt=\"Nuevo tiroteo entre clanes, con un herido abandonado en la puerta de un hospital\"\/><br \/>\n<\/a><\/p>\n<\/li>\n<\/ul>\n<p class=\"v-d-p\" style=\"\">Como consecuencia del mismo, el hombre ha sufrido una fractura abierta en la pierna izquierda, as\u00ed como otra cerrada en la pierna derecha, seg\u00fan han informado a Europa Press fuentes de Emergencias 112 Comunidad de Madrid.<\/p>\n<p class=\"v-d-p\" style=\"\">Tras ser atendido en el lugar, ha sido evacuado en helic\u00f3ptero hasta el Hospital 12 de Octubre, donde ha ingresado con pron\u00f3stico potencialmente grave para una valoraci\u00f3n m\u00e1s exhaustiva. Tambi\u00e9n han acudido agentes de la Guardia Civil y de la Polic\u00eda Local.<\/p>\n<p class=\"v-d-p\" style=\"\">La atracci\u00f3n, explica el parque a trav\u00e9s de un comunicado, se detuvo inmediatamente, activ\u00e1ndose los procedimientos de emergencia. \u00abLa persona afectada fue atendida de forma inmediata por los equipos de emergencia. Actualmente, la monta\u00f1a rusa permanece cerrada mientras se revisa el incidente en coordinaci\u00f3n con las autoridades\u00bb, indica el escrito.<\/p>\n","protected":false},"excerpt":{"rendered":"Un hombre de 49 a\u00f1os ha resultado herido potencialmente grave este s\u00e1bado tras sufrir un accidente en una&hellip;\n","protected":false},"author":2,"featured_media":737734,"comment_status":"","ping_status":"","sticky":false,"template":"","format":"standard","meta":{"footnotes":""},"categories":[8],"tags":[4205,17,18,25,24,13,14,12050,11,53,366,19,20,205,9,10,15,16,5993,23,18389,12,575,21,22,8968],"class_list":["post-737733","post","type-post","status-publish","format-standard","has-post-thumbnail","category-espana","tag-accidente","tag-breaking-news","tag-breakingnews","tag-es","tag-espana","tag-featured-news","tag-featurednews","tag-grave","tag-headlines","tag-herido","tag-hombre","tag-latest-news","tag-latestnews","tag-madrid","tag-news","tag-noticias","tag-noticias-destacadas","tag-noticiasdestacadas","tag-parque","tag-spain","tag-sufrir","tag-titulares","tag-tras","tag-ultimas-noticias","tag-ultimasnoticias","tag-warner"],"share_on_mastodon":{"url":"https:\/\/pubeurope.com\/@es\/117181349763798769","error":""},"_links":{"self":[{"href":"https:\/\/www.europesays.com\/es\/wp-json\/wp\/v2\/posts\/737733","targetHints":{"allow":["GET"]}}],"collection":[{"href":"https:\/\/www.europesays.com\/es\/wp-json\/wp\/v2\/posts"}],"about":[{"href":"https:\/\/www.europesays.com\/es\/wp-json\/wp\/v2\/types\/post"}],"author":[{"embeddable":true,"href":"https:\/\/www.europesays.com\/es\/wp-json\/wp\/v2\/users\/2"}],"replies":[{"embeddable":true,"href":"https:\/\/www.europesays.com\/es\/wp-json\/wp\/v2\/comments?post=737733"}],"version-history":[{"count":0,"href":"https:\/\/www.europesays.com\/es\/wp-json\/wp\/v2\/posts\/737733\/revisions"}],"wp:featuredmedia":[{"embeddable":true,"href":"https:\/\/www.europesays.com\/es\/wp-json\/wp\/v2\/media\/737734"}],"wp:attachment":[{"href":"https:\/\/www.europesays.com\/es\/wp-json\/wp\/v2\/media?parent=737733"}],"wp:term":[{"taxonomy":"category","embeddable":true,"href":"https:\/\/www.europesays.com\/es\/wp-json\/wp\/v2\/categories?post=737733"},{"taxonomy":"post_tag","embeddable":true,"href":"https:\/\/www.europesays.com\/es\/wp-json\/wp\/v2\/tags?post=737733"}],"curies":[{"name":"wp","href":"https:\/\/api.w.org\/{rel}","templated":true}]}}