{"id":737747,"date":"2026-08-29T23:35:07","date_gmt":"2026-08-29T23:35:07","guid":{"rendered":"https:\/\/www.europesays.com\/es\/737747\/"},"modified":"2026-08-29T23:35:07","modified_gmt":"2026-08-29T23:35:07","slug":"festival-escenario-diez-documentales-de-rock-imperdibles-y-con-entrada-gratuita","status":"publish","type":"post","link":"https:\/\/www.europesays.com\/es\/737747\/","title":{"rendered":"Festival Escenario: diez documentales de rock imperdibles y con entrada gratuita"},"content":{"rendered":"<p class=\"wp-block-paragraph\">Una fiesta para los\u00a0fans\u00a0del cine\u00a0con\u00a0tem\u00e1tica musical. Eso es el <strong>Festival Escenario<\/strong>, que\u00a0tendr\u00e1 su s\u00e9ptima edici\u00f3n entre el domingo 30 de agosto y el domingo 6 de septiembre en Buenos Aires. Una semana\u00a0cargada de pel\u00edculas que refleja la\u00a0variedad de abordajes y la calidad que ha alcanzado el g\u00e9nero documental musical en los \u00faltimos a\u00f1os.\u00a0La programaci\u00f3n,\u00a0repartida\u00a0en distintas salas de la ciudad,\u00a0incluye producciones nacionales y extranjeras,\u00a0largometrajes, cortos\u00a0y proyectos en marcha, t\u00edtulos recientes y homenajes, todo con m\u00fasica de artistas como <strong>Leonard Cohen, Indio Solari,\u00a0Beastie\u00a0Boys,\u00a0Carca<\/strong> y hasta\u00a0<strong>Spinal\u00a0Tap<\/strong>, entre muchos m\u00e1s. Y un detalle: la gran mayor\u00eda, con entrada<strong> libre y gratuita <\/strong>(hasta agotar la capacidad de la sala) \u00a0<\/p>\n<p class=\"wp-block-paragraph\">La programaci\u00f3n completa, con sedes y horarios, se puede <a href=\"https:\/\/www.festivalescenario.com\/edicion-2026\/\" data-type=\"link\" data-id=\"https:\/\/www.festivalescenario.com\/edicion-2026\/\" rel=\"nofollow noopener\" target=\"_blank\">ac\u00e1<\/a>. Estos diez t\u00edtulos imperdibles para mel\u00f3manos y cin\u00e9filos:<\/p>\n<p><strong>1. Leonard Cohen:\u00a0I\u2019m\u00a0Your\u00a0Man:\u00a0<\/strong>Lian Lunson\u00a0registra el concierto tributo al gran cantautor canadiense realizado en enero de 2005 en la\u00a0\u00d3pera de\u00a0Sydney, con <strong>Nick\u00a0Cave,\u00a0Jarvis Cocker,\u00a0Beth Orton y Rufus Wainwright<\/strong>, entre otros,\u00a0con una performance del propio Cohen junto a<strong> U2<\/strong>\u00a0filmada en Nueva York.\u00a0\u00a0<\/p>\n<ol class=\"wp-block-list\">\n<li\/>\n<\/ol>\n<p class=\"wp-block-paragraph\"><strong>2. You\u00a0Fuckers\u00a0Figure\u00a0It\u00a0Out. A Jason Molina Story<\/strong>:\u00a0Tommy Nickoloff, amigo de ese genio por descubrir nacido en Ohio, Jason Molina (1973-2013), conocido por sus bandas\u00a0Songs: Ohia y Magnolia Electric Co., realiza un retrato \u00edntimo, apasionado y vital, haciendo un recorrido por su historia y primeras composiciones. Desde el mismo t\u00edtulo, el director respeta la insistencia de Molina en no explicar una obra que, en cambio, conforma un universo maravilloso.\u00a0\u00a0<\/p>\n<p class=\"wp-block-paragraph\">3. <strong>El camino contrario<\/strong>: estrenado en la \u00faltima edici\u00f3n de Bafici, es documental rescata a la oscura banda de post-punk argentina <strong>El Corte<\/strong> y en particular al enigm\u00e1tico <strong>Hern\u00e1n Darwin Reyna<\/strong>, su guitarrista y cantante, con un final tan sorprendente como tr\u00e1gico. <\/p>\n<p class=\"wp-block-paragraph\">4. <strong>Pr\u00edncipe oscuro<\/strong>. Dirigido por Camilo De Cabo y Nicanor Loreti, este documental cuenta la historia de <strong>Carca<\/strong>, que se sumar\u00e1 a la proyecci\u00f3n con un imperdible\u00a0show\u00a0musical en la sala del Colegio de Abogados.\u00a0<\/p>\n<p class=\"wp-block-paragraph\"><strong>5. Fugs\u00a0Film!:<\/strong>\u00a0Chuck Smith indaga en la historia de <strong>The\u00a0Fugs<\/strong>, an\u00e1rquica banda de folk y proto-punk formada por poetas beat, con un impresionante material de archivo -en el que se destacan im\u00e1genes registradas por\u00a0Jonas\u00a0Mekas y Ken Jacobs- y entrevistas a sus miembros, a Lenny Kaye, Jeffrey Lewis y Robert Crumb, entre otros.\u00a0\u00a0<\/p>\n<p class=\"wp-block-paragraph\"><strong>6. I Wonder\u00a0If\u00a0I\u2019m\u00a0Singing\u00a0What\u00a0You\u2019re\u00a0Thinking\u00a0Me\u00a0To\u00a0Sing:\u00a0<\/strong>de una forma tan rigurosa como hipn\u00f3tica, C. S. Nicholson rompe pr\u00e1cticamente todas las convenciones existentes sobre el registro de los recitales en vivo, potenciando hasta el infinito un poderos\u00edsimo\u00a0show\u00a0solista de Michael Gira, en la que el l\u00edder de los\u00a0Swans\u00a0demuestra c\u00f3mo con s\u00f3lo una guitarra, la voz y el talento se puede transportar a dimensiones desconocidas. Imperdible.\u00a0\u00a0\u00a0<\/p>\n<p class=\"wp-block-paragraph\"><strong>7. PANICO:<\/strong>\u00a0Renata Valencia\u00a0y\u00a0Jorge Catoni\u00a0repasan la carrera de\u00a0la banda franco-chilena hom\u00f3nima, forjada en un contexto postdictadura, tras el retorno del exilio de su l\u00edder, repasando una carrera signada por el rupturismo y la vanguardia, no exenta de autosabotaje y desenfadada confusi\u00f3n.\u00a0\u00a0<\/p>\n<p class=\"wp-block-paragraph\"><strong>8. Ritmos bastardos:<\/strong> el director\u00a0Pablo Mensi sigue la historia de un grupo de m\u00fasicos que encontr\u00f3 en el retorno a sus ra\u00edces culturales el latido de una revoluci\u00f3n musical, un sonido que m\u00e1s tarde se convertir\u00eda en el movimiento global de la cumbia digital y el folklore electr\u00f3nico, alrededor del sello ZZK Records.\u00a0\u00a0<\/p>\n<p class=\"wp-block-paragraph\"><strong>9. The Best Summer: <\/strong>tras estrenar <strong>Billy Madison<\/strong> en 1995, ese inmenso \u00e9xito con Adam Sandler, la directora <strong>Tamra Davis<\/strong> contrajo matrimonio con Mike D, de los\u00a0<strong>Beastie\u00a0Boys<\/strong> y se uni\u00f3 a la banda en una gira que los llevar\u00eda a Australia, junto a <strong>Sonic\u00a0Youth, Foo Fighters,\u00a0Pavement,\u00a0Rancid, Beck, The\u00a0Amps, y Bikini Kill<\/strong>, cuyos\u00a0shows\u00a0y cotidianeidad fueron registrados por la talentosa cineasta, que recuper\u00f3 esa experiencia \u00fanica en esta energizante y contagiosa pel\u00edcula.\u00a0\u00a0<\/p>\n<p class=\"wp-block-paragraph\"><strong>10. We\u00a0are The\u00a0Shaggs<\/strong>.\u00a0Otro de los imperdibles en el Festival Escenario: Ken Kwapis\u00a0rescata la historia de <strong>The\u00a0Shaggs<\/strong>, la banda de\u00a0las hermanas Dot, Betty y Helen Wiggin,\u00a0que en 1969 edit\u00f3\u00a0<strong>Philosophy\u00a0of\u00a0the World<\/strong>,\u00a0se\u00f1alado\u00a0por algunos\u00a0como uno de los peores discos de todos los tiempos.\u00a0Sus instrumentos desafinados, su falta de coordinaci\u00f3n r\u00edtmica y una inusual cualidad compositiva cuyo encanto fascinar\u00eda a Frank Zappa y que llevar\u00eda al cr\u00edtico Lester Bangs a decir que cre\u00eda que el debut de The\u00a0Shaggs\u00a0\u201cpuede compararse con Life\u00a0with\u00a0the Lions (de John Lennon y Yoko\u00a0Ono), Blonde\u00a0on\u00a0Blonde (Bob Dylan) y\u00a0Teenage\u00a0Jesus\u00a0and the Jerks (de la banda hom\u00f3nima), como <strong>uno de los hitos de la historia del\u00a0rock\u2019n\u2019roll<\/strong>\u201d.<\/p>\n<p class=\"wp-block-paragraph\">El cierre del festival ser\u00e1 con<strong> Tsunami, un oc\u00e9ano de gente:<\/strong>\u00a0el documental de Julio Leiva y Maximiliano D\u00edaz, de 2016, que\u00a0registra el \u00faltimo concierto del <strong>Indio Solari<\/strong>, en Tandil,\u00a0junto con un di\u00e1logo del m\u00fasico con Mario Pergolini,\u00a0se proyecta por primera vez en una sala de cine.\u00a0Ser\u00e1 la funci\u00f3n de clausura\u00a0del\u00a0festival, en el cine Gaumont.\u00a0(En este caso, las entradas s\u00ed tienen un costo).<\/p>\n","protected":false},"excerpt":{"rendered":"Una fiesta para los\u00a0fans\u00a0del cine\u00a0con\u00a0tem\u00e1tica musical. Eso es el Festival Escenario, que\u00a0tendr\u00e1 su s\u00e9ptima edici\u00f3n entre el domingo&hellip;\n","protected":false},"author":2,"featured_media":737748,"comment_status":"","ping_status":"","sticky":false,"template":"","format":"standard","meta":{"footnotes":""},"categories":[169],"tags":[92074,15349,177,130963,146,147,25,24,176,130617,175,27525,23,130964],"class_list":["post-737747","post","type-post","status-publish","format-standard","has-post-thumbnail","category-cine","tag-beastie-boys","tag-bob-dylan","tag-cine","tag-el-corte","tag-entertainment","tag-entretenimiento","tag-es","tag-espana","tag-film","tag-leonard-cohen","tag-movies","tag-nick-cave","tag-spain","tag-swans"],"share_on_mastodon":{"url":"https:\/\/pubeurope.com\/@es\/117181423807739239","error":""},"_links":{"self":[{"href":"https:\/\/www.europesays.com\/es\/wp-json\/wp\/v2\/posts\/737747","targetHints":{"allow":["GET"]}}],"collection":[{"href":"https:\/\/www.europesays.com\/es\/wp-json\/wp\/v2\/posts"}],"about":[{"href":"https:\/\/www.europesays.com\/es\/wp-json\/wp\/v2\/types\/post"}],"author":[{"embeddable":true,"href":"https:\/\/www.europesays.com\/es\/wp-json\/wp\/v2\/users\/2"}],"replies":[{"embeddable":true,"href":"https:\/\/www.europesays.com\/es\/wp-json\/wp\/v2\/comments?post=737747"}],"version-history":[{"count":0,"href":"https:\/\/www.europesays.com\/es\/wp-json\/wp\/v2\/posts\/737747\/revisions"}],"wp:featuredmedia":[{"embeddable":true,"href":"https:\/\/www.europesays.com\/es\/wp-json\/wp\/v2\/media\/737748"}],"wp:attachment":[{"href":"https:\/\/www.europesays.com\/es\/wp-json\/wp\/v2\/media?parent=737747"}],"wp:term":[{"taxonomy":"category","embeddable":true,"href":"https:\/\/www.europesays.com\/es\/wp-json\/wp\/v2\/categories?post=737747"},{"taxonomy":"post_tag","embeddable":true,"href":"https:\/\/www.europesays.com\/es\/wp-json\/wp\/v2\/tags?post=737747"}],"curies":[{"name":"wp","href":"https:\/\/api.w.org\/{rel}","templated":true}]}}