{"id":737759,"date":"2026-08-29T23:41:16","date_gmt":"2026-08-29T23:41:16","guid":{"rendered":"https:\/\/www.europesays.com\/es\/737759\/"},"modified":"2026-08-29T23:41:16","modified_gmt":"2026-08-29T23:41:16","slug":"iran-reconoce-que-las-sanciones-de-eeuu-afectan-gravemente-a-su-economia-y-alerta-de-que-si-continuan-aumentara-la-inflacion","status":"publish","type":"post","link":"https:\/\/www.europesays.com\/es\/737759\/","title":{"rendered":"Ir\u00e1n reconoce que las sanciones de EEUU afectan gravemente a su econom\u00eda y alerta de que \u00absi contin\u00faan, aumentar\u00e1 la inflaci\u00f3n\u00bb"},"content":{"rendered":"<p class=\"L6-news-detail__text\">El presidente de Ir\u00e1n, Masud Pezeshkian, ha reconocido que la Rep\u00fablica Isl\u00e1mica se enfrenta a graves problemas por las sanciones econ\u00f3micas de Estados Unidos y el bloqueo de sus puertos y buques, que han hecho <b>disminuir las exportaciones e importaciones <\/b>del pa\u00eds persa \u00abentre un 25% y un 35%\u00bb, tal y como ha indicado el l\u00edder iran\u00ed, quien ha se\u00f1alado que \u00abel significado de esto es evidente para quienes entienden de econom\u00eda\u00bb.<\/p>\n<p class=\"L6-news-detail__text\">As\u00ed, Pezeshkian ha expresado en una entrevista en la televisi\u00f3n estatal que \u00abes evidente que hay problemas en la vida cotidiana de la gente\u00bb, tras lo que ha advertido de que <b>\u00absi las sanciones contin\u00faan, la inflaci\u00f3n aumentar\u00e1\u00bb<\/b>. Ante esta situaci\u00f3n, ha anunciado que <b>promocionar\u00e1 el teletrabajo<\/b> para que se reduzcan los gastos en electricidad, gas y gasolina. Adem\u00e1s, ha asegurado que Ormuz no volver\u00e1 a estar abierto hasta que Trump levante las sanciones.<\/p>\n<p class=\"L6-news-detail__text\">La <b>inflaci\u00f3n interanual se situ\u00f3 en julio en el 87,9%<\/b> y en <b>alimentos y bebidas en el 128%<\/b>, lo que provoca un continuo aumento de los precios.<\/p>\n<p class=\"L6-news-detail__text\">La Rep\u00fablica Isl\u00e1mica lleva d\u00e9cadas sometida a sanciones econ\u00f3micas de Estados Unidos, pero esta semana Washington lanz\u00f3 la operaci\u00f3n &#8216;Paria Econ\u00f3mico&#8217; para<b> aislar a\u00fan m\u00e1s financieramente al pa\u00eds persa<\/b> y tratar de doblegarlo en la guerra que acaba de cumplir seis meses.<\/p>\n<p class=\"L6-news-detail__text\">A ello se suma el <b>cerco que Estados Unidos impuso a los puertos<\/b> y buques iran\u00edes en julio, cuando Teher\u00e1n bloque\u00f3 de nuevo el estrecho de Ormuz. Ese bloqueo ha provocado que las exportaciones e importaciones iran\u00edes hayan disminuido entre un 25% y 35% en los \u00faltimos meses, seg\u00fan Pezeshkian.<\/p>\n<p class=\"L6-news-detail__text\">El mandatario tambi\u00e9n ha explicado que buena parte de las importaciones de su pa\u00eds llegaban por barco, pero ahora el pa\u00eds debe \u00abbuscar rutas alternativas, comprar a precios m\u00e1s altos y <b>transportarlos a un coste mayor<\/b>\u00ab.<\/p>\n<p class=\"L6-news-detail__text\">Las exportaciones de petr\u00f3leo tambi\u00e9n se han visto afectadas, seg\u00fan Pezeshkian, aunque no ha dado m\u00e1s detalles al respecto. En este sentido, s\u00ed ha informado de que durante las semanas que estuvo en vigor el Memorando de Entendimiento firmado con Estados Unidos en junio <b>Teher\u00e1n export\u00f3 90 millones de barriles<\/b> de petr\u00f3leo.<\/p>\n<p>Califica las sanciones de \u00abterrorismo de Estado\u00bb<\/p>\n<p class=\"L6-news-detail__text\">Ir\u00e1n ha calificado las nuevas sanciones estadounidenses de <b>\u00abterrorismo de Estado\u00bb y \u00abguerra econ\u00f3mica\u00bb<\/b> y ha llamado a otros pa\u00edses a no aplicarlas.<\/p>\n<p class=\"L6-news-detail__text\">La mala situaci\u00f3n econ\u00f3mica alimenta el descontento popular y en los \u00faltimos a\u00f1os ha provocado protestas contra la Rep\u00fablica Isl\u00e1mica.<\/p>\n<p class=\"L6-news-detail__text\">Precisamente, el alto coste de la vida provoc\u00f3 protestas a finales del 2025, en las que se pidi\u00f3 el fin de la Rep\u00fablica Isl\u00e1mica. Estas solo desaparecieron tras <b>una dura represi\u00f3n en la que<\/b>, seg\u00fan las autoridades iran\u00edes, <b>murieron 3.117 personas<\/b>. No obstante, organizaciones de derechos humanos como la opositora HRANA, con sede en Estados Unidos, elevan esa cifra a m\u00e1s de 7.000.<\/p>\n<p class=\"L6-news-detail__text\"><b><a title=\"*A\u00f1ade laSexta como tu medio de referencia en Google y no te pierdas toda la actualidad y el mejor contenido\" href=\"https:\/\/www.google.com\/preferences\/source?q=lasexta.com\" target=\"_blank\" rel=\"nofollow noopener\">*A\u00f1ade laSexta como tu medio de referencia en Google y no te pierdas toda la actualidad y el mejor contenido<\/a><\/b><\/p>\n<p class=\"L6-support-news-video__title\">Luto real en Noruega<\/p>\n<p> <a href=\"https:\/\/www.lasexta.com\/noticias\/internacional\/haakon-viii-defiende-democracia-justicia-primer-discurso-como-rey-noruega-acoge-legado-padre-ahora-turno_202608296a9332a22bcaf82098f58346.html\" class=\"L6-news__link\" rel=\"nofollow noopener\" target=\"_blank\">Haakon VIII defiende \u00abla democracia\u00bb en su primer discurso como rey de Noruega y acoge el legado de su padre: \u00abAhora es mi turno\u00bb<\/p>\n<p class=\"recirculation-video-desc\">\u00bfQu\u00e9 ha dicho? El nuevo monarca ha confirmado que el funeral de Harald V se celebrar\u00e1 este domingo y ha hecho suyo, al igual que su padre y el padre de \u00e9ste, el lema &#8216;Todo por Noruega&#8217;.<\/p>\n<p> <\/a><\/p>\n","protected":false},"excerpt":{"rendered":"El presidente de Ir\u00e1n, Masud Pezeshkian, ha reconocido que la Rep\u00fablica Isl\u00e1mica se enfrenta a graves problemas por&hellip;\n","protected":false},"author":2,"featured_media":737760,"comment_status":"","ping_status":"","sticky":false,"template":"","format":"standard","meta":{"footnotes":""},"categories":[42],"tags":[17,18,2125,115,629,13,14,11,61,62,63,64,3137,19,20,9,10,15,110362,16,6540,12,21,22,65,66,67],"class_list":["post-737759","post","type-post","status-publish","format-standard","has-post-thumbnail","category-internacional","tag-breaking-news","tag-breakingnews","tag-directo","tag-eeuu","tag-estados-unidos","tag-featured-news","tag-featurednews","tag-headlines","tag-internacional","tag-international","tag-international-news","tag-internationalnews","tag-iran","tag-latest-news","tag-latestnews","tag-news","tag-noticias","tag-noticias-destacadas","tag-noticias-ultima-hora","tag-noticiasdestacadas","tag-sanciones","tag-titulares","tag-ultimas-noticias","tag-ultimasnoticias","tag-world","tag-world-news","tag-worldnews"],"share_on_mastodon":{"url":"","error":"Validation failed: Text character limit of 500 exceeded"},"_links":{"self":[{"href":"https:\/\/www.europesays.com\/es\/wp-json\/wp\/v2\/posts\/737759","targetHints":{"allow":["GET"]}}],"collection":[{"href":"https:\/\/www.europesays.com\/es\/wp-json\/wp\/v2\/posts"}],"about":[{"href":"https:\/\/www.europesays.com\/es\/wp-json\/wp\/v2\/types\/post"}],"author":[{"embeddable":true,"href":"https:\/\/www.europesays.com\/es\/wp-json\/wp\/v2\/users\/2"}],"replies":[{"embeddable":true,"href":"https:\/\/www.europesays.com\/es\/wp-json\/wp\/v2\/comments?post=737759"}],"version-history":[{"count":0,"href":"https:\/\/www.europesays.com\/es\/wp-json\/wp\/v2\/posts\/737759\/revisions"}],"wp:featuredmedia":[{"embeddable":true,"href":"https:\/\/www.europesays.com\/es\/wp-json\/wp\/v2\/media\/737760"}],"wp:attachment":[{"href":"https:\/\/www.europesays.com\/es\/wp-json\/wp\/v2\/media?parent=737759"}],"wp:term":[{"taxonomy":"category","embeddable":true,"href":"https:\/\/www.europesays.com\/es\/wp-json\/wp\/v2\/categories?post=737759"},{"taxonomy":"post_tag","embeddable":true,"href":"https:\/\/www.europesays.com\/es\/wp-json\/wp\/v2\/tags?post=737759"}],"curies":[{"name":"wp","href":"https:\/\/api.w.org\/{rel}","templated":true}]}}