{"id":737761,"date":"2026-08-29T23:42:18","date_gmt":"2026-08-29T23:42:18","guid":{"rendered":"https:\/\/www.europesays.com\/es\/737761\/"},"modified":"2026-08-29T23:42:18","modified_gmt":"2026-08-29T23:42:18","slug":"fallece-un-hombre-despues-de-quemarse-a-la-bonzo-a-las-puertas-de-la-ciudad-de-la-justicia-de-cordoba","status":"publish","type":"post","link":"https:\/\/www.europesays.com\/es\/737761\/","title":{"rendered":"Fallece un hombre despu\u00e9s de quemarse a la bonzo a las puertas de la Ciudad de la Justicia de C\u00f3rdoba"},"content":{"rendered":"<p>                Las claves<\/p>\n<p>\n                    Generado con IA\n                <\/p>\n<p>            <a class=\"key__news__heading--closed-content\" href=\"http:\/\/www.elespanol.com\/suscripciones\/#utm_source=internal&amp;utm_medium=claves\" rel=\"nofollow noopener\" target=\"_blank\"><\/p>\n<p class=\"item--text\">\n                                Un hombre ha fallecido tras quemarse a lo bonzo en la puerta principal de la Ciudad de la Justicia de C\u00f3rdoba.\n                            <\/p>\n<p class=\"item--text\">\n                                El suceso ocurri\u00f3 cerca de las 14:00 horas y fue alertado a los servicios de Emergencias, que acudieron r\u00e1pidamente al lugar.\n                            <\/p>\n<p class=\"item--text\">\n                                El hombre intent\u00f3 acceder al edificio por dos entradas distintas y caus\u00f3 da\u00f1os materiales leves antes de prenderse fuego.\n                            <\/p>\n<p class=\"item--text\">\n                                A\u00fan no se conocen la identidad del fallecido ni los motivos que lo llevaron a actuar de esa manera, seg\u00fan fuentes municipales.\n                            <\/p>\n<p class=\"paragraph\" id=\"paragraph_1\">La Ciudad de la Justicia de C\u00f3rdoba este s\u00e1bado 28 de agosto ha sido el escenario de un suceso escalofriante.<\/p>\n<p class=\"paragraph\" id=\"paragraph_2\">hombre ha fallecido despu\u00e9s de quemarse a lo bonzo en la puerta principal de dicho espacio. Por ahora no han trascendido datos ni de su identidad ni de cu\u00e1les son los motivos por los que ha actuado as\u00ed.<\/p>\n<p class=\"paragraph\" id=\"paragraph_3\">Seg\u00fan ha detallado fuentes del Ayuntamiento cordob\u00e9s a la agencia de noticias Europa Press, los hechos han tenido lugar en torno a las 14:00 horas de este mediod\u00eda, momento en el que el servicio de Emergencias ha recibido una llamada alertando del tr\u00e1gico suceso.<\/p>\n<p><img loading=\"lazy\" decoding=\"async\" alt=\"Los hikikomoris emergen en Espa\u00f1a: hasta 30 a\u00f1os 'encerrado' en una habitaci\u00f3n\" height=\"960\" src=\"https:\/\/www.europesays.com\/es\/wp-content\/uploads\/2026\/08\/h:960&#038;h=gIm17uzY.jpeg\" width=\"1706\" data-lazy-status=\"processed\" data-lazy-info=\"remove loading item 1\"\/><\/p>\n<p class=\"paragraph\" id=\"paragraph_4\">Hasta el lugar de los hechos se desplazaron efectivos de la Polic\u00eda Local, Bomberos y sanitarios del 061.<\/p>\n<p class=\"paragraph\" id=\"paragraph_5\">Posteriormente, el hombre ha sido trasladado al Hospital Reina Sof\u00eda para recibir asistencia m\u00e9dica por sus quemaduras. <\/p>\n<p class=\"paragraph\" id=\"paragraph_6\">Fuentes del centro hospitalario han confirmado a este medio el fallecimiento del var\u00f3n.<\/p>\n<p class=\"paragraph\" id=\"paragraph_7\">Tal y como ha se\u00f1alado la Polic\u00eda Nacional a EL ESPA\u00d1OL, el hombre habr\u00eda intentado acceder a los juzgados por una de las puertas del edificio. <\/p>\n<p class=\"paragraph\" id=\"paragraph_8\">Al no poder hacerlo, intent\u00f3 acceder por otra. Durante este segundo intento acab\u00f3 provocando \u00abda\u00f1os materiales leves\u00bb en el mobiliario.  <\/p>\n<p class=\"paragraph\" id=\"paragraph_9\">Una vez dentro, se roci\u00f3 un l\u00edquido por el cuerpo y se prendi\u00f3 fuego.<\/p>\n<p class=\"paragraph\" id=\"paragraph_10\">Seg\u00fan fuentes municipales, por ahora no consta que el var\u00f3n estuviera denunciando ning\u00fan hecho momentos antes de quemarse.<\/p>\n","protected":false},"excerpt":{"rendered":"Las claves Generado con IA Un hombre ha fallecido tras quemarse a lo bonzo en la puerta principal&hellip;\n","protected":false},"author":2,"featured_media":737762,"comment_status":"","ping_status":"","sticky":false,"template":"","format":"standard","meta":{"footnotes":""},"categories":[8],"tags":[259,17,18,79609,25,24,13,14,11,19,20,9,10,15,16,23,257,26875,12,21,22],"class_list":["post-737761","post","type-post","status-publish","format-standard","has-post-thumbnail","category-espana","tag-andalucia","tag-breaking-news","tag-breakingnews","tag-cordoba-municipio","tag-es","tag-espana","tag-featured-news","tag-featurednews","tag-headlines","tag-latest-news","tag-latestnews","tag-news","tag-noticias","tag-noticias-destacadas","tag-noticiasdestacadas","tag-spain","tag-sucesos","tag-sucesos-y-acontecimientos","tag-titulares","tag-ultimas-noticias","tag-ultimasnoticias"],"share_on_mastodon":{"url":"https:\/\/pubeurope.com\/@es\/117181452238888927","error":""},"_links":{"self":[{"href":"https:\/\/www.europesays.com\/es\/wp-json\/wp\/v2\/posts\/737761","targetHints":{"allow":["GET"]}}],"collection":[{"href":"https:\/\/www.europesays.com\/es\/wp-json\/wp\/v2\/posts"}],"about":[{"href":"https:\/\/www.europesays.com\/es\/wp-json\/wp\/v2\/types\/post"}],"author":[{"embeddable":true,"href":"https:\/\/www.europesays.com\/es\/wp-json\/wp\/v2\/users\/2"}],"replies":[{"embeddable":true,"href":"https:\/\/www.europesays.com\/es\/wp-json\/wp\/v2\/comments?post=737761"}],"version-history":[{"count":0,"href":"https:\/\/www.europesays.com\/es\/wp-json\/wp\/v2\/posts\/737761\/revisions"}],"wp:featuredmedia":[{"embeddable":true,"href":"https:\/\/www.europesays.com\/es\/wp-json\/wp\/v2\/media\/737762"}],"wp:attachment":[{"href":"https:\/\/www.europesays.com\/es\/wp-json\/wp\/v2\/media?parent=737761"}],"wp:term":[{"taxonomy":"category","embeddable":true,"href":"https:\/\/www.europesays.com\/es\/wp-json\/wp\/v2\/categories?post=737761"},{"taxonomy":"post_tag","embeddable":true,"href":"https:\/\/www.europesays.com\/es\/wp-json\/wp\/v2\/tags?post=737761"}],"curies":[{"name":"wp","href":"https:\/\/api.w.org\/{rel}","templated":true}]}}