{"id":737765,"date":"2026-08-29T23:49:16","date_gmt":"2026-08-29T23:49:16","guid":{"rendered":"https:\/\/www.europesays.com\/es\/737765\/"},"modified":"2026-08-29T23:49:16","modified_gmt":"2026-08-29T23:49:16","slug":"enric-mas-primer-mallorquin-lider-de-la-vuelta-en-66-anos","status":"publish","type":"post","link":"https:\/\/www.europesays.com\/es\/737765\/","title":{"rendered":"Enric Mas, primer mallorqu\u00edn l\u00edder de La Vuelta en 66 a\u00f1os"},"content":{"rendered":"<p class=\"ft-text ft-helper-closenews\">Enric Mas se ha convertido en <strong>el primer ciclista mallorqu\u00edn que lidera La Vuelta a Espa\u00f1a desde 1960<\/strong>, cuando <strong>Gabriel Mas<\/strong> visti\u00f3 el maillot de l\u00edder -en aquel entonces era amarillo-. El corredor de <strong>Art\u00e0 <\/strong><a class=\"ft-link ft-link--decoration\" href=\"https:\/\/www.diariodemallorca.es\/deportes\/2026\/08\/29\/etapa-8-vuelta-espana-2026-133759506.html\" target=\"_blank\" rel=\"nofollow noopener\">se coloca al frente de la clasificaci\u00f3n general<\/a> despu\u00e9s del abandono de Tadej Pogacar, que se ha ido al suelo durante la octava etapa, a 31 kil\u00f3metros de la meta de Xeraco, y no ha podido continuar en carrera.<\/p>\n<p class=\"ft-text\">Han pasado 66 a\u00f1os desde que un ciclista nacido en Mallorca ocup\u00f3 por \u00faltima vez el primer puesto de la general. Gabriel Mas, natural de <strong>Montu\u00efri<\/strong>, se puso l\u00edder despu\u00e9s de la primera etapa de la Vuelta de 1960, una contrarreloj por equipos disputada en Gij\u00f3n. Su liderato dur\u00f3 <strong>solo una jornada<\/strong>, pero desde entonces ning\u00fan otro corredor de la isla hab\u00eda vuelto a colocarse al frente de la ronda espa\u00f1ola.<\/p>\n<p class=\"ft-text\">Un a\u00f1o antes, <strong>Antoni Karmany<\/strong>, nacido en <strong>Sant Joan<\/strong>, tambi\u00e9n hab\u00eda vestido el maillot de l\u00edder. Lo hizo<strong> durante seis etapas<\/strong> en la edici\u00f3n de 1959, por lo que \u00e9l y Gabriel Mas eran, hasta ahora, los dos \u00fanicos mallorquines que hab\u00edan conseguido encabezar la clasificaci\u00f3n general de La Vuelta.<\/p>\n<p class=\"ft-text\">Ahora se suma Enric Mas, que es l\u00edder de una gran vuelta por primera vez en su carrera profesional y afronta las pr\u00f3ximas etapas con el maillot rojo. Pogacar hab\u00eda ganado ya tres etapas y ten\u00eda bien amarrado el liderato, con m\u00e1s de tres minutos de ventaja, pero su ca\u00edda y posterior abandono han dado un vuelco a la clasificaci\u00f3n y han abierto la lucha por la general.<\/p>\n<p class=\"ft-text\">El corredor del <strong>Movistar<\/strong>, que ya ha sido uno de los grandes protagonistas de La Vuelta en los \u00faltimos a\u00f1os y ha subido al podio en cuatro ocasiones, tendr\u00e1 ahora que defender una posici\u00f3n que hasta este momento hab\u00eda pertenecido al esloveno. <strong>Por primera vez en 66 a\u00f1os, un mallorqu\u00edn lidera la ronda espa\u00f1ola<\/strong>, y Mas, con un minuto de ventaja sobre Primoz Roglic, tendr\u00e1 por delante el reto de mantener el maillot rojo -el cual no ha querido ponerse en el podio por respeto a Pogacar- en las pr\u00f3ximas etapas.<\/p>\n<p data-close=\"closedContent\" class=\"subscribeHideForDisplay\">Suscr\u00edbete para seguir leyendo<\/p>\n","protected":false},"excerpt":{"rendered":"Enric Mas se ha convertido en el primer ciclista mallorqu\u00edn que lidera La Vuelta a Espa\u00f1a desde 1960,&hellip;\n","protected":false},"author":2,"featured_media":737766,"comment_status":"","ping_status":"","sticky":false,"template":"","format":"standard","meta":{"footnotes":""},"categories":[273],"tags":[313,312,168,4021,25,24,5564,11562,977,23,167,1357],"class_list":["post-737765","post","type-post","status-publish","format-standard","has-post-thumbnail","category-ciclismo","tag-ciclismo","tag-cycling","tag-deportes","tag-enric","tag-es","tag-espana","tag-lider","tag-mallorquin","tag-primer","tag-spain","tag-sports","tag-vuelta"],"share_on_mastodon":{"url":"https:\/\/pubeurope.com\/@es\/117181478476724982","error":""},"_links":{"self":[{"href":"https:\/\/www.europesays.com\/es\/wp-json\/wp\/v2\/posts\/737765","targetHints":{"allow":["GET"]}}],"collection":[{"href":"https:\/\/www.europesays.com\/es\/wp-json\/wp\/v2\/posts"}],"about":[{"href":"https:\/\/www.europesays.com\/es\/wp-json\/wp\/v2\/types\/post"}],"author":[{"embeddable":true,"href":"https:\/\/www.europesays.com\/es\/wp-json\/wp\/v2\/users\/2"}],"replies":[{"embeddable":true,"href":"https:\/\/www.europesays.com\/es\/wp-json\/wp\/v2\/comments?post=737765"}],"version-history":[{"count":0,"href":"https:\/\/www.europesays.com\/es\/wp-json\/wp\/v2\/posts\/737765\/revisions"}],"wp:featuredmedia":[{"embeddable":true,"href":"https:\/\/www.europesays.com\/es\/wp-json\/wp\/v2\/media\/737766"}],"wp:attachment":[{"href":"https:\/\/www.europesays.com\/es\/wp-json\/wp\/v2\/media?parent=737765"}],"wp:term":[{"taxonomy":"category","embeddable":true,"href":"https:\/\/www.europesays.com\/es\/wp-json\/wp\/v2\/categories?post=737765"},{"taxonomy":"post_tag","embeddable":true,"href":"https:\/\/www.europesays.com\/es\/wp-json\/wp\/v2\/tags?post=737765"}],"curies":[{"name":"wp","href":"https:\/\/api.w.org\/{rel}","templated":true}]}}