{"id":737787,"date":"2026-08-30T00:06:15","date_gmt":"2026-08-30T00:06:15","guid":{"rendered":"https:\/\/www.europesays.com\/es\/737787\/"},"modified":"2026-08-30T00:06:15","modified_gmt":"2026-08-30T00:06:15","slug":"el-atletico-exhibe-pegada-sin-julian","status":"publish","type":"post","link":"https:\/\/www.europesays.com\/es\/737787\/","title":{"rendered":"El Atl\u00e9tico exhibe pegada sin Juli\u00e1n"},"content":{"rendered":"<p class=\"ft-text\">El <strong>Atl\u00e9tico de Madrid,<\/strong> metido en el enredo por el futuro del delantero argentino Juli\u00e1n Alvarez, aparc\u00f3 en el estadio Ram\u00f3n S\u00e1nchez-Pizju\u00e1n ese asunto y se dio una alegr\u00eda ante el Sevilla, al que super\u00f3 con claridad (1-3) y al que devolvi\u00f3 a la realidad tras sus dos victorias en el arranque de LaLiga.<\/p>\n<p class=\"ft-text\">Dos goles de campe\u00f3n del mundo<strong> \u00c1lex Baena<\/strong> y otro del nigeriano <strong>Ademola Lookman <\/strong>dejaron el partido muy claro en la primera mitad para el Atl\u00e9tico, que baj\u00f3 mucho la intensidad en la segunda, en la que el <strong>Sevilla <\/strong>estuvo mejor, pero solo para lograr un tanto, el del canterano <strong>Miguel Sierra <\/strong>mediado este periodo.<\/p>\n<p class=\"ft-text\">El Sevilla volvi\u00f3 a su estadio con la inesperada misi\u00f3n lograr un pleno de triunfos ante un Atl\u00e9tico con las primeras urgencias al tener ya dos puntos de desventaja con el Barcelona y Real Madrid y tambi\u00e9n entre el enredo de Juli\u00e1n \u00c1lvarez.<\/p>\n<p class=\"ft-text\">El preparador del Sevilla, <strong>Luis Garc\u00eda Plaza<\/strong>, ante la ausencia de <strong>Joaqu\u00edn Mart\u00ednez &#8216;Oso&#8217;<\/strong>, que tambi\u00e9n gestiona su salida, hizo debutar de titular al exatl\u00e9tico <strong>Julio D\u00edaz <\/strong>y tambi\u00e9n volvi\u00f3 a la titularidad el central Kike Salas, quien no jug\u00f3 la pasada jornada en Bilbao por sanci\u00f3n.<\/p>\n<p class=\"ft-text\">Con ellos le quiso plantar cara a los de Diego Simeone, quien ante las ausencias en la delantera del propio Juli\u00e1n \u00c1lvarez y del noruego Alexander Sorloth puso en punta al nigeriano <strong>Ademola Lookman<\/strong>, acompa\u00f1ado del coreano Kang in Lee, el argentino Giuliano Simeone y \u00c1lex Baena.<\/p>\n<p class=\"ft-text\">Fue el precisamente el campe\u00f3n del mundo de este verano el que, en la primera que tuvo su equipo, estuvo muy listo para definir ante el griego Odysseas Vlachodimos tras un buen pase del coreano; un gol a los cuatro minutos que no hizo m\u00e1s que asentar el juego de los visitantes para llevar el peso del partido.<\/p>\n<p class=\"ft-text\">Antes de cumplirse la media hora lleg\u00f3 lo que de preve\u00eda debido a la superioridad del <strong>Atl\u00e9tico <\/strong>en todas las l\u00edneas y con la movilidad de todos sus futbolistas, por lo que un disparo seco de <strong>Lookman <\/strong>al borde del \u00e1rea y pegado a la cepa del poste supuso el 0-2.<\/p>\n<p class=\"ft-text\">\u00c1lex Baena, poco despu\u00e9s, tuvo premio a su gran partido y al de su equipo y puso el tercero con un remate desde lejos ante la impotencia del Sevilla, que no vio la f\u00f3rmula de parar a un rival desatado.<\/p>\n<p class=\"ft-text\">En la segunda parte, los locales le pusieron ganas y m\u00e1s de intensidad para arreglar el marcador ante un conjunto el visitante bien posicionado y que se dedic\u00f3 a no desgastarse pero que no pudo impedir el tanto de<strong> Miguel Sierra<\/strong> para dejar el 1-3 definitivo.<\/p>\n","protected":false},"excerpt":{"rendered":"El Atl\u00e9tico de Madrid, metido en el enredo por el futuro del delantero argentino Juli\u00e1n Alvarez, aparc\u00f3 en&hellip;\n","protected":false},"author":2,"featured_media":737788,"comment_status":"","ping_status":"","sticky":false,"template":"","format":"standard","meta":{"footnotes":""},"categories":[5],"tags":[1517,31900,17,18,25,24,12507,13,14,11,16401,19,20,9,10,15,16,13552,23,12,21,22],"class_list":["post-737787","post","type-post","status-publish","format-standard","has-post-thumbnail","category-titulares","tag-atletico","tag-atletico-madrid","tag-breaking-news","tag-breakingnews","tag-es","tag-espana","tag-exhibe","tag-featured-news","tag-featurednews","tag-headlines","tag-julian","tag-latest-news","tag-latestnews","tag-news","tag-noticias","tag-noticias-destacadas","tag-noticiasdestacadas","tag-pegada","tag-spain","tag-titulares","tag-ultimas-noticias","tag-ultimasnoticias"],"share_on_mastodon":{"url":"https:\/\/pubeurope.com\/@es\/117181545567630669","error":""},"_links":{"self":[{"href":"https:\/\/www.europesays.com\/es\/wp-json\/wp\/v2\/posts\/737787","targetHints":{"allow":["GET"]}}],"collection":[{"href":"https:\/\/www.europesays.com\/es\/wp-json\/wp\/v2\/posts"}],"about":[{"href":"https:\/\/www.europesays.com\/es\/wp-json\/wp\/v2\/types\/post"}],"author":[{"embeddable":true,"href":"https:\/\/www.europesays.com\/es\/wp-json\/wp\/v2\/users\/2"}],"replies":[{"embeddable":true,"href":"https:\/\/www.europesays.com\/es\/wp-json\/wp\/v2\/comments?post=737787"}],"version-history":[{"count":0,"href":"https:\/\/www.europesays.com\/es\/wp-json\/wp\/v2\/posts\/737787\/revisions"}],"wp:featuredmedia":[{"embeddable":true,"href":"https:\/\/www.europesays.com\/es\/wp-json\/wp\/v2\/media\/737788"}],"wp:attachment":[{"href":"https:\/\/www.europesays.com\/es\/wp-json\/wp\/v2\/media?parent=737787"}],"wp:term":[{"taxonomy":"category","embeddable":true,"href":"https:\/\/www.europesays.com\/es\/wp-json\/wp\/v2\/categories?post=737787"},{"taxonomy":"post_tag","embeddable":true,"href":"https:\/\/www.europesays.com\/es\/wp-json\/wp\/v2\/tags?post=737787"}],"curies":[{"name":"wp","href":"https:\/\/api.w.org\/{rel}","templated":true}]}}