{"id":737797,"date":"2026-08-30T00:22:17","date_gmt":"2026-08-30T00:22:17","guid":{"rendered":"https:\/\/www.europesays.com\/es\/737797\/"},"modified":"2026-08-30T00:22:17","modified_gmt":"2026-08-30T00:22:17","slug":"ignacio-buse-que-hace-tan-especial-cada-triunfo-de-buse-y-por-que-el-tenis-peruano-puede-vivir-hoy-un-dia-de-gloria-33-anos-despues-de-la-hazana-de-jaime-yzaga","status":"publish","type":"post","link":"https:\/\/www.europesays.com\/es\/737797\/","title":{"rendered":"Ignacio Buse | \u00bfQu\u00e9 hace tan especial cada triunfo de Buse y por qu\u00e9 el tenis peruano puede vivir hoy un d\u00eda de gloria 33 a\u00f1os despu\u00e9s de la haza\u00f1a de Jaime Yzaga?"},"content":{"rendered":"<p itemprop=\"description\" class=\"sc__font-paragraph\">La fuerza mental lo sostuvo cuando Benjamin Bonzi (109 ATP) intent\u00f3 cambiar el rumbo del partido. El f\u00edsico termin\u00f3 de hacer el resto. Ignacio Buse derrot\u00f3 al franc\u00e9s por 6-2, 4-6 y 6-1 para instalarse ayer viernes en la final del ATP 250 de Winston-Salem, donde buscar\u00e1 ante el brit\u00e1nico Arthur Fery su primer t\u00edtulo del ATP Tour sobre cancha dura y una haza\u00f1a que el Per\u00fa espera desde hace 33 a\u00f1os.<\/p>\n<blockquote class=\"sc__blockquote \" data-mrf-recirculation=\"Contenido Enlace\"><p>LEE: \u201cUn momento excepcional\u201d y \u201cuna potencia f\u00edsica abrumadora\u201d: Buse conquista la cancha dura a puertas del US Open y as\u00ed convence a la \u00e9lite del tenis en Winston-Salem<\/p><\/blockquote>\n<p itemprop=\"description\" class=\"sc__font-paragraph\">A los 22 a\u00f1os, el mejor tenista peruano del momento sigue construyendo un 2026 extraordinario. Despu\u00e9s de conquistar el ATP 500 de Hamburgo en mayo, Buse disputar\u00e1 ahora su segunda final profesional y tendr\u00e1 la posibilidad de convertirse en el primer peruano en levantar un trofeo sobre cemento desde Jaime Yzaga en Sidney 1993.<\/p>\n<p itemprop=\"description\" class=\"sc__font-paragraph\">\u201cUn momento excepcional\u201d y \u201cuna potencia f\u00edsica abrumadora\u201d. As\u00ed describi\u00f3 la prensa internacional al peruano tras su victoria en cuartos de final sobre Juan Manuel Cer\u00fandolo. Ante Bonzi volvi\u00f3 a confirmarlo: cuando el franc\u00e9s reaccion\u00f3 para quedarse con el segundo set, Buse respondi\u00f3 con un tercer parcial arrollador para cerrar el partido con un contundente 6-1.<\/p>\n<p itemprop=\"description\" class=\"sc__font-paragraph\">Su evoluci\u00f3n sobre cemento resulta todav\u00eda m\u00e1s valiosa por el contexto. La adaptaci\u00f3n fue dura y llegaron eliminaciones tempranas en Montreal y Cincinnati, pero Winston-Salem parece haber sido el punto de inflexi\u00f3n antes del US Open.<\/p>\n<p itemprop=\"description\" class=\"sc__font-paragraph\">\u201cTiene todas las armas que se necesitan para jugar. Su saque est\u00e1 muy bien y poco a poco est\u00e1 aprendiendo a utilizarlo mejor. Para m\u00ed podr\u00eda mejorar la primera bola despu\u00e9s del servicio para intentar atacar la red\u201d, hab\u00eda explicado Pablo Arraya \u2013finalista en cinco torneos del ATP Tour\u2013 antes del inicio de la gira norteamericana.<\/p>\n<p itemprop=\"description\" class=\"sc__font-paragraph\">Ante Bonzi, el peruano volvi\u00f3 a mostrar justamente esa evoluci\u00f3n: una derecha desequilibrante, un servicio cada vez m\u00e1s confiable y, sobre todo, una capacidad f\u00edsica que le permiti\u00f3 sostener el ritmo despu\u00e9s de varios d\u00edas de m\u00e1xima exigencia.<\/p>\n<p><img loading=\"lazy\" src=\"https:\/\/www.europesays.com\/es\/wp-content\/uploads\/2026\/08\/P5AWIRGWRVGXTBS7OJMD5AU55M.jpg\" alt=\"Ignacio Buse. (Foto: Getty Images)\" decoding=\"async\" class=\"lazy sc__image  w-full\" style=\"max-width:612px;width:100%;height:auto\" width=\"612\" height=\"408\"\/><\/p>\n<p>Ignacio Buse. (Foto: Getty Images)<\/p>\n<p> \/ Cameron Spencer<\/p>\n<p itemprop=\"description\" class=\"sc__font-paragraph\">Aunque Winston-Salem sea un ATP 250, el recorrido de Buse adquiere otra dimensi\u00f3n cuando se mira la historia de nuestro tenis.<\/p>\n<p itemprop=\"description\" class=\"sc__font-paragraph\">Ser\u00e1 el primer peruano en disputar una final del ATP Tour sobre cancha dura desde Luis Horna en Long Island 2004. Y si vence a Arthur Fery, romper\u00e1 una sequ\u00eda de 33 a\u00f1os sin t\u00edtulos nacionales en esta superficie, desde la consagraci\u00f3n de Jaime Yzaga en Sidney.<\/p>\n<p itemprop=\"description\" class=\"sc__font-paragraph\">La exigencia, sin embargo, ser\u00e1 m\u00e1xima. Adem\u00e1s del desaf\u00edo que representa el brit\u00e1nico, Buse deber\u00e1 administrar el desgaste acumulado tras una semana de partidos intensos, un factor que puede resultar decisivo en una final de este nivel.<\/p>\n<p itemprop=\"description\" class=\"sc__font-paragraph\">La final tambi\u00e9n le asegura a Buse un importante premio econ\u00f3mico. El peruano ya tiene garantizados US$64.465 por haber llegado al partido decisivo y, si conquista el t\u00edtulo, recibir\u00e1 US$112.420, adem\u00e1s de los 250 puntos ATP que entrega el campeonato.<\/p>\n<p itemprop=\"description\" class=\"sc__font-paragraph\">M\u00e1s all\u00e1 del resultado de hoy, el peruano ya tiene asegurado igualar desde el lunes su mejor ubicaci\u00f3n hist\u00f3rica en el r\u00e1nking ATP: volver\u00e1 a ser el n\u00famero 31 del mundo, posici\u00f3n que alcanz\u00f3 por primera vez el 25 de mayo de este a\u00f1o, tras conquistar el ATP 500 de Hamburgo.<\/p>\n<p itemprop=\"description\" class=\"sc__font-paragraph\">Despu\u00e9s de la final, viajar\u00e1 a Nueva York, donde el lunes realizar\u00e1 su primer entrenamiento antes del debut en el US Open frente al estadounidense Marcos Giron. Como preclasificado, la gira sobre cemento ya le dej\u00f3 una certeza: el objetivo del top 30 dej\u00f3 de parecer una ilusi\u00f3n y empez\u00f3 a convertirse en la siguiente meta natural de una temporada incre\u00edble.<\/p>\n<p>SOBRE EL AUTOR<\/p>\n<p>Es subeditor de Deporte Total y contenido transversal del diario El Comercio. Fue Jefe de la Zona Deportiva de Grupo El Comercio. Se inici\u00f3 como periodista en el 2009 en diario Correo. Ha sido editor digital, editor general y director period\u00edstico del diario EL BOC\u00d3N, tambi\u00e9n editor general de diario DEPOR. Enviado especial al Mundial Brasil 2014.  <a href=\"https:\/\/elcomercio.pe\/autor\/jbragayrac\/\" itemprop=\"url\" class=\"about-author_seemore\" rel=\"nofollow noopener\" target=\"_blank\">Ver m\u00e1s<\/a><\/p>\n","protected":false},"excerpt":{"rendered":"La fuerza mental lo sostuvo cuando Benjamin Bonzi (109 ATP) intent\u00f3 cambiar el rumbo del partido. El f\u00edsico&hellip;\n","protected":false},"author":2,"featured_media":737798,"comment_status":"","ping_status":"","sticky":false,"template":"","format":"standard","meta":{"footnotes":""},"categories":[93],"tags":[1691,168,25,24,26625,23,167,327,130977],"class_list":["post-737797","post","type-post","status-publish","format-standard","has-post-thumbnail","category-deportes","tag-atp","tag-deportes","tag-es","tag-espana","tag-ignacio-buse","tag-spain","tag-sports","tag-tenis","tag-winston-salem"],"share_on_mastodon":{"url":"https:\/\/pubeurope.com\/@es\/117181609607391623","error":""},"_links":{"self":[{"href":"https:\/\/www.europesays.com\/es\/wp-json\/wp\/v2\/posts\/737797","targetHints":{"allow":["GET"]}}],"collection":[{"href":"https:\/\/www.europesays.com\/es\/wp-json\/wp\/v2\/posts"}],"about":[{"href":"https:\/\/www.europesays.com\/es\/wp-json\/wp\/v2\/types\/post"}],"author":[{"embeddable":true,"href":"https:\/\/www.europesays.com\/es\/wp-json\/wp\/v2\/users\/2"}],"replies":[{"embeddable":true,"href":"https:\/\/www.europesays.com\/es\/wp-json\/wp\/v2\/comments?post=737797"}],"version-history":[{"count":0,"href":"https:\/\/www.europesays.com\/es\/wp-json\/wp\/v2\/posts\/737797\/revisions"}],"wp:featuredmedia":[{"embeddable":true,"href":"https:\/\/www.europesays.com\/es\/wp-json\/wp\/v2\/media\/737798"}],"wp:attachment":[{"href":"https:\/\/www.europesays.com\/es\/wp-json\/wp\/v2\/media?parent=737797"}],"wp:term":[{"taxonomy":"category","embeddable":true,"href":"https:\/\/www.europesays.com\/es\/wp-json\/wp\/v2\/categories?post=737797"},{"taxonomy":"post_tag","embeddable":true,"href":"https:\/\/www.europesays.com\/es\/wp-json\/wp\/v2\/tags?post=737797"}],"curies":[{"name":"wp","href":"https:\/\/api.w.org\/{rel}","templated":true}]}}