{"id":737825,"date":"2026-08-30T00:47:15","date_gmt":"2026-08-30T00:47:15","guid":{"rendered":"https:\/\/www.europesays.com\/es\/737825\/"},"modified":"2026-08-30T00:47:15","modified_gmt":"2026-08-30T00:47:15","slug":"el-monosabio-herido-de-gravedad-en-la-plaza-de-toros-de-bilbao-evoluciona-favorablemente","status":"publish","type":"post","link":"https:\/\/www.europesays.com\/es\/737825\/","title":{"rendered":"El monosabio herido de gravedad en la plaza de toros de Bilbao evoluciona favorablemente"},"content":{"rendered":"<p class=\"c-paragraph\">El <b>monosabio que result\u00f3 herido de gravedad <\/b>en la corrida de este viernes de la <b>feria taurina de Bilbao,<\/b> Jes\u00fas San Juan, evoluciona favorablemente tras ser intervenido en el hospital de Basurto, donde a\u00fan se recupera de una extensa<b> cornada en el gl\u00fateo izquierdo<\/b> y de la rotura de clav\u00edcula del mismo lado.<\/p>\n<p class=\"c-paragraph\">El auxiliar de la cuadra de picar de Equigarce, <b>de 39 a\u00f1os de edad,<\/b> fue volteado y prendido por el cuarto toro de la tarde cuando intentaba evitar que, en un momento de confusi\u00f3n, este atacara al caballo por el lado izquierdo, donde el peto presenta el \u00fanico hueco sin protecci\u00f3n ante los pitones para permitir el efecto de la espuela del picador.<\/p>\n<p class=\"c-paragraph\">Tras ser estabilizado de una fuerte hemorragia en la misma enfermer\u00eda de la plaza, <b>San Jos\u00e9 fue trasladado al Hospital de Basurto<\/b>, donde se le intervino de una cornada ascendente de m\u00e1s de treinta cent\u00edmetros de extensi\u00f3n, aunque sin grandes destrozos, en la regi\u00f3n gl\u00fatea, as\u00ed como de dicha fractura de clav\u00edcula.<\/p>\n<p class=\"c-paragraph\">Luis Cedillo, propietario y administrador de la cuadra Equigarce, con la que surte de caballos de picar un alto n\u00famero de los festejos que se celebran en Espa\u00f1a, confirm\u00f3 a EFE la <b>buena evoluci\u00f3n del monosabio<\/b>, que en el momento del percance se dispon\u00eda a colear al toro de Domingo Hern\u00e1ndez para intentar evitar que hiriera al equino.<\/p>\n<p class=\"c-paragraph\">\u00abHay quien critica mucho la intervenci\u00f3n de los monosabios durante la lidia, pero<b> mientras haya caballos de picar, seguiremos haci\u00e9ndolo, porque nuestro papel es proteger al animal y al picador,<\/b> adem\u00e1s de lo que puedan hacer los toreros\u00bb, asegura Cedillo.\u00a0\u00a0<\/p>\n","protected":false},"excerpt":{"rendered":"El monosabio que result\u00f3 herido de gravedad en la corrida de este viernes de la feria taurina de&hellip;\n","protected":false},"author":2,"featured_media":737826,"comment_status":"","ping_status":"","sticky":false,"template":"","format":"standard","meta":{"footnotes":""},"categories":[91],"tags":[2601,146,147,25,24,53,130988,1389,23,444],"class_list":["post-737825","post","type-post","status-publish","format-standard","has-post-thumbnail","category-entretenimiento","tag-bilbao","tag-entertainment","tag-entretenimiento","tag-es","tag-espana","tag-herido","tag-monosabio","tag-plaza-de-toros","tag-spain","tag-toros"],"share_on_mastodon":{"url":"https:\/\/pubeurope.com\/@es\/117181706766712797","error":""},"_links":{"self":[{"href":"https:\/\/www.europesays.com\/es\/wp-json\/wp\/v2\/posts\/737825","targetHints":{"allow":["GET"]}}],"collection":[{"href":"https:\/\/www.europesays.com\/es\/wp-json\/wp\/v2\/posts"}],"about":[{"href":"https:\/\/www.europesays.com\/es\/wp-json\/wp\/v2\/types\/post"}],"author":[{"embeddable":true,"href":"https:\/\/www.europesays.com\/es\/wp-json\/wp\/v2\/users\/2"}],"replies":[{"embeddable":true,"href":"https:\/\/www.europesays.com\/es\/wp-json\/wp\/v2\/comments?post=737825"}],"version-history":[{"count":0,"href":"https:\/\/www.europesays.com\/es\/wp-json\/wp\/v2\/posts\/737825\/revisions"}],"wp:featuredmedia":[{"embeddable":true,"href":"https:\/\/www.europesays.com\/es\/wp-json\/wp\/v2\/media\/737826"}],"wp:attachment":[{"href":"https:\/\/www.europesays.com\/es\/wp-json\/wp\/v2\/media?parent=737825"}],"wp:term":[{"taxonomy":"category","embeddable":true,"href":"https:\/\/www.europesays.com\/es\/wp-json\/wp\/v2\/categories?post=737825"},{"taxonomy":"post_tag","embeddable":true,"href":"https:\/\/www.europesays.com\/es\/wp-json\/wp\/v2\/tags?post=737825"}],"curies":[{"name":"wp","href":"https:\/\/api.w.org\/{rel}","templated":true}]}}