{"id":737879,"date":"2026-08-30T01:39:09","date_gmt":"2026-08-30T01:39:09","guid":{"rendered":"https:\/\/www.europesays.com\/es\/737879\/"},"modified":"2026-08-30T01:39:09","modified_gmt":"2026-08-30T01:39:09","slug":"expedientado-el-conductor-de-un-coche-de-caballos-que-tiro-agua-a-una-mujer-que-pedia-que-diera-de-beber-al-animal","status":"publish","type":"post","link":"https:\/\/www.europesays.com\/es\/737879\/","title":{"rendered":"Expedientado el conductor de un coche de caballos que tir\u00f3 agua a una mujer que ped\u00eda que diera de beber al animal"},"content":{"rendered":"<p class=\"article-text\">\n        El Ayuntamiento de Palma ha abierto un expediente informativo a ra\u00edz de un v\u00eddeo en redes sociales en el que el conductor de un coche de caballos tira agua a una turista que le ped\u00eda dar de beber al animal. Se trata de un v\u00eddeo en el que una joven recrimina a uno de los conductores que no d\u00e9 agua a uno de los caballos y en el que el hombre acaba arrojando agua a la turista, que est\u00e1 siendo grabada.\n    <\/p>\n<p>    <a href=\"https:\/\/www.eldiario.es\/illes-balears\/sociedad\/establos-paredes-tejados-chapa-malviven-animales-tiran-coches-caballos-palma_1_12408016.html\" data-mrf-recirculation=\"saber-mas\" data-dl-event=\"saber-mas\" rel=\"nofollow noopener\" target=\"_blank\"><\/p>\n<p class=\"know-more__title\">Caballos desplomados, establos sin paredes y trabajo a pleno sol: as\u00ed malviven los animales que pasean turistas en Palma<\/p>\n<p>            <img decoding=\"async\" class=\"lazy\" loading=\"lazy\" data-src=\"https:\/\/static.eldiario.es\/clip\/ce41a584-0b4b-4bdd-ac21-8afe1f153716_16-9-aspect-ratio_default_0.jpg\" src=\"data:image\/svg+xml,%3Csvg xmlns=\" http:=\"\" viewbox=\"0 0 880 495\" alt=\"Caballos desplomados, establos sin paredes y trabajo a pleno sol: as\u00ed malviven los animales que pasean turistas en Palma\"\/><\/p>\n<p>                        <\/a><\/p>\n<p class=\"article-text\">\n        Desde el Consistorio han informado de que el \u00e1rea de Movilidad trata ahora de esclarecer lo ocurrido, determinar las circunstancias de los hechos y adoptar las medidas que correspondan. El Ayuntamiento ha se\u00f1alado que no tolerar\u00e1 comportamientos que puedan resultar incompatibles con las obligaciones y condiciones que deben cumplir los titulares y conductores de este servicio y que, una vez esclarecidos los hechos, se adoptar\u00e1n las medidas que correspondan.\n    <\/p>\n<p class=\"article-text\">\n        En un post de Instagram, la joven lamentaba que \u201cen Palma todav\u00eda hay caballos sedientos y esquel\u00e9ticos\u201d. \u201cLe pregunt\u00e9 a un due\u00f1o si pod\u00eda darle algo de beber a su caballo; entonces perdi\u00f3 los estribos por completo, me llam\u00f3 nazi y me dijo que fuera a McDonald&#8217;s a comerme una hamburguesa de carne (mientras me recorr\u00eda el cuerpo con la mirada de arriba abajo, se coloc\u00f3 detr\u00e1s de m\u00ed y grit\u00f3: &#8216;Mira ese culo, necesita un McDonald&#8217;s&#8217;)\u201d, comenta la joven.\n    <\/p>\n<blockquote class=\"instagram-media\" data-instgrm-captioned=\"\" data-instgrm-permalink=\"https:\/\/www.instagram.com\/reel\/DclU3kroRRF\/?utm_source=ig_embed&amp;utm_campaign=loading\" data-instgrm-version=\"14\" style=\" background:#FFF; border:0; border-radius:3px; box-shadow:0 0 1px 0 rgba(0,0,0,0.5),0 1px 10px 0 rgba(0,0,0,0.15); margin: 1px; max-width:540px; min-width:326px; padding:0; width:99.375%; width:-webkit-calc(100% - 2px); width:calc(100% - 2px);\"\/>\n<p class=\"article-text\">\n        \u201cComo insist\u00ed en que le diera agua al caballo porque ten\u00eda sed, en un momento dado dijo &#8216;vale&#8217;, trajo agua y me la ech\u00f3 a la cara. Por cierto, tambi\u00e9n lleg\u00f3 a tocarme la cara con las manos. \u00a1No les den dinero a estos maltratadores de animales! Hay que acabar con esta mierda\u201d, concluye para posteriormente enlazar una iniciativa \u201cpara poner fin a este maltrato\u201d.\n    <\/p>\n<p>    <strong>Condiciones p\u00e9simas<\/strong><\/p>\n<p class=\"article-text\">\n        Este a\u00f1o, en el mes de mayo, <a href=\"https:\/\/www.eldiario.es\/illes-balears\/sociedad\/justicia-permite-caballos-trabajen-olas-calor-palma-ausencia-informe-genero_1_13257719.html\" target=\"_blank\" data-mrf-recirculation=\"links-noticia\" class=\"link\" rel=\"nofollow noopener\">el Tribunal Superior de Justicia de Balears (TSJIB) declar\u00f3 nulas las restricciones aprobadas por el Ayuntamiento de Palma<\/a> para impedir que los caballos de galeras circulasen durante episodios de calor extremo. La resoluci\u00f3n no entra a valorar el fondo de las medidas de bienestar animal, sino que justifica que la modificaci\u00f3n del reglamento municipal se tramit\u00f3 sin el preceptivo informe de evaluaci\u00f3n de impacto de g\u00e9nero que la Ley balear de igualdad entre mujeres y hombres obliga a incorporar a la hora de dar luz verde a normas o modificaciones por parte de las administraciones p\u00fablicas de las islas.\n    <\/p>\n<p>    <a href=\"https:\/\/www.eldiario.es\/illes-balears\/sociedad\/justicia-permite-caballos-trabajen-olas-calor-palma-ausencia-informe-genero_1_13257719.html\" data-mrf-recirculation=\"saber-mas-abajo\" data-dl-event=\"saber-mas-abajo\" rel=\"nofollow noopener\" target=\"_blank\"><\/p>\n<p class=\"know-more__title\">La Justicia permite que los caballos trabajen con olas de calor en Palma por la ausencia de un informe de g\u00e9nero<\/p>\n<p>            <img decoding=\"async\" class=\"lazy\" loading=\"lazy\" data-src=\"https:\/\/static.eldiario.es\/clip\/69249320-6948-4ce6-88f0-1e68b8ea3bf7_16-9-aspect-ratio_default_0.jpg\" src=\"data:image\/svg+xml,%3Csvg xmlns=\" http:=\"\" viewbox=\"0 0 880 495\" alt=\"La Justicia permite que los caballos trabajen con olas de calor en Palma por la ausencia de un informe de g\u00e9nero\"\/><\/p>\n<p>                        <\/a><\/p>\n<p class=\"article-text\">\n        Pese a las restricciones aprobadas en los \u00faltimos a\u00f1os para limitar la actividad de los caballos durante episodios de calor extremo, las im\u00e1genes y titulares se repiten cada verano en Palma: <a href=\"https:\/\/www.eldiario.es\/illes-balears\/sociedad\/caballos-carroza-desploman-48-horas-palma-no-son-resbalones-totalmente-exhaustos_1_12590097.html\" target=\"_blank\" data-mrf-recirculation=\"links-noticia\" class=\"link\" rel=\"nofollow noopener\">equinos desplomados sobre el asfalto<\/a>, animales <a href=\"https:\/\/www.eldiario.es\/illes-balears\/sociedad\/inmovilizan-desnutricion-caballo-galera-palma-sido-devuelto-conductor_1_11833713.html\" target=\"_blank\" data-mrf-recirculation=\"links-noticia\" class=\"link\" rel=\"nofollow noopener\">desnutridos o exhaustos <\/a>bajo temperaturas extremas o denuncias por hacer trabajar a ejemplares de avanzada edad y con visibles problemas f\u00edsicos. En los \u00faltimos a\u00f1os, episodios de golpes de calor, ca\u00eddas en plena calle y actuaciones policiales contra galeras han alimentado una creciente pol\u00e9mica sobre el bienestar animal y la continuidad de este servicio tur\u00edstico en la capital balear.\n    <\/p>\n<p>                                    <script async src=\"\/\/www.instagram.com\/embed.js\"><\/script><\/p>\n","protected":false},"excerpt":{"rendered":"El Ayuntamiento de Palma ha abierto un expediente informativo a ra\u00edz de un v\u00eddeo en redes sociales en&hellip;\n","protected":false},"author":2,"featured_media":737880,"comment_status":"","ping_status":"","sticky":false,"template":"","format":"standard","meta":{"footnotes":""},"categories":[8],"tags":[5051,3432,47920,17,18,14367,3075,30816,45644,25,24,46166,13,14,11,19,20,2461,9,10,15,16,59260,23,13133,12,21,22],"class_list":["post-737879","post","type-post","status-publish","format-standard","has-post-thumbnail","category-espana","tag-agua","tag-animal","tag-beber","tag-breaking-news","tag-breakingnews","tag-caballos","tag-coche","tag-conductor","tag-diera","tag-es","tag-espana","tag-expedientado","tag-featured-news","tag-featurednews","tag-headlines","tag-latest-news","tag-latestnews","tag-mujer","tag-news","tag-noticias","tag-noticias-destacadas","tag-noticiasdestacadas","tag-pedia","tag-spain","tag-tiro","tag-titulares","tag-ultimas-noticias","tag-ultimasnoticias"],"share_on_mastodon":{"url":"https:\/\/pubeurope.com\/@es\/117181911256617236","error":""},"_links":{"self":[{"href":"https:\/\/www.europesays.com\/es\/wp-json\/wp\/v2\/posts\/737879","targetHints":{"allow":["GET"]}}],"collection":[{"href":"https:\/\/www.europesays.com\/es\/wp-json\/wp\/v2\/posts"}],"about":[{"href":"https:\/\/www.europesays.com\/es\/wp-json\/wp\/v2\/types\/post"}],"author":[{"embeddable":true,"href":"https:\/\/www.europesays.com\/es\/wp-json\/wp\/v2\/users\/2"}],"replies":[{"embeddable":true,"href":"https:\/\/www.europesays.com\/es\/wp-json\/wp\/v2\/comments?post=737879"}],"version-history":[{"count":0,"href":"https:\/\/www.europesays.com\/es\/wp-json\/wp\/v2\/posts\/737879\/revisions"}],"wp:featuredmedia":[{"embeddable":true,"href":"https:\/\/www.europesays.com\/es\/wp-json\/wp\/v2\/media\/737880"}],"wp:attachment":[{"href":"https:\/\/www.europesays.com\/es\/wp-json\/wp\/v2\/media?parent=737879"}],"wp:term":[{"taxonomy":"category","embeddable":true,"href":"https:\/\/www.europesays.com\/es\/wp-json\/wp\/v2\/categories?post=737879"},{"taxonomy":"post_tag","embeddable":true,"href":"https:\/\/www.europesays.com\/es\/wp-json\/wp\/v2\/tags?post=737879"}],"curies":[{"name":"wp","href":"https:\/\/api.w.org\/{rel}","templated":true}]}}