{"id":737897,"date":"2026-08-30T02:02:19","date_gmt":"2026-08-30T02:02:19","guid":{"rendered":"https:\/\/www.europesays.com\/es\/737897\/"},"modified":"2026-08-30T02:02:19","modified_gmt":"2026-08-30T02:02:19","slug":"jorge-rey-alerta-a-la-ciudadania-sobre-el-patron-previsto-para-los-meses-de-octubre-y-noviembre-seran-los-mas-humedos-del-otono-en-espana","status":"publish","type":"post","link":"https:\/\/www.europesays.com\/es\/737897\/","title":{"rendered":"Jorge Rey alerta a la ciudadan\u00eda sobre el patr\u00f3n previsto para los meses de octubre y noviembre: \u00abSer\u00e1n los m\u00e1s h\u00famedos del oto\u00f1o en Espa\u00f1a\u00bb"},"content":{"rendered":"<p>Espa\u00f1a encara los <b>\u00faltimos d\u00edas de agosto con un cambio de tiempo marcado por una borrasca<\/b> que est\u00e1 dejando viento y lluvias en distintos puntos del pa\u00eds, especialmente en el oeste y el noroeste peninsular.<\/p>\n<p>Todo esto llega justo en un momento en el que se acerca el <b>final del verano<\/b> y en el que ya se est\u00e1 pronosticando qu\u00e9 tiempo puede acompa\u00f1ar a Espa\u00f1a durante las primeras semanas de septiembre.<\/p>\n<p>Por ello, es de verdadero inter\u00e9s recoger las <b>previsiones de las caba\u00f1uelas de Jorge Rey<\/b> quien, como era de esperar en base a lo redactado en el p\u00e1rrafo anterior, ha vuelto a poner la mirada en el inicio del pr\u00f3ximo mes. El joven considera que el episodio actual encaja con la evoluci\u00f3n que ya hab\u00eda se\u00f1alado para el oto\u00f1o y apunta a un septiembre que comenzar\u00e1 con temperaturas agradables, aunque con la posibilidad de que algunos frentes atl\u00e1nticos alcancen el norte de la Pen\u00ednsula.<\/p>\n<p><img decoding=\"async\" loading=\"lazy\" src=\"https:\/\/www.europesays.com\/es\/wp-content\/uploads\/2026\/08\/jorge-rey-experto-meteorologia-cabanuelas-son-metodo-abandonado_58.jpg\" alt=\"Jorge Rey, experto en meteorolog\u00eda: &quot;Las caba\u00f1uelas son un m\u00e9todo abandonado&quot;\" width=\"429\" height=\"234\"\/> <b>Jorge Rey, experto en meteorolog\u00eda: \u00abLas caba\u00f1uelas son un m\u00e9todo abandonado\u00bb<\/b> Gabriel MoreiraJorge Rey relaciona la borrasca de agosto con un oto\u00f1o h\u00famedo y c\u00e1lido<\/p>\n<p>En su \u00faltima intervenci\u00f3n, Rey se refiere directamente a la borrasca que est\u00e1 afectando estos d\u00edas a Espa\u00f1a y destaca la fuerza del viento y las precipitaciones que est\u00e1 provocando en diferentes zonas del oeste. <b>\u00abLa borrasca que azota ya Espa\u00f1a con tanta fuerza, en cuanto al viento se refiere, deja lluvias en las pr\u00f3ximas horas en muchos puntos del oeste\u00bb<\/b>, explicaba en referencia a estos \u00faltimos d\u00edas que ya han pasado.<\/p>\n<p>Seg\u00fan su interpretaci\u00f3n de las caba\u00f1uelas, este episodio de inestabilidad ser\u00eda tambi\u00e9n una se\u00f1al de lo que podr\u00eda ocurrir durante los pr\u00f3ximos meses. <b>\u00abQue Espa\u00f1a ahora mismo afronte esta borrasca profunda para la \u00e9poca del a\u00f1o es un claro reflejo de un oto\u00f1o que va a venir muy h\u00famedo, pero tambi\u00e9n muy c\u00e1lido\u00bb<\/b>, sostiene el joven.<\/p>\n<p>Los \u00faltimos d\u00edas de agosto est\u00e1n trayendo un cambio de tiempo<\/p>\n<p>Antes de la llegada de septiembre, Rey apunta a una mejora del tiempo durante los \u00faltimos d\u00edas de agosto:<b> \u00abCon un ambiente fresco que deja muchos puntos del oeste, especialmente del noroeste peninsular ahora en estos d\u00edas, a un calor que en septiembre vuelva a dejar m\u00e1ximas muy agradables\u00bb<\/b>, asegura.<\/p>\n<p>De esta manera, seg\u00fan su lectura, el descenso t\u00e9rmico y las lluvias de estos \u00faltimos d\u00edas no marcar\u00edan el final definitivo del tiempo c\u00e1lido.<\/p>\n<p>Septiembre podr\u00eda comenzar con frentes atl\u00e1nticos en el norte<\/p>\n<p>La mirada de <b><a title=\"Jorge Rey\" href=\"https:\/\/www.larazon.es\/tags\/jorge-rey\" target=\"_blank\" rel=\"nofollow noopener\">Jorge Rey<\/a> <\/b>se desplaza despu\u00e9s hacia los primeros compases de septiembre. En esta ocasi\u00f3n, las caba\u00f1uelas que interpreta apuntan a la llegada de frentes desde el Atl\u00e1ntico a la zona norte de Espa\u00f1a, aunque el escenario general que plantea no ser\u00eda de un episodio de fr\u00edo intenso.<\/p>\n<p>\u00abLos muy \u00faltimos d\u00edas de agosto mejora por completo con vistas a un inicio de septiembre que atraiga la posibilidad de roces de frentes desde el Atl\u00e1ntico a la zona norte\u00bb, se\u00f1ala. Esta previsi\u00f3n coincide parcialmente con lo que ya hab\u00eda avanzado en su anterior actualizaci\u00f3n, <a title=\"en la que hablaba de cierta inestabilidad\" href=\"https:\/\/www.larazon.es\/el-tiempo\/jorge-rey-lanza-prevision-ultimos-dias-agosto-comienzo-septiembre-ambiente-calmado-caluroso-b50m_202608276a902643d16f763504a103dd.html\" target=\"_blank\" rel=\"nofollow noopener\"><b>en la que hablaba de cierta inestabilidad<\/b><\/a> en el noroeste y de posibles tormentas en zonas de monta\u00f1a.<\/p>\n<p>Octubre y noviembre aparecen como los meses m\u00e1s h\u00famedos<\/p>\n<p>A su vez, la nueva actualizaci\u00f3n vuelve a poner sobre la mesa la <b>previsi\u00f3n de oto\u00f1o h\u00famedo y c\u00e1lido<\/b> que Rey ya hab\u00eda adelantado. <a title=\"El joven se\u00f1ala expresamente a octubre\" href=\"https:\/\/www.larazon.es\/el-tiempo\/jorge-rey-sus-cabanuelas-dan-alerta-joven-espera-otono-marcado-danas-explosivas-gotas-frias-b51m_202608186a849f9571b42a0b5df6a277.html\" target=\"_blank\" rel=\"nofollow noopener\"><b>El joven se\u00f1ala expresamente a octubre<\/b><\/a><b> y noviembre como dos meses en los que ese patr\u00f3n podr\u00eda hacerse m\u00e1s evidente<\/b>.<\/p>\n<p>Sus caba\u00f1uelas apuntan as\u00ed a un <b>oto\u00f1o con temperaturas superiores a lo que podr\u00eda esperarse en algunos momentos<\/b>, pero acompa\u00f1ado de episodios de lluvias e inestabilidad.<\/p>\n","protected":false},"excerpt":{"rendered":"Espa\u00f1a encara los \u00faltimos d\u00edas de agosto con un cambio de tiempo marcado por una borrasca que est\u00e1&hellip;\n","protected":false},"author":2,"featured_media":737898,"comment_status":"","ping_status":"","sticky":false,"template":"","format":"standard","meta":{"footnotes":""},"categories":[8],"tags":[114673,17,18,13193,25,24,13,14,11,131007,19,20,1479,9,10,15,16,23,6195,12,2979,21,22,1793],"class_list":["post-737897","post","type-post","status-publish","format-standard","has-post-thumbnail","category-espana","tag-b50m","tag-breaking-news","tag-breakingnews","tag-el-tiempo","tag-es","tag-espana","tag-featured-news","tag-featurednews","tag-headlines","tag-jorge-rey","tag-latest-news","tag-latestnews","tag-lluvia","tag-news","tag-noticias","tag-noticias-destacadas","tag-noticiasdestacadas","tag-spain","tag-temperaturas","tag-titulares","tag-tormenta","tag-ultimas-noticias","tag-ultimasnoticias","tag-verano"],"share_on_mastodon":{"url":"https:\/\/pubeurope.com\/@es\/117182002778899192","error":""},"_links":{"self":[{"href":"https:\/\/www.europesays.com\/es\/wp-json\/wp\/v2\/posts\/737897","targetHints":{"allow":["GET"]}}],"collection":[{"href":"https:\/\/www.europesays.com\/es\/wp-json\/wp\/v2\/posts"}],"about":[{"href":"https:\/\/www.europesays.com\/es\/wp-json\/wp\/v2\/types\/post"}],"author":[{"embeddable":true,"href":"https:\/\/www.europesays.com\/es\/wp-json\/wp\/v2\/users\/2"}],"replies":[{"embeddable":true,"href":"https:\/\/www.europesays.com\/es\/wp-json\/wp\/v2\/comments?post=737897"}],"version-history":[{"count":0,"href":"https:\/\/www.europesays.com\/es\/wp-json\/wp\/v2\/posts\/737897\/revisions"}],"wp:featuredmedia":[{"embeddable":true,"href":"https:\/\/www.europesays.com\/es\/wp-json\/wp\/v2\/media\/737898"}],"wp:attachment":[{"href":"https:\/\/www.europesays.com\/es\/wp-json\/wp\/v2\/media?parent=737897"}],"wp:term":[{"taxonomy":"category","embeddable":true,"href":"https:\/\/www.europesays.com\/es\/wp-json\/wp\/v2\/categories?post=737897"},{"taxonomy":"post_tag","embeddable":true,"href":"https:\/\/www.europesays.com\/es\/wp-json\/wp\/v2\/tags?post=737897"}],"curies":[{"name":"wp","href":"https:\/\/api.w.org\/{rel}","templated":true}]}}