{"id":737909,"date":"2026-08-30T02:21:16","date_gmt":"2026-08-30T02:21:16","guid":{"rendered":"https:\/\/www.europesays.com\/es\/737909\/"},"modified":"2026-08-30T02:21:16","modified_gmt":"2026-08-30T02:21:16","slug":"muere-el-torero-cayetano-de-julia-de-forma-repentina-mientras-hacia-deporte-en-un-parque-de-cordoba","status":"publish","type":"post","link":"https:\/\/www.europesays.com\/es\/737909\/","title":{"rendered":"Muere el torero Cayetano de Julia de forma repentina mientras hac\u00eda deporte en un parque de C\u00f3rdoba"},"content":{"rendered":"<p class=\"c-paragraph\">El torero retirado <b>Cayetano de Julia<\/b> ha fallecido este viernes <b>mientras hac\u00eda deporte<\/b> en el circuito del Parque Cruz Conde en C\u00f3rdoba, seg\u00fan han confirmado fuentes taurinas del entorno del diestro.<\/p>\n<p class=\"c-paragraph\">Fuentes de Emergencias 112 han se\u00f1alado que alrededor de las 9 de la ma\u00f1ana de este viernes recibieron<b> un aviso del fallecimiento de una persona<\/b> mientras practicaba deporte, aunque desconoc\u00edan la identidad de la misma.<\/p>\n<p class=\"c-paragraph\">A la zona se desplaz\u00f3 un equipo sanitario, que <b>solo pudo confirmar la muerte<\/b>, as\u00ed como agentes de la <a href=\"https:\/\/www.20minutos.es\/tags\/temas\/policia-nacional.html\" title=\"Polic\u00eda Nacional\" rel=\"nofollow noopener\" target=\"_blank\">Polic\u00eda Nacional<\/a>.<\/p>\n<p class=\"c-paragraph\">Se da la circunstancia de que Cayetano de Julia, nacido en C\u00f3rdoba en 1971, <b>ha muerto el mismo d\u00eda que cumpl\u00eda 55 a\u00f1os.<\/b> En la actualidad era empresario de hosteler\u00eda.\u00a0<\/p>\n","protected":false},"excerpt":{"rendered":"El torero retirado Cayetano de Julia ha fallecido este viernes mientras hac\u00eda deporte en el circuito del Parque&hellip;\n","protected":false},"author":2,"featured_media":737910,"comment_status":"","ping_status":"","sticky":false,"template":"","format":"standard","meta":{"footnotes":""},"categories":[91],"tags":[4812,146,147,25,24,18772,7371,8938,23,1570],"class_list":["post-737909","post","type-post","status-publish","format-standard","has-post-thumbnail","category-entretenimiento","tag-cayetano","tag-entertainment","tag-entretenimiento","tag-es","tag-espana","tag-julia","tag-mientras","tag-muere","tag-spain","tag-torero"],"share_on_mastodon":{"url":"","error":""},"_links":{"self":[{"href":"https:\/\/www.europesays.com\/es\/wp-json\/wp\/v2\/posts\/737909","targetHints":{"allow":["GET"]}}],"collection":[{"href":"https:\/\/www.europesays.com\/es\/wp-json\/wp\/v2\/posts"}],"about":[{"href":"https:\/\/www.europesays.com\/es\/wp-json\/wp\/v2\/types\/post"}],"author":[{"embeddable":true,"href":"https:\/\/www.europesays.com\/es\/wp-json\/wp\/v2\/users\/2"}],"replies":[{"embeddable":true,"href":"https:\/\/www.europesays.com\/es\/wp-json\/wp\/v2\/comments?post=737909"}],"version-history":[{"count":0,"href":"https:\/\/www.europesays.com\/es\/wp-json\/wp\/v2\/posts\/737909\/revisions"}],"wp:featuredmedia":[{"embeddable":true,"href":"https:\/\/www.europesays.com\/es\/wp-json\/wp\/v2\/media\/737910"}],"wp:attachment":[{"href":"https:\/\/www.europesays.com\/es\/wp-json\/wp\/v2\/media?parent=737909"}],"wp:term":[{"taxonomy":"category","embeddable":true,"href":"https:\/\/www.europesays.com\/es\/wp-json\/wp\/v2\/categories?post=737909"},{"taxonomy":"post_tag","embeddable":true,"href":"https:\/\/www.europesays.com\/es\/wp-json\/wp\/v2\/tags?post=737909"}],"curies":[{"name":"wp","href":"https:\/\/api.w.org\/{rel}","templated":true}]}}