{"id":737917,"date":"2026-08-30T02:26:13","date_gmt":"2026-08-30T02:26:13","guid":{"rendered":"https:\/\/www.europesays.com\/es\/737917\/"},"modified":"2026-08-30T02:26:13","modified_gmt":"2026-08-30T02:26:13","slug":"el-analisis-de-andres-palop-del-sevilla-fc","status":"publish","type":"post","link":"https:\/\/www.europesays.com\/es\/737917\/","title":{"rendered":"El an\u00e1lisis de Andr\u00e9s Palop del Sevilla FC"},"content":{"rendered":"<p><img decoding=\"async\" class=\"v-ath__i\" loading=\"lazy\" src=\"https:\/\/www.europesays.com\/es\/wp-content\/uploads\/2026\/08\/autor-5671-foto-1.png\" alt=\"Andr\u00e9s Palop\"\/><\/p>\n<p>30\/08\/2026<\/p>\n<p>Actualizado a las 00:32h.<\/p>\n<p class=\"v-d-p\" style=\"\">El <strong>Sevilla FC<\/strong> se enfrent\u00f3 este s\u00e1bado en el encuentro de la tercera jornada de LaLiga al Atl\u00e9tico de Madrid. El equipo dirigido por Luis Garc\u00eda Plaza buscaba los tres puntos que le permitieran mantener el pleno de puntuaci\u00f3n, pero se top\u00f3 con un  &#8230; rival en forma y con muchas ganas de aprovechar los errores defensivos se los locales. Tres goles en la primera mitad sirvieron para condenar a un Sevilla, que se recompuso tras el descanso y acort\u00f3 distancias. Andr\u00e9s Palop, exportero del cuadro nervionense, comparte su valoraci\u00f3n del encuentro con los lectores de Orgullo de Nervi\u00f3n. <\/p>\n","protected":false},"excerpt":{"rendered":"30\/08\/2026 Actualizado a las 00:32h. El Sevilla FC se enfrent\u00f3 este s\u00e1bado en el encuentro de la tercera&hellip;\n","protected":false},"author":2,"featured_media":737918,"comment_status":"","ping_status":"","sticky":false,"template":"","format":"standard","meta":{"footnotes":""},"categories":[5],"tags":[1705,2987,1517,17,18,25,24,13,14,11,19,20,205,9,10,15,16,131008,1171,23,12,21,22],"class_list":["post-737917","post","type-post","status-publish","format-standard","has-post-thumbnail","category-titulares","tag-analisis","tag-andres","tag-atletico","tag-breaking-news","tag-breakingnews","tag-es","tag-espana","tag-featured-news","tag-featurednews","tag-headlines","tag-latest-news","tag-latestnews","tag-madrid","tag-news","tag-noticias","tag-noticias-destacadas","tag-noticiasdestacadas","tag-palop","tag-sevilla","tag-spain","tag-titulares","tag-ultimas-noticias","tag-ultimasnoticias"],"share_on_mastodon":{"url":"https:\/\/pubeurope.com\/@es\/117182097006094829","error":""},"_links":{"self":[{"href":"https:\/\/www.europesays.com\/es\/wp-json\/wp\/v2\/posts\/737917","targetHints":{"allow":["GET"]}}],"collection":[{"href":"https:\/\/www.europesays.com\/es\/wp-json\/wp\/v2\/posts"}],"about":[{"href":"https:\/\/www.europesays.com\/es\/wp-json\/wp\/v2\/types\/post"}],"author":[{"embeddable":true,"href":"https:\/\/www.europesays.com\/es\/wp-json\/wp\/v2\/users\/2"}],"replies":[{"embeddable":true,"href":"https:\/\/www.europesays.com\/es\/wp-json\/wp\/v2\/comments?post=737917"}],"version-history":[{"count":0,"href":"https:\/\/www.europesays.com\/es\/wp-json\/wp\/v2\/posts\/737917\/revisions"}],"wp:featuredmedia":[{"embeddable":true,"href":"https:\/\/www.europesays.com\/es\/wp-json\/wp\/v2\/media\/737918"}],"wp:attachment":[{"href":"https:\/\/www.europesays.com\/es\/wp-json\/wp\/v2\/media?parent=737917"}],"wp:term":[{"taxonomy":"category","embeddable":true,"href":"https:\/\/www.europesays.com\/es\/wp-json\/wp\/v2\/categories?post=737917"},{"taxonomy":"post_tag","embeddable":true,"href":"https:\/\/www.europesays.com\/es\/wp-json\/wp\/v2\/tags?post=737917"}],"curies":[{"name":"wp","href":"https:\/\/api.w.org\/{rel}","templated":true}]}}