{"id":737919,"date":"2026-08-30T02:34:40","date_gmt":"2026-08-30T02:34:40","guid":{"rendered":"https:\/\/www.europesays.com\/es\/737919\/"},"modified":"2026-08-30T02:34:40","modified_gmt":"2026-08-30T02:34:40","slug":"damian-jones-un-doble-campeon-de-la-nba-para-el-real-madrid","status":"publish","type":"post","link":"https:\/\/www.europesays.com\/es\/737919\/","title":{"rendered":"Damian Jones, un doble campe\u00f3n de la NBA para el Real Madrid"},"content":{"rendered":"<p style=\"\">Tras las salidas de Alex Len, Omer Yurtseven y Mady Sissoko, el Real Madrid ya ha encontrado a un nuevo p\u00edvot. Se trata de <strong>Damian Jones<\/strong>, jugador estadounidense de 211 cent\u00edmetros de altura, 31 a\u00f1os y que llega procedente de los Vaqueros de Bayam\u00f3n,  &#8230; con los que se acaba de proclamar campe\u00f3n de la liga puertorrique\u00f1a. Firma hasta final de temporada. <\/p>\n<p class=\"v-d-p\" style=\"\">Tras la lesi\u00f3n de Tavares en el tramo final del curso pasado, la misma que supuso una herida irreparable para el conjunto blanco, qued\u00f3 m\u00e1s que patente que la plantilla cojeaba en el puesto de cinco. As\u00ed, <a href=\"https:\/\/www.abc.es\/deportes\/real-madrid\/real-madrid-refuerza-shulga-sarr-presentados-20260815160309-nt.html\" target=\"_self\" data-voc-vtm-id=\"in-text-traffic\" rel=\"nofollow noopener\">en plena revoluci\u00f3n deportiva<\/a> y tras una exhaustiva b\u00fasqueda en el mercado , los merengues incorporaron primero al franc\u00e9s Sarr y ahora a Jones, dos perfiles que dotan de un imponente f\u00edsico a la posici\u00f3n. <\/p>\n<p class=\"v-d-p\" style=\"\">Jones, adem\u00e1s de su capacidad para el rebote y su pericia a la hora de colocar bloqueos y continuarlos con potencia, cuenta en su palmar\u00e9s con dos t\u00edtulos de la NBA, ambos conquistados con los Golden State Warriors (2017 y 2018), muescas que demuestran que puede rendir perfectamente en la \u00e9lite, aunque es cierto que su participaci\u00f3n con los californianos fue escasa. <\/p>\n<p class=\"v-d-p\" style=\"\">El de Luisiana, de esta forma, se convierte en la s\u00e9ptima incorporaci\u00f3n del Madrid tras las de Jaime Pradilla (Valencia), Timoth\u00e9 Luwawu-Cabarrot (Baskonia), Mikael Jantunen (Fenerbah\u00e7e), Max Shulga (Boston Celtics), el ya mencionado Sarr (Cleveland Cavaliers) y <a href=\"https:\/\/www.abc.es\/deportes\/baloncesto\/eli-ndiaye-vuelve-real-madrid-ano-despues-20260817135629-nt.html\" target=\"_self\" data-voc-vtm-id=\"in-text-traffic\" rel=\"nofollow noopener\">Eli John Ndiaye<\/a> (sin equipo), adem\u00e1s de la de Pedro Mart\u00ednez, que sustituye a Scariolo en el puesto de entrenador. <\/p>\n<p class=\"v-d-p\" style=\"\">Por otra parte, los blancos han perdido a Mario Hezonja (Cavaliers), Trey Lyles (Minnesota Timberwolves), David Kramer (Estrella Roja) e Izan Almansa. Un puzle de llegadas y salidas que podr\u00eda completarse con Lester Qui\u00f1ones, escolta estadounidense de origen dominicano y que parece haber atra\u00eddo la mirada del Real Madrid, que debutar\u00e1 esta campa\u00f1a el pr\u00f3ximo 24 de septiembre en <a href=\"https:\/\/www.abc.es\/deportes\/baloncesto\/real-madrid-cambia-supercopa-espana-nuevo-torneo-20260826102213-nt.html\" target=\"_self\" data-voc-vtm-id=\"in-text-traffic\" rel=\"nofollow noopener\">la Supercopa de la Euroliga<\/a> ante el Dub\u00e1i. <\/p>\n","protected":false},"excerpt":{"rendered":"Tras las salidas de Alex Len, Omer Yurtseven y Mady Sissoko, el Real Madrid ya ha encontrado a&hellip;\n","protected":false},"author":2,"featured_media":737920,"comment_status":"","ping_status":"","sticky":false,"template":"","format":"standard","meta":{"footnotes":""},"categories":[269],"tags":[299,298,5773,8990,168,7537,25,24,9275,205,1725,798,23,167],"class_list":["post-737919","post","type-post","status-publish","format-standard","has-post-thumbnail","category-baloncesto","tag-baloncesto","tag-basketball","tag-campeon","tag-damian","tag-deportes","tag-doble","tag-es","tag-espana","tag-jones","tag-madrid","tag-nba","tag-real","tag-spain","tag-sports"],"share_on_mastodon":{"url":"https:\/\/pubeurope.com\/@es\/117182127637497030","error":""},"_links":{"self":[{"href":"https:\/\/www.europesays.com\/es\/wp-json\/wp\/v2\/posts\/737919","targetHints":{"allow":["GET"]}}],"collection":[{"href":"https:\/\/www.europesays.com\/es\/wp-json\/wp\/v2\/posts"}],"about":[{"href":"https:\/\/www.europesays.com\/es\/wp-json\/wp\/v2\/types\/post"}],"author":[{"embeddable":true,"href":"https:\/\/www.europesays.com\/es\/wp-json\/wp\/v2\/users\/2"}],"replies":[{"embeddable":true,"href":"https:\/\/www.europesays.com\/es\/wp-json\/wp\/v2\/comments?post=737919"}],"version-history":[{"count":0,"href":"https:\/\/www.europesays.com\/es\/wp-json\/wp\/v2\/posts\/737919\/revisions"}],"wp:featuredmedia":[{"embeddable":true,"href":"https:\/\/www.europesays.com\/es\/wp-json\/wp\/v2\/media\/737920"}],"wp:attachment":[{"href":"https:\/\/www.europesays.com\/es\/wp-json\/wp\/v2\/media?parent=737919"}],"wp:term":[{"taxonomy":"category","embeddable":true,"href":"https:\/\/www.europesays.com\/es\/wp-json\/wp\/v2\/categories?post=737919"},{"taxonomy":"post_tag","embeddable":true,"href":"https:\/\/www.europesays.com\/es\/wp-json\/wp\/v2\/tags?post=737919"}],"curies":[{"name":"wp","href":"https:\/\/api.w.org\/{rel}","templated":true}]}}