{"id":737931,"date":"2026-08-30T02:48:25","date_gmt":"2026-08-30T02:48:25","guid":{"rendered":"https:\/\/www.europesays.com\/es\/737931\/"},"modified":"2026-08-30T02:48:25","modified_gmt":"2026-08-30T02:48:25","slug":"el-patinazo-del-chaman-durek-verrett-tras-la-muerte-de-su-papa-harald-presume-de-salud-dos-horas-despues-del-deceso","status":"publish","type":"post","link":"https:\/\/www.europesays.com\/es\/737931\/","title":{"rendered":"El patinazo del cham\u00e1n Durek Verrett tras la muerte de su \u00abpap\u00e1\u00bb Harald: presume de salud dos horas despu\u00e9s del deceso"},"content":{"rendered":"<p class=\"paragraph\" id=\"paragraph_1\">El pasado viernes por la ma\u00f1ana, Noruega amanec\u00eda con la peor de las noticias: <a data-forcefollow=\"false\" data-sponsored=\"false\" href=\"https:\/\/www.elespanol.com\/corazon\/casas-reales\/20260828\/muere-harald-noruega-rey-longevo-europa-anos-causa-grave-infeccion-bacteriana\/1003744361155_0.html?utm_cmp_rs=linksinline\" rel=\"nofollow noopener\" target=\"_blank\">la muerte del que ha sido su rey durante 35 a\u00f1os<\/a>. El anuncio se hizo oficial este viernes, 28 de agosto, a trav\u00e9s de las redes sociales de la <strong>Casa de Gl\u00fccksburg <\/strong>en torno a las 8:35 horas (hora local de Oslo).<\/p>\n<p class=\"paragraph\" id=\"paragraph_2\">Sin embargo, en medio del dolor nacional y la solemnidad institucional, un gesto desafortunado ha desviado la atenci\u00f3n hacia el entorno familiar m\u00e1s directo del difunto soberano.<\/p>\n<p class=\"paragraph\" id=\"paragraph_3\">El cham\u00e1n <a data-forcefollow=\"false\" data-sponsored=\"false\" href=\"https:\/\/www.elespanol.com\/corazon\/casas-reales\/20260826\/preocupacion-marta-luisa-alla-salud-harald-durek-verrett-sometido-trasplante-rinon\/1003744363775_0.html?utm_cmp_rs=linksinline\" rel=\"nofollow noopener\" target=\"_blank\">Durek Verrett <\/a>(51 a\u00f1os) ha protagonizado un sonado patinazo de protocolo apenas dos horas despu\u00e9s de que la noticia del deceso diera la vuelta al mundo.<\/p>\n<p class=\"paragraph\" id=\"paragraph_4\">En pleno impacto por la p\u00e9rdida de su suegro, el gu\u00eda espiritual estadounidense utilizaba su cuenta oficial de <strong>Instagram <\/strong>para repostear una publicaci\u00f3n en la que se notificaba el \u00e9xito de la operaci\u00f3n a la que acababa de ser sometido: un<strong> trasplante de ri\u00f1\u00f3n.<\/strong><\/p>\n<p><img loading=\"lazy\" decoding=\"async\" alt=\"Imagen con la que la Casa Real de Noruega ha anunciado la muerte, este viernes 28 de agosto, del rey Harald.\" height=\"240\" src=\"https:\/\/www.europesays.com\/es\/wp-content\/uploads\/2026\/08\/h:240&#038;h=emu3S2zu.jpeg\" width=\"320\" data-lazy-status=\"processed\" data-lazy-info=\"remove loading item 1\"\/><\/p>\n<p><img decoding=\"async\" alt=\"Marta Luisa de Noruega y Durek Verrett, en un post de Instagram.\" height=\"3684\" loading=\"lazy\" width=\"1706\" data-lazy-status=\"processed\" id=\"b98c5ffd49\" src=\"https:\/\/www.elespanol.com\/corazon\/casas-reales\/20260829\/patinazo-chaman-durek-verrett-muerte-papa-harald-presume-salud-horas-despues-deceso\/[\" https:=\"\" data-lazy-info=\"changed src\"\/><\/p>\n<p>                                                            Marta Luisa de Noruega y Durek Verrett, en un post de Instagram.<\/p>\n<p>                    Redes sociales<\/p>\n<p>Desafortunada coincidencia<\/p>\n<p class=\"paragraph\" id=\"paragraph_5\">La intervenci\u00f3n quir\u00fargica del marido de la princesa <strong>Marta Luisa <\/strong>(54) tuvo lugar, curiosamente, en el <strong>Hospital Nacional de Oslo<\/strong> (Rikshospitalet), el mismo centro m\u00e9dico en el que el veterano Jefe de Estado acababa de perder la vida horas antes.<\/p>\n<p class=\"paragraph\" id=\"paragraph_6\">En un primer momento, result\u00f3 llamativo que Verrett compartiera en sus redes un<strong> emotivo mensaje de despedida<\/strong> dedicado al monarca, al que cari\u00f1osamente llamaba \u00abpap\u00e1\u00bb y de quien se mostraba visiblemente afligido: \u00ab<strong>Voy a extra\u00f1ar todos los momentos divertidos que pasamos juntos<\/strong>\u00ab, expresaba en sus plataformas digitales.<\/p>\n<p><img decoding=\"async\" alt=\"Durek Verrett se ha despedido de su suegro, el rey Harald, al que ha calificado como su pap\u00e1.\" height=\"2680\" loading=\"lazy\" width=\"1706\" data-lazy-status=\"processed\" id=\"8a5bcea528\" src=\"https:\/\/www.elespanol.com\/corazon\/casas-reales\/20260829\/patinazo-chaman-durek-verrett-muerte-papa-harald-presume-salud-horas-despues-deceso\/[\" https:=\"\" data-lazy-info=\"changed src\"\/><\/p>\n<p>                                                            Durek Verrett se ha despedido de su suegro, el rey Harald, al que ha calificado como su \u00abpap\u00e1\u00bb.<\/p>\n<p>                    @shamandurek<\/p>\n<p class=\"paragraph\" id=\"paragraph_7\">Sin embargo, la perplejidad entre los seguidores de la casa real escandinava lleg\u00f3 al constatar que, de forma casi simult\u00e1nea y apenas 120 minutos despu\u00e9s del anuncio oficial de la Corona, el cham\u00e1n difund\u00eda tambi\u00e9n los detalles sobre <strong>su favorable evoluci\u00f3n m\u00e9dica<\/strong>.<\/p>\n<p class=\"paragraph\" id=\"paragraph_8\">Un movimiento interpretado como una<strong> grave falta de protocolo,<\/strong> un profundo desconocimiento del impacto de los acontecimientos en el seno de su familia pol\u00edtica o, en el mejor de los casos, un exceso de impulsividad en el manejo de sus redes sociales desde la propia convalecencia.<\/p>\n<p><img decoding=\"async\" alt=\"La reina Sonia y su hija la princesa Marta Luisa en el cortejo f\u00fanebre que acompa\u00f1\u00f3 el traslado del f\u00e9retro del rey Harald desde el Hospital Nacional de Oslo hasta el Palacio Real, este viernes, 28 de agosto.\" data-imgm=\"true\" height=\"960\" loading=\"lazy\"  src=\"https:\/\/www.europesays.com\/es\/wp-content\/uploads\/2026\/08\/h:960&#038;h=XhArNRXg.jpeg\"  width=\"1706\"\/><\/p>\n<p>                                                            La reina Sonia y su hija la princesa Marta Luisa en el cortejo f\u00fanebre que acompa\u00f1\u00f3 el traslado del f\u00e9retro del rey Harald desde el Hospital Nacional de Oslo hasta el Palacio Real, este viernes, 28 de agosto.<\/p>\n<p>                    GTRES<\/p>\n<p>Borrado expr\u00e9s y ausencia en el cortejo f\u00fanebre<\/p>\n<p class=\"paragraph\" id=\"paragraph_9\">Consciente, muy probablemente, de la inoportunidad de su publicaci\u00f3n en <strong>una jornada de luto oficial<\/strong>, el estadounidense se percat\u00f3 de inmediato de su error y no tard\u00f3 en fulminar el contenido a la mayor brevedad posible para intentar minimizar las posibles consecuencias de su <strong>desafortunado gesto.<\/strong><\/p>\n<p class=\"paragraph\" id=\"paragraph_10\">Mientras Verrett a\u00fan se recupera de la cirug\u00eda, los miembros de la Familia Real han cumplido con los solemnes <strong>actos de despedida<\/strong>. El pasado viernes por la tarde, los miembros de la dinast\u00eda noruega acompa\u00f1aron al f\u00e9retro de Harald V a su salida de la capilla del hospital hasta el <strong>Palacio Real de Oslo <\/strong>en un emotivo <strong>cortejo f\u00fanebre<\/strong>.<\/p>\n<p class=\"paragraph\" id=\"paragraph_11\">A la procesi\u00f3n no faltaron el nuevo rey <strong>Haakon VIII<\/strong> (53), su esposa<strong> Mette-Marit<\/strong> (53), los pr\u00edncipes<strong> Ingrid Alexandra <\/strong>(22) y <strong>Sverre Magnus <\/strong>(20), y la <strong>reina Sonia<\/strong> (89), quien estuvo en todo momento arropada a su lado por su hija, la princesa<strong> Marta Luisa.<\/strong><\/p>\n","protected":false},"excerpt":{"rendered":"El pasado viernes por la ma\u00f1ana, Noruega amanec\u00eda con la peor de las noticias: la muerte del que&hellip;\n","protected":false},"author":2,"featured_media":737932,"comment_status":"","ping_status":"","sticky":false,"template":"","format":"standard","meta":{"footnotes":""},"categories":[42],"tags":[17,18,14486,13,14,15271,49090,11,4536,61,62,63,64,19,20,8159,9,4907,10,15,16,1922,108274,12,21,22,65,66,67],"class_list":["post-737931","post","type-post","status-publish","format-standard","has-post-thumbnail","category-internacional","tag-breaking-news","tag-breakingnews","tag-casas-reales","tag-featured-news","tag-featurednews","tag-haakon-de-noruega","tag-harald-de-noruega","tag-headlines","tag-instagram","tag-internacional","tag-international","tag-international-news","tag-internationalnews","tag-latest-news","tag-latestnews","tag-marta-luisa-de-noruega","tag-news","tag-noruega","tag-noticias","tag-noticias-destacadas","tag-noticiasdestacadas","tag-redes-sociales","tag-sonia-de-noruega","tag-titulares","tag-ultimas-noticias","tag-ultimasnoticias","tag-world","tag-world-news","tag-worldnews"],"share_on_mastodon":{"url":"","error":"Validation failed: Text character limit of 500 exceeded"},"_links":{"self":[{"href":"https:\/\/www.europesays.com\/es\/wp-json\/wp\/v2\/posts\/737931","targetHints":{"allow":["GET"]}}],"collection":[{"href":"https:\/\/www.europesays.com\/es\/wp-json\/wp\/v2\/posts"}],"about":[{"href":"https:\/\/www.europesays.com\/es\/wp-json\/wp\/v2\/types\/post"}],"author":[{"embeddable":true,"href":"https:\/\/www.europesays.com\/es\/wp-json\/wp\/v2\/users\/2"}],"replies":[{"embeddable":true,"href":"https:\/\/www.europesays.com\/es\/wp-json\/wp\/v2\/comments?post=737931"}],"version-history":[{"count":0,"href":"https:\/\/www.europesays.com\/es\/wp-json\/wp\/v2\/posts\/737931\/revisions"}],"wp:featuredmedia":[{"embeddable":true,"href":"https:\/\/www.europesays.com\/es\/wp-json\/wp\/v2\/media\/737932"}],"wp:attachment":[{"href":"https:\/\/www.europesays.com\/es\/wp-json\/wp\/v2\/media?parent=737931"}],"wp:term":[{"taxonomy":"category","embeddable":true,"href":"https:\/\/www.europesays.com\/es\/wp-json\/wp\/v2\/categories?post=737931"},{"taxonomy":"post_tag","embeddable":true,"href":"https:\/\/www.europesays.com\/es\/wp-json\/wp\/v2\/tags?post=737931"}],"curies":[{"name":"wp","href":"https:\/\/api.w.org\/{rel}","templated":true}]}}