{"id":737979,"date":"2026-08-30T03:50:12","date_gmt":"2026-08-30T03:50:12","guid":{"rendered":"https:\/\/www.europesays.com\/es\/737979\/"},"modified":"2026-08-30T03:50:12","modified_gmt":"2026-08-30T03:50:12","slug":"mexico-baila-thriller-en-homenaje-a-michael-jackson-en-el-monumento-a-la-revolucion","status":"publish","type":"post","link":"https:\/\/www.europesays.com\/es\/737979\/","title":{"rendered":"M\u00e9xico baila Thriller en homenaje a Michael Jackson en el Monumento a la Revoluci\u00f3n"},"content":{"rendered":"<p><img alt=\"El Monumento a la Revoluci\u00f3n recibi\u00f3 a miles de fans para honrar al Rey del Pop REUTERS\/Toya Sarno Jordan\" class=\"global-image\" decoding=\"async\" fetchpriority=\"high\" height=\"3667\" loading=\"eager\" src=\"https:\/\/www.europesays.com\/es\/wp-content\/uploads\/2026\/08\/IFHZQNTQRRHBZJG3HI6ZBRNCOI.JPG\" width=\"5500\"\/>El Monumento a la Revoluci\u00f3n recibi\u00f3 a miles de fans para honrar al Rey del Pop REUTERS\/Toya Sarno Jordan<\/p>\n<p>29 Ago, 2026 10:59 p. m. EST<\/p>\n<p class=\"paragraph\" data-paragraph-number=\"1\">La memoria de <a rel=\"noopener noreferrer nofollow\" href=\"https:\/\/www.infobae.com\/tag\/michael-jackson\/\" target=\"_blank\" title=\"https:\/\/www.infobae.com\/tag\/michael-jackson\/\"><b>Michael Jackson<\/b><\/a> vivir\u00e1 para siempre. Hoy s\u00e1bado 29 de agosto, las y los capitalinos asistieron al <b>Monumento a la Revoluci\u00f3n<\/b> para rendir <b>tributo al Rey del Pop, <\/b>en la fecha que ser\u00eda el <b>cumplea\u00f1os 68 <\/b>del menor de los <b>Jackson 5<\/b>. <\/p>\n<p class=\"paragraph\" data-paragraph-number=\"2\">Durante las \u00faltimas semanas los seguidores de <b>Michael <\/b>se presentaron en el sitio emblem\u00e1tico para ensayar las <b>coreograf\u00edas <\/b>de las canciones m\u00e1s ic\u00f3nicas de <b>Michael Jackson<\/b>, principalmente <b>Thriller<\/b>, considerada la m\u00e1s influyentes de la <b>m\u00fasica pop<\/b> a nivel global.<\/p>\n<p class=\"paragraph\" data-paragraph-number=\"3\">La invitaci\u00f3n para ser parte del evento masivo tom\u00f3 fuerzas por las <b>redes sociales<\/b>, especialmente en <b>TikTok<\/b> y el resultado, por supuesto, super\u00f3 las expectativas: ni\u00f1as, ni\u00f1os, j\u00f3venes y adultos acudieron caracterizados de <b>Michael Jackson<\/b> para homenajear a su \u00eddolo.<\/p>\n<p class=\"paragraph\" data-paragraph-number=\"4\">El <b>guante blanco de lentejuelas<\/b>, el <b>sombrero fedora<\/b>, el par de <b>Calcetines blancos<\/b> y <b>zapatos negros<\/b>,<b> <\/b>los l<b>entes oscuros<\/b>, las <b>camisas con hombreras y lentejuelas<\/b>,<b> <\/b>los <b>cinturones anchos con hebillas met\u00e1lica <\/b>y<b> pantalones cortos (ankle pants)<\/b> proyectaron la identidad \u00fanica e impacto cultural de <b>Michael Jackson <\/b>en la capital.<\/p>\n<p class=\"paragraph\" data-paragraph-number=\"5\">Entre los participantes, la prenda m\u00e1s vista en las inmediaciones del <b>Monumento a la Revoluci\u00f3n<\/b>, fue la <b>chaqueta roja del video Thriller<\/b>: prenda de cuero roja con detalles en negro, dise\u00f1ada por <b>Deborah Nadoolman Landis<\/b> para el cortometraje de 1983, con duraci\u00f3n de 13 minutos y 41 segundos en Youtube. <\/p>\n<p class=\"paragraph\" data-paragraph-number=\"6\">Al momento del <b>baile<\/b>, los protagonistas estuvieron en medio de los espectadores. quienes inmortalizaron el tributo a <b>Michael Jackson<\/b> filmando el resultado en sus tel\u00e9fonos celulares para compartir un mensaje hasta el cielo. <\/p>\n<p><img alt=\"Personas disfrazadas de zombis y Michael Jackson bailan en una plaza frente al Monumento a la Revoluci\u00f3n bajo un cielo despejado.\" class=\"global-image\" decoding=\"async\" fetchpriority=\"low\" height=\"1536\" loading=\"lazy\" src=\"https:\/\/www.europesays.com\/es\/wp-content\/uploads\/2026\/08\/ESOYRXOOYZFMJJ6D6OVXWYR7ZA.png\" width=\"2752\"\/>Un grupo de personas caracterizadas como zombis interpreta la coreograf\u00eda de Thriller en la explanada del Monumento a la Revoluci\u00f3n en Ciudad de M\u00e9xico. (Imagen Ilustrativa Infobae)<\/p>\n<p class=\"paragraph\" data-paragraph-number=\"7\">El acto de este s\u00e1bado remont\u00f3 al a\u00f1o 2009 cuando la afici\u00f3n mexicana bati\u00f3 un <b>r\u00e9cord Guinness<\/b> en el <b>Monumento a la Revoluci\u00f3n<\/b>, tras organizar el baile multitudinario de la canci\u00f3n <b>Thriller <\/b>a dos meses de la sorpresiva <b>muerte <\/b>del <b>Rey del Pop Michael Jackson<\/b>.<\/p>\n<p class=\"paragraph\" data-paragraph-number=\"8\">La <b>Ciudad de M\u00e9xico<\/b> ostenta el <b>r\u00e9cord Guinness<\/b> desde el 29 de agosto de 2009 al congregar <b>13 mil 597 personas<\/b> para ejecutar la <b>coreograf\u00eda de la canci\u00f3n Thriller<\/b>, en la explanada del <b>Monumento a la Revoluci\u00f3n<\/b>. <\/p>\n<p class=\"paragraph\" data-paragraph-number=\"9\">El evento masivo fue organizado por <b>el Instituto de la Juventud<\/b> del entonces <b>Distrito Federal<\/b>, con motivo del que habr\u00eda sido el <b>cumplea\u00f1os n\u00famero 51 de<\/b> <b>Michael Jackson<\/b>.<\/p>\n<p class=\"paragraph\" data-paragraph-number=\"10\">No obstante, en total se calcula que hubo hasta 50 mil ciudadanos presentes en la cita hist\u00f3rica, pero s\u00f3lo se contabiliz\u00f3 a quienes completaron toda la coreograf\u00eda de manera oficial. <\/p>\n<p class=\"paragraph\" data-paragraph-number=\"11\">El r\u00e9cord fue certificado por <b>World Record Guinness<\/b>, consolidando a la <b>Ciudad de M\u00e9xico<\/b> como referente mundial y uno de los pa\u00edses con la mayor cifra de admiradores del cantante y compositor estadounidense, <b>Michael Joseph Jackson<\/b>.<\/p>\n<p><img alt=\"Michael, la pel\u00edcula biogr\u00e1fica m\u00e1s anticipada sobre la vida de\u00a0Michael Jackson\" class=\"global-image\" decoding=\"async\" fetchpriority=\"low\" height=\"762\" loading=\"lazy\" src=\"https:\/\/www.europesays.com\/es\/wp-content\/uploads\/2026\/08\/7GL337K5LNEGVOOYGDCHB6EEN4.png\" width=\"1435\"\/>El debut en cine de Jaafar Jackson y un equipo de Oscar detr\u00e1s promete reescribir la historia del Rey del Pop desde dentro. (Universal Pictures M\u00e9xico)<\/p>\n<p class=\"paragraph\" data-paragraph-number=\"12\">La pel\u00edcula <b>\u201cMichael\u201d<\/b>, interpretada por<b> Jaafar Jackson<\/b>, sobrino del<b> Rey del Pop<\/b>, lleg\u00f3 a los cines en este 2026 y en s\u00f3lo unos d\u00edas logr\u00f3 ser el <b>biopic musical<\/b> m\u00e1s taquillero de la historia al desbancar a <b>Bohemian Rhapsody<\/b>, <b>la historia de Freddy Mercury <\/b>al recaudar<b> 932.2 millones de d\u00f3lares a nivel mundial<\/b>.<\/p>\n<p class=\"paragraph\" data-paragraph-number=\"13\">Desde su lanzamiento en abril de este a\u00f1o, la pel\u00edcula de <b>Michael Jackson<\/b> ha impulsado a nuevas generaciones de fans ha incrementar las reproducciones digitales de sus discos y ha originado <b>homenajes <\/b>al <b>Rey del Pop, <\/b>tal como sucedi\u00f3 hoy en la <b>Ciudad de M\u00e9xico<\/b> con el baile <b>Thriller <\/b>en la explanada del <b>Monumento a la Revoluci\u00f3n<\/b>.<\/p>\n<p><img alt=\" Se convirti\u00f3 en la canci\u00f3n m\u00e1s emblem\u00e1tica a nivel mundial. \" class=\"global-image\" decoding=\"async\" fetchpriority=\"low\" height=\"1080\" loading=\"lazy\" src=\"https:\/\/www.europesays.com\/es\/wp-content\/uploads\/2026\/08\/CVD3VVS6TNGIXO6SSYLZYOWDYU.jpg\" width=\"1920\"\/> Se convirti\u00f3 en la canci\u00f3n m\u00e1s emblem\u00e1tica a nivel mundial. <\/p>\n<p class=\"paragraph\" data-paragraph-number=\"14\"><b>Premios Grammy<\/b>: <b>Thriller <\/b>gan\u00f3 el <b>Grammy <\/b>a <b>Mejor Interpretaci\u00f3n Vocal Masculina de Pop<\/b> y <b>Mejor Video Musical<\/b> en 1984 y el \u00e1lbum <b>Thriller <\/b>tambi\u00e9n obtuvo la distinci\u00f3n por <b>\u00c1lbum del A\u00f1o<\/b>.<\/p>\n<p class=\"paragraph\" data-paragraph-number=\"15\"><b>R\u00e9cord Guinness<\/b>: El cortometraje de <b>Thriller <\/b>es reconocido por <b>Guinness World Records<\/b> como el video musical m\u00e1s exitoso de todos los tiempos, as\u00ed como el <b>\u00e1lbum m\u00e1s vendido de la historia<\/b> a nivel mundial y en <b>M\u00e9xico<\/b>.<\/p>\n<p class=\"paragraph\" data-paragraph-number=\"16\"><b>Registro Nacional de Grabaciones<\/b>: En 2007, el video musical de <b>Michael Jackson<\/b> fue el primero en incluirse en el <b>Registro Nacional de Cine de la Biblioteca del Congreso<\/b> <b>de Estados Unidos<\/b>, por su importancia cultural, hist\u00f3rica y est\u00e9tica.<\/p>\n<p class=\"paragraph\" data-paragraph-number=\"17\"><b>R\u00e9cord en M\u00e9xico<\/b>: Adem\u00e1s del <b>R\u00e9cord Guinness<\/b> por el baile masivo en el <b>Monumento a la Revoluci\u00f3n<\/b>, la canci\u00f3n <b>Thriller <\/b>es el sencillo m\u00e1s vendido de <b>Michael Jackson<\/b> en nuestro pa\u00eds, con ventas superiores a 1.7 millones de copias.<\/p>\n","protected":false},"excerpt":{"rendered":"El Monumento a la Revoluci\u00f3n recibi\u00f3 a miles de fans para honrar al Rey del Pop REUTERS\/Toya Sarno&hellip;\n","protected":false},"author":2,"featured_media":737980,"comment_status":"","ping_status":"","sticky":false,"template":"","format":"standard","meta":{"footnotes":""},"categories":[170],"tags":[15073,5797,146,147,25,24,3770,8535,184,185,3119,757,23],"class_list":["post-737979","post","type-post","status-publish","format-standard","has-post-thumbnail","category-musica","tag-art","tag-culture","tag-entertainment","tag-entretenimiento","tag-es","tag-espana","tag-lifestyle","tag-living-lifestyle","tag-music","tag-musica","tag-north-america","tag-south-america-central-america","tag-spain"],"share_on_mastodon":{"url":"https:\/\/pubeurope.com\/@es\/117182426339128596","error":""},"_links":{"self":[{"href":"https:\/\/www.europesays.com\/es\/wp-json\/wp\/v2\/posts\/737979","targetHints":{"allow":["GET"]}}],"collection":[{"href":"https:\/\/www.europesays.com\/es\/wp-json\/wp\/v2\/posts"}],"about":[{"href":"https:\/\/www.europesays.com\/es\/wp-json\/wp\/v2\/types\/post"}],"author":[{"embeddable":true,"href":"https:\/\/www.europesays.com\/es\/wp-json\/wp\/v2\/users\/2"}],"replies":[{"embeddable":true,"href":"https:\/\/www.europesays.com\/es\/wp-json\/wp\/v2\/comments?post=737979"}],"version-history":[{"count":0,"href":"https:\/\/www.europesays.com\/es\/wp-json\/wp\/v2\/posts\/737979\/revisions"}],"wp:featuredmedia":[{"embeddable":true,"href":"https:\/\/www.europesays.com\/es\/wp-json\/wp\/v2\/media\/737980"}],"wp:attachment":[{"href":"https:\/\/www.europesays.com\/es\/wp-json\/wp\/v2\/media?parent=737979"}],"wp:term":[{"taxonomy":"category","embeddable":true,"href":"https:\/\/www.europesays.com\/es\/wp-json\/wp\/v2\/categories?post=737979"},{"taxonomy":"post_tag","embeddable":true,"href":"https:\/\/www.europesays.com\/es\/wp-json\/wp\/v2\/tags?post=737979"}],"curies":[{"name":"wp","href":"https:\/\/api.w.org\/{rel}","templated":true}]}}