{"id":737991,"date":"2026-08-30T04:00:25","date_gmt":"2026-08-30T04:00:25","guid":{"rendered":"https:\/\/www.europesays.com\/es\/737991\/"},"modified":"2026-08-30T04:00:25","modified_gmt":"2026-08-30T04:00:25","slug":"herido-un-hombre-tras-sufrir-un-accidente-en-la-atraccion-de-batman-del-parque-warner-de-madrid-sociedad","status":"publish","type":"post","link":"https:\/\/www.europesays.com\/es\/737991\/","title":{"rendered":"Herido un hombre tras sufrir un accidente en la atracci\u00f3n de Batman del Parque Warner de Madrid | Sociedad"},"content":{"rendered":"<p class=\"loc\">Madrid<\/p>\n<p>Un hombre de 49 a\u00f1os ha resultado herido este s\u00e1bado tras sufrir<a href=\"https:\/\/cadenaser.com\/nacional\/2024\/02\/11\/cuantos-accidentes-graves-ha-habido-en-parques-de-atracciones-en-espana-cadena-ser\/\" target=\"_blank\" rel=\"nofollow noopener\" title=\"https:\/\/cadenaser.com\/nacional\/2024\/02\/11\/cuantos-accidentes-graves-ha-habido-en-parques-de-atracciones-en-espana-cadena-ser\/\"> un accidente en una monta\u00f1a rusa del Parque Warner<\/a>, ubicado en la localidad madrile\u00f1a de San Mart\u00edn de la Vega.<\/p>\n<p>El suceso se ha producido en la atracci\u00f3n Batman Gotham City Escape, una monta\u00f1a rusa de 45 metros de altura que se convirti\u00f3, tras su inauguraci\u00f3n en 2023, en la primera atracci\u00f3n multi-launch (de lanzamientos m\u00faltiples) de Espa\u00f1a.<\/p>\n<p>Una fractura abierta en la pierna izquierda<\/p>\n<p>El Parque Warner de Madrid ha explicado a trav\u00e9s de su cuenta de X que, tras el incidente, la atracci\u00f3n se \u00abdetuvo inmediatamente\u00bb y se activaron los \u00abprocedimientos de emergencia\u00bb. Como consecuencia del accidente, el hombre sufri\u00f3 una fractura abierta en la pierna izquierda y otra cerrada en la derecha.<\/p>\n<p>    <img decoding=\"async\" src=\"https:\/\/www.europesays.com\/es\/wp-content\/uploads\/2026\/08\/1788062425_319_app-ser-4.png\" alt=\"Nueva APP de Cadena SER\" loading=\"lazy\" width=\"109\" height=\"82\"\/><\/p>\n<p>Descubre la nueva app de Cadena\u00a0SER<br \/>\n        Te ofrecemos una mejor experiencia de audio y video\n    <\/p>\n<p>    <a href=\"https:\/\/trackingcodes.prisamedia.com\/ser.html?utm_campaign=app-include-articulo&amp;utm_source=web\" class=\"p-a-fa-b\" rel=\"nofollow noopener\" target=\"_blank\">Descargar<\/a><\/p>\n<p>Tras ser atendido en el lugar, fue evacuado en helic\u00f3ptero al Hospital 12 de Octubre para una valoraci\u00f3n m\u00e1s exhaustiva. Hasta el lugar tambi\u00e9n se desplazaron efectivos de la Guardia Civil y de la Polic\u00eda Local. De momento, la investigaci\u00f3n sobre lo ocurrido sigue abierta y las autoridades a\u00fan no han determinado las causas del accidente.<\/p>\n<p>La experiencia de la atracci\u00f3n recrea un recorrido inspirado en el universo de Batman e incluye una ca\u00edda de 98 grados desde 45 metros de altura, as\u00ed como varios giros completos y aceleraciones que superan los 100 kil\u00f3metros por hora en apenas unos segundos.<\/p>\n<p><\/p>\n","protected":false},"excerpt":{"rendered":"Madrid Un hombre de 49 a\u00f1os ha resultado herido este s\u00e1bado tras sufrir un accidente en una monta\u00f1a&hellip;\n","protected":false},"author":2,"featured_media":737992,"comment_status":"","ping_status":"","sticky":false,"template":"","format":"standard","meta":{"footnotes":""},"categories":[8],"tags":[17,18,25,24,13,14,11,19,20,9,10,15,16,63354,23,12,21,22],"class_list":["post-737991","post","type-post","status-publish","format-standard","has-post-thumbnail","category-espana","tag-breaking-news","tag-breakingnews","tag-es","tag-espana","tag-featured-news","tag-featurednews","tag-headlines","tag-latest-news","tag-latestnews","tag-news","tag-noticias","tag-noticias-destacadas","tag-noticiasdestacadas","tag-parque-warner","tag-spain","tag-titulares","tag-ultimas-noticias","tag-ultimasnoticias"],"share_on_mastodon":{"url":"https:\/\/pubeurope.com\/@es\/117182466792481541","error":""},"_links":{"self":[{"href":"https:\/\/www.europesays.com\/es\/wp-json\/wp\/v2\/posts\/737991","targetHints":{"allow":["GET"]}}],"collection":[{"href":"https:\/\/www.europesays.com\/es\/wp-json\/wp\/v2\/posts"}],"about":[{"href":"https:\/\/www.europesays.com\/es\/wp-json\/wp\/v2\/types\/post"}],"author":[{"embeddable":true,"href":"https:\/\/www.europesays.com\/es\/wp-json\/wp\/v2\/users\/2"}],"replies":[{"embeddable":true,"href":"https:\/\/www.europesays.com\/es\/wp-json\/wp\/v2\/comments?post=737991"}],"version-history":[{"count":0,"href":"https:\/\/www.europesays.com\/es\/wp-json\/wp\/v2\/posts\/737991\/revisions"}],"wp:featuredmedia":[{"embeddable":true,"href":"https:\/\/www.europesays.com\/es\/wp-json\/wp\/v2\/media\/737992"}],"wp:attachment":[{"href":"https:\/\/www.europesays.com\/es\/wp-json\/wp\/v2\/media?parent=737991"}],"wp:term":[{"taxonomy":"category","embeddable":true,"href":"https:\/\/www.europesays.com\/es\/wp-json\/wp\/v2\/categories?post=737991"},{"taxonomy":"post_tag","embeddable":true,"href":"https:\/\/www.europesays.com\/es\/wp-json\/wp\/v2\/tags?post=737991"}],"curies":[{"name":"wp","href":"https:\/\/api.w.org\/{rel}","templated":true}]}}