{"id":738021,"date":"2026-08-30T04:40:17","date_gmt":"2026-08-30T04:40:17","guid":{"rendered":"https:\/\/www.europesays.com\/es\/738021\/"},"modified":"2026-08-30T04:40:17","modified_gmt":"2026-08-30T04:40:17","slug":"us-open-2026-carlos-alcaraz-el-maximo-aspirante-tenis-deportes","status":"publish","type":"post","link":"https:\/\/www.europesays.com\/es\/738021\/","title":{"rendered":"US Open 2026: Carlos Alcaraz, el m\u00e1ximo aspirante | Tenis | Deportes"},"content":{"rendered":"<p class=\"\">Si bien los aficionados al tenis han podido disfrutar en esta semana previa del US Open con la participaci\u00f3n de los mejores jugadores y jugadoras en la prueba de dobles mixtos, no ser\u00e1 hasta hoy que d\u00e9 comienzo oficialmente la edici\u00f3n n\u00famero 146 del torneo neoyorquino en sus modalidades de individuales y dobles. <a href=\"https:\/\/elpais.com\/deportes\/tenis\/2025-08-25\/pongamos-en-valor-el-dobles.html\" rel=\"nofollow noopener\" title=\"https:\/\/elpais.com\/deportes\/tenis\/2025-08-25\/pongamos-en-valor-el-dobles.html\" target=\"_blank\">La iniciativa que adopt\u00f3 desde el a\u00f1o pasado<\/a> la Federaci\u00f3n de Tenis de Estados Unidos (USTA) de programar los mixtos en estos d\u00edas previos dando prioridad al r\u00e1nking individual me parece totalmente acertada.<\/p>\n<p class=\"\">Por una parte, esto ha permitido a los espectadores ver en acci\u00f3n a sus jugadores favoritos en una prueba algo m\u00e1s distendida y, por otra, a estos mismos ir prepar\u00e1ndose y aclimat\u00e1ndose a las condiciones que en los pr\u00f3ximos 15 d\u00edas tendr\u00e1n que afrontar. Sin duda, uno de los grandes protagonistas, a partir de ma\u00f1ana, fecha de su estreno, ser\u00e1 el tenista espa\u00f1ol Carlos Alcaraz, quien regresar\u00e1 a la competici\u00f3n <a href=\"https:\/\/elpais.com\/deportes\/tenis\/2026-04-15\/alcaraz-baja-en-el-godo-por-unas-molestias-en-el-brazo.html\" target=\"_self\" rel=\"nofollow noopener\" title=\"https:\/\/elpais.com\/deportes\/tenis\/2026-04-15\/alcaraz-baja-en-el-godo-por-unas-molestias-en-el-brazo.html\">tras m\u00e1s de cuatro meses apartado de las pistas<\/a>.<\/p>\n<p>M\u00e1s informaci\u00f3n<\/p>\n<p class=\"\">Con buen criterio, nuestro jugador decidi\u00f3 participar <a href=\"https:\/\/elpais.com\/deportes\/tenis\/2026-08-25\/el-tenis-celebra-el-retorno-de-carlos-alcaraz-el-gran-deseado.html\" target=\"_self\" rel=\"nofollow noopener\" title=\"https:\/\/elpais.com\/deportes\/tenis\/2026-08-25\/el-tenis-celebra-el-retorno-de-carlos-alcaraz-el-gran-deseado.html\">formando pareja con la veterana jugadora Serena Williams<\/a>. Aunque el evento es algo m\u00e1s cercano a una exhibici\u00f3n y no es, por consiguiente, excesivamente exigente, el murciano ha podido comprobar, tras disputar estos dos encuentros, que la mu\u00f1eca ha respondido correctamente y que est\u00e1 totalmente recuperado de la lesi\u00f3n. La inc\u00f3gnita que iremos despejando a partir de esta pr\u00f3xima semana ser\u00e1 la de ver en qu\u00e9 medida afectar\u00e1 a su juego en este primer torneo el largo periodo de inactividad.<\/p>\n<p class=\"\">Llegar a una cita tan complicada como el US Open sin haber tenido la oportunidad de disputar algunos partidos previos de preparaci\u00f3n es una dificultad a\u00f1adida a la que Carlos tendr\u00e1 que hacer frente. Aunque ya lleve un cierto tiempo entrenando, volver a competir requiere un periodo de adaptaci\u00f3n tanto f\u00edsico como mental que se acrecienta, adem\u00e1s, cuando los partidos son a cinco sets. El hecho de que en las dos primeras rondas sus rivales sean, <a href=\"https:\/\/elpais.com\/deportes\/tenis\/2026-08-27\/safiullin-para-empezar-y-espinas-para-continuar-ruta-sin-tregua-para-alcaraz-en-nueva-york.html\" target=\"_self\" rel=\"nofollow noopener\" title=\"https:\/\/elpais.com\/deportes\/tenis\/2026-08-27\/safiullin-para-empezar-y-espinas-para-continuar-ruta-sin-tregua-para-alcaraz-en-nueva-york.html\">a priori, bastante asequibles<\/a>, le facilitar\u00e1 esta adaptaci\u00f3n y le permitir\u00e1 ir avanzando en el cuadro sin grandes exigencias, as\u00ed como ir recuperando de forma paulatina su mejor nivel de juego.<\/p>\n<p class=\"\">Durante estos \u00faltimos cuatro meses en los que los aficionados espa\u00f1oles no hemos podido disfrutar del brillante tenis y de las victorias de Carlos hemos tenido la suerte, por otra parte, de contar con <a href=\"https:\/\/elpais.com\/deportes\/tenis\/2026-04-22\/rafa-jodar-pase-lo-que-pase-nunca-cambiare.html\" target=\"_self\" rel=\"nofollow noopener\" title=\"https:\/\/elpais.com\/deportes\/tenis\/2026-04-22\/rafa-jodar-pase-lo-que-pase-nunca-cambiare.html\">la irrupci\u00f3n del madrile\u00f1o Rafael J\u00f3dar<\/a>, el joven jugador que, d\u00eda a d\u00eda, con sus resultados y su mete\u00f3rica progresi\u00f3n nos ha ido ilusionando y ha sabido llenar con su juego el vac\u00edo que Alcaraz nos dej\u00f3.<\/p>\n<p class=\"\">En estos pr\u00f3ximos d\u00edas ambos ser\u00e1n nuestra m\u00e1s firme esperanza y, bajo mi punto de vista, Carlos ser\u00e1 de nuevo el m\u00e1s claro aspirante a levantar el trofeo.<\/p>\n","protected":false},"excerpt":{"rendered":"Si bien los aficionados al tenis han podido disfrutar en esta semana previa del US Open con la&hellip;\n","protected":false},"author":2,"featured_media":738022,"comment_status":"","ping_status":"","sticky":false,"template":"","format":"standard","meta":{"footnotes":""},"categories":[93],"tags":[17145,545,1540,168,25,24,629,10976,896,1925,3439,23,167,327,11759,6895,541],"class_list":["post-738021","post","type-post","status-publish","format-standard","has-post-thumbnail","category-deportes","tag-atp-tour","tag-carlos-alcaraz","tag-competiciones","tag-deportes","tag-es","tag-espana","tag-estados-unidos","tag-lesiones-deportivas","tag-nueva-york","tag-opinion","tag-rafael-nadal","tag-spain","tag-sports","tag-tenis","tag-tenistas","tag-toni-nadal","tag-us-open"],"share_on_mastodon":{"url":"https:\/\/pubeurope.com\/@es\/117182623209761993","error":""},"_links":{"self":[{"href":"https:\/\/www.europesays.com\/es\/wp-json\/wp\/v2\/posts\/738021","targetHints":{"allow":["GET"]}}],"collection":[{"href":"https:\/\/www.europesays.com\/es\/wp-json\/wp\/v2\/posts"}],"about":[{"href":"https:\/\/www.europesays.com\/es\/wp-json\/wp\/v2\/types\/post"}],"author":[{"embeddable":true,"href":"https:\/\/www.europesays.com\/es\/wp-json\/wp\/v2\/users\/2"}],"replies":[{"embeddable":true,"href":"https:\/\/www.europesays.com\/es\/wp-json\/wp\/v2\/comments?post=738021"}],"version-history":[{"count":0,"href":"https:\/\/www.europesays.com\/es\/wp-json\/wp\/v2\/posts\/738021\/revisions"}],"wp:featuredmedia":[{"embeddable":true,"href":"https:\/\/www.europesays.com\/es\/wp-json\/wp\/v2\/media\/738022"}],"wp:attachment":[{"href":"https:\/\/www.europesays.com\/es\/wp-json\/wp\/v2\/media?parent=738021"}],"wp:term":[{"taxonomy":"category","embeddable":true,"href":"https:\/\/www.europesays.com\/es\/wp-json\/wp\/v2\/categories?post=738021"},{"taxonomy":"post_tag","embeddable":true,"href":"https:\/\/www.europesays.com\/es\/wp-json\/wp\/v2\/tags?post=738021"}],"curies":[{"name":"wp","href":"https:\/\/api.w.org\/{rel}","templated":true}]}}