{"id":738033,"date":"2026-08-30T04:47:20","date_gmt":"2026-08-30T04:47:20","guid":{"rendered":"https:\/\/www.europesays.com\/es\/738033\/"},"modified":"2026-08-30T04:47:20","modified_gmt":"2026-08-30T04:47:20","slug":"ane-ibarzabal-se-despide-de-malas-lenguas-y-abre-una-nueva-etapa-en-las-mananas-de-la-1","status":"publish","type":"post","link":"https:\/\/www.europesays.com\/es\/738033\/","title":{"rendered":"Ane Ibarzabal se despide de &#8216;Malas Lenguas&#8217; y abre una nueva etapa en las ma\u00f1anas de La 1"},"content":{"rendered":"<p>Ane Ibarzabal cierra una etapa en &#8216;Malas Lenguas&#8217; para abrir otra dentro de la propia RTVE. La periodista <strong>se despidi\u00f3 este viernes del programa despu\u00e9s de haberlo copresentado durante el mes de agosto junto a Gonzalo Mir\u00f3<\/strong> y continuar\u00e1 su trayectoria en la cadena p\u00fablica formando parte del equipo de &#8216;Ma\u00f1aneros 360&#8217; en La 1.<\/p>\n<p>Su marcha se produce en plena reorganizaci\u00f3n de los principales magacines de RTVE para la nueva temporada, un movimiento que ha provocado varios cambios de presentadores entre las distintas franjas de la cadena y que llevar\u00e1 a Ibarzabal nuevamente a las ma\u00f1anas.<\/p>\n<p>La despedida tuvo lugar durante los \u00faltimos minutos de &#8216;Malas Lenguas&#8217;. <strong>Gonzalo Mir\u00f3 sorprendi\u00f3 a su compa\u00f1era con un ramo de flores en nombre de todo el equipo<\/strong> y quiso agradecerle especialmente la ayuda que le hab\u00eda prestado durante las cuatro semanas en las que ambos compartieron la conducci\u00f3n del espacio.<\/p>\n<p>\u00abAne Ibarzabal, mucha suerte, muchas gracias. Solo puedo decir que han sido cuatro semanas tremendamente intensas y que esta se\u00f1orita las ha hecho tremendamente f\u00e1ciles\u00bb, se\u00f1al\u00f3 Mir\u00f3.<\/p>\n<p>La periodista respondi\u00f3 visiblemente emocionada y confirm\u00f3 que su marcha de &#8216;Malas Lenguas&#8217; no supone una salida de RTVE. Al contrario, <strong>continuar\u00e1 trabajando en la cadena p\u00fablica, aunque cambiar\u00e1 la tarde por la franja matinal<\/strong>.<\/p>\n<p>\u00abHa sido un placer, voy a seguir en esta casa, gracias a todos por la oportunidad. Estoy muy agradecida, por la oportunidad, por el cari\u00f1o. Sigo en esta casa, en la p\u00fablica, haciendo periodismo, contando historias que es lo que a m\u00ed me gusta, con rigor, en las ma\u00f1anas\u00bb, explic\u00f3.<\/p>\n<p>Ibarzabal tambi\u00e9n quiso dedicar buena parte de su despedida a quienes trabajan detr\u00e1s de las c\u00e1maras. \u00abYo siempre digo que los grandes equipos son los que sostienen los buenos programas y el equipo de &#8216;Malas Lenguas&#8217; es un gran equipo\u00bb, asegur\u00f3.<\/p>\n<p>Posteriormente comparti\u00f3 el momento a trav\u00e9s de sus redes sociales con otro mensaje de agradecimiento: <strong>\u00abEternamente agradecida a este programa\u00bb<\/strong>.<\/p>\n<p>Aunque su etapa como copresentadora ha durado \u00fanicamente durante agosto, <strong>Ibarzabal llevaba vinculada a &#8216;Malas Lenguas&#8217; desde el nacimiento del formato<\/strong>. La periodista form\u00f3 parte de la redacci\u00f3n desde el estreno del programa en abril de 2025, inicialmente con un perfil m\u00e1s centrado en el trabajo period\u00edstico.<\/p>\n<p>Su salto a la presentaci\u00f3n diaria lleg\u00f3 este verano, cuando Jes\u00fas Cintora se tom\u00f3 unas semanas de vacaciones. RTVE decidi\u00f3 entonces confiar en <strong>Gonzalo Mir\u00f3 y Ane Ibarzabal para conducir conjuntamente &#8216;Malas Lenguas&#8217;<\/strong>, incluidas sus diferentes ventanas de emisi\u00f3n en La 2 y La 1.<\/p>\n<p>La sustituci\u00f3n coincidi\u00f3 adem\u00e1s con buenos resultados para el espacio. Durante los primeros d\u00edas de agosto, &#8216;Malas Lenguas&#8217; lleg\u00f3 a alcanzar <strong>un 9% de cuota en La 2, su m\u00e1ximo hist\u00f3rico en el canal<\/strong>, reforzando la apuesta de RTVE por algunos de los rostros que hab\u00edan encabezado el programa durante el verano.<\/p>\n<p>Sin embargo, la nueva temporada traer\u00e1 una estructura diferente.<\/p>\n<p>El origen de todos estos cambios est\u00e1 en <strong>la salida de Javier Ruiz de &#8216;Ma\u00f1aneros 360&#8217;<\/strong>. Su marcha oblig\u00f3 a RTVE a reorganizar varias de sus principales apuestas de actualidad y termin\u00f3 provocando un efecto domin\u00f3 que afecta tanto a las ma\u00f1anas como a las tardes.<\/p>\n<p>Jes\u00fas Cintora ha dejado la edici\u00f3n diaria de &#8216;Malas Lenguas&#8217; para incorporarse a &#8216;Ma\u00f1aneros 360&#8217;, donde formar\u00e1 parte de la nueva etapa del espacio junto a <strong>Adela Gonz\u00e1lez<\/strong>. El periodista, no obstante, continuar\u00e1 relacionado con su anterior programa a trav\u00e9s de &#8216;Malas Lenguas noche&#8217;.<\/p>\n<p>La marcha de Cintora dej\u00f3 a su vez una vacante en las tardes. <strong>Gonzalo Mir\u00f3 ser\u00e1 el nuevo conductor principal de &#8216;Malas Lenguas&#8217;<\/strong>, mientras Esther L. Palomera y Ana Hinestrosa reforzar\u00e1n las diferentes partes del programa.<\/p>\n<p>Y en ese movimiento de piezas aparece Ane Ibarzabal.<\/p>\n<p>La periodista <strong>se incorpora tambi\u00e9n a &#8216;Ma\u00f1aneros 360&#8217;<\/strong>, reencontr\u00e1ndose profesionalmente con Cintora y pasando a formar parte del equipo que acompa\u00f1ar\u00e1 a los responsables principales del matinal.<\/p>\n<p>RTVE ha confirmado su presencia en esta nueva etapa, aunque por ahora <strong>no ha detallado cu\u00e1l ser\u00e1 exactamente su funci\u00f3n diaria dentro del formato<\/strong> ni si asumir\u00e1 la conducci\u00f3n de bloques concretos.<\/p>\n<p>Su llegada permitir\u00e1, en cualquier caso, trasladar parte del equipo y del esp\u00edritu informativo de &#8216;Malas Lenguas&#8217; a las ma\u00f1anas de La 1. El movimiento se produce adem\u00e1s en una franja que RTVE ha reforzado considerablemente durante los \u00faltimos meses.<\/p>\n<p>&#8216;Ma\u00f1aneros 360&#8217; viene de una temporada de crecimiento y se ha convertido en una de las principales apuestas de actualidad de La 1. Durante el verano, la combinaci\u00f3n de los diferentes espacios matinales de la cadena ha permitido a RTVE alcanzar algunos de sus mejores resultados en a\u00f1os dentro de esa franja.<\/p>\n<p>Para Ibarzabal, el cambio supone tambi\u00e9n <strong>reencontrarse con Jes\u00fas Cintora varios a\u00f1os despu\u00e9s de haber trabajado juntos en &#8216;Las cosas claras&#8217;<\/strong>, el programa de actualidad que TVE emiti\u00f3 entre 2020 y 2021.<\/p>\n<p>La relaci\u00f3n profesional entre ambos no empieza, por tanto, en &#8216;Malas Lenguas&#8217;. Ahora volver\u00e1n a coincidir en una etapa muy diferente de las ma\u00f1anas de la televisi\u00f3n p\u00fablica.<\/p>\n<p>Ibarzabal cuenta adem\u00e1s con una larga trayectoria ligada a la informaci\u00f3n televisiva. <strong>Licenciada en Comunicaci\u00f3n Audiovisual<\/strong>, comenz\u00f3 su carrera en CNN+ y posteriormente se incorpor\u00f3 a &#8216;Noticias Cuatro&#8217;, donde trabaj\u00f3 como reportera y tambi\u00e9n como presentadora.<\/p>\n<p>En aquella etapa lleg\u00f3 a compartir informativos con <strong>Javier Ruiz<\/strong>, precisamente el periodista cuya salida de &#8216;Ma\u00f1aneros 360&#8217; ha terminado provocando indirectamente su actual desembarco en el programa.<\/p>\n<p>M\u00e1s adelante pas\u00f3 por &#8216;Informativos Telecinco Matinal&#8217;, trabajo por el que recibi\u00f3 una Antena de Plata, y regres\u00f3 posteriormente a Cuatro. Tambi\u00e9n form\u00f3 parte de diferentes espacios de actualidad antes de desarrollar una nueva etapa profesional en ETB.<\/p>\n<p>En la televisi\u00f3n p\u00fablica vasca se puso al frente de <strong>&#8216;Qu\u00e9date con Ane&#8217;<\/strong>, uno de sus trabajos m\u00e1s destacados como presentadora, antes de regresar a RTVE y formar parte del nacimiento de &#8216;Malas Lenguas&#8217;.<\/p>\n<p>Su nuevo salto a las ma\u00f1anas se produce, por tanto, despu\u00e9s de a\u00f1os alternando reporterismo, informaci\u00f3n y presentaci\u00f3n en distintos formatos.<\/p>\n<p>Mientras Ibarzabal inicia esta nueva etapa, &#8216;Malas Lenguas&#8217; comenzar\u00e1 tambi\u00e9n una nueva vida. <strong>Gonzalo Mir\u00f3 asumir\u00e1 el liderazgo diario del formato<\/strong>, acompa\u00f1ado por Esther L. Palomera en el tramo de La 2 y por Ana Hinestrosa en la parte emitida posteriormente en La 1.<\/p>\n<p>El espacio estrenar\u00e1 adem\u00e1s nueva imagen y algunos colaboradores, mientras Jes\u00fas Cintora conservar\u00e1 su vinculaci\u00f3n con la marca mediante la edici\u00f3n nocturna de los s\u00e1bados.<\/p>\n<p>El cambio de Ane Ibarzabal se convierte as\u00ed en <strong>una pieza m\u00e1s de la profunda reorganizaci\u00f3n de los magacines de RTVE<\/strong>, aunque en su caso supone algo m\u00e1s que un simple cambio de programa.<\/p>\n<p>Despu\u00e9s de formar parte de &#8216;Malas Lenguas&#8217; desde su nacimiento y de convertirse durante agosto en una de sus caras principales, la periodista deja ahora las tardes para afrontar <strong>una nueva etapa en &#8216;Ma\u00f1aneros 360&#8217;, nuevamente junto a Jes\u00fas Cintora y dentro de una de las franjas estrat\u00e9gicas de La 1<\/strong>.<\/p>\n","protected":false},"excerpt":{"rendered":"Ane Ibarzabal cierra una etapa en &#8216;Malas Lenguas&#8217; para abrir otra dentro de la propia RTVE. La periodista&hellip;\n","protected":false},"author":2,"featured_media":738034,"comment_status":"","ping_status":"","sticky":false,"template":"","format":"standard","meta":{"footnotes":""},"categories":[5],"tags":[17,18,25,24,13,14,11,19,20,9,10,15,16,2662,518,23,807,12,21,22],"class_list":["post-738033","post","type-post","status-publish","format-standard","has-post-thumbnail","category-titulares","tag-breaking-news","tag-breakingnews","tag-es","tag-espana","tag-featured-news","tag-featurednews","tag-headlines","tag-latest-news","tag-latestnews","tag-news","tag-noticias","tag-noticias-destacadas","tag-noticiasdestacadas","tag-programas-de-television","tag-rtve","tag-spain","tag-television","tag-titulares","tag-ultimas-noticias","tag-ultimasnoticias"],"share_on_mastodon":{"url":"https:\/\/pubeurope.com\/@es\/117182650273105893","error":""},"_links":{"self":[{"href":"https:\/\/www.europesays.com\/es\/wp-json\/wp\/v2\/posts\/738033","targetHints":{"allow":["GET"]}}],"collection":[{"href":"https:\/\/www.europesays.com\/es\/wp-json\/wp\/v2\/posts"}],"about":[{"href":"https:\/\/www.europesays.com\/es\/wp-json\/wp\/v2\/types\/post"}],"author":[{"embeddable":true,"href":"https:\/\/www.europesays.com\/es\/wp-json\/wp\/v2\/users\/2"}],"replies":[{"embeddable":true,"href":"https:\/\/www.europesays.com\/es\/wp-json\/wp\/v2\/comments?post=738033"}],"version-history":[{"count":0,"href":"https:\/\/www.europesays.com\/es\/wp-json\/wp\/v2\/posts\/738033\/revisions"}],"wp:featuredmedia":[{"embeddable":true,"href":"https:\/\/www.europesays.com\/es\/wp-json\/wp\/v2\/media\/738034"}],"wp:attachment":[{"href":"https:\/\/www.europesays.com\/es\/wp-json\/wp\/v2\/media?parent=738033"}],"wp:term":[{"taxonomy":"category","embeddable":true,"href":"https:\/\/www.europesays.com\/es\/wp-json\/wp\/v2\/categories?post=738033"},{"taxonomy":"post_tag","embeddable":true,"href":"https:\/\/www.europesays.com\/es\/wp-json\/wp\/v2\/tags?post=738033"}],"curies":[{"name":"wp","href":"https:\/\/api.w.org\/{rel}","templated":true}]}}