{"id":738051,"date":"2026-08-30T05:09:47","date_gmt":"2026-08-30T05:09:47","guid":{"rendered":"https:\/\/www.europesays.com\/es\/738051\/"},"modified":"2026-08-30T05:09:47","modified_gmt":"2026-08-30T05:09:47","slug":"una-cadena-a-la-fresca-de-mas-de-1-000-personas-toma-palma-contra-la-masificacion-turistica","status":"publish","type":"post","link":"https:\/\/www.europesays.com\/es\/738051\/","title":{"rendered":"Una cadena &#8216;a la fresca&#8217; de m\u00e1s de 1.000 personas toma Palma contra la masificaci\u00f3n tur\u00edstica"},"content":{"rendered":"<p>Una junto a otra, como si se tratara de una trenza viviente, <strong>una cadena de sillas se ha formado en la <a href=\"https:\/\/www.ultimahora.es\/etiqueta\/Plaza+de+Espa%C3%B1a.html?utm_source=Inline-tag&amp;utm_medium=internal\" rel=\"nofollow noopener\" target=\"_blank\">plaza de Espa\u00f1a<\/a> en direcci\u00f3n a Consolat de Mar<\/strong>, una acci\u00f3n que, aunque lo parezca, no ha sido espont\u00e1nea. Y es que se trata de la \u00faltima reivindicaci\u00f3n contra el turismo de masas organizada por Mad\u00f2 Farta, quien ya se ha convertido en todo un icono mallorqu\u00edn de resiliencia y activismo ciudadano. Desde el GOB cuentan que se han adherido a esta iniciativa<strong> m\u00e1s de 1.300 personas<\/strong>, repartidas en un total de 30 puntos del recorrido.<\/p>\n<p>El objetivo de esta <a href=\"https:\/\/www.ultimahora.es\/etiqueta\/protesta.html?utm_source=Inline-tag&amp;utm_medium=internal\" rel=\"nofollow noopener\" target=\"_blank\">protesta<\/a> simb\u00f3lica,<strong> apoyada por el GOB y la asociaci\u00f3n Terraferida,<\/strong> no es otro que alzar la voz contra la <a href=\"https:\/\/www.ultimahora.es\/etiqueta\/masificaci%C3%B3n+tur%C3%ADstica.html?utm_source=Inline-tag&amp;utm_medium=internal\" rel=\"nofollow noopener\" target=\"_blank\">masificaci\u00f3n tur\u00edstica<\/a> y exigir l\u00edmites a la presi\u00f3n urbana que se est\u00e1 comiendo la isla, recuperando plazas y espacios con una de las tradiciones m\u00e1s arraigadas: <strong>prendre la fresca.<\/strong> \u00abSe han recorrido alrededor de 1.600 metros\u00bb, detalla la vicepresidenta del GOB, Tonina Siquier.<\/p>\n<p>&#13;<br \/>\n&#13;<\/p>\n<p>En ese sentido, desde la entidad ecologista, <strong>que ha aportado 30 voluntarios para la organizaci\u00f3n,<\/strong> explican que tanto ellos como la ciudadan\u00eda entienden la masificaci\u00f3n tur\u00edstica como un problema <strong>\u00abmuy grave\u00bb que requiere \u00abvoluntad pol\u00edtica\u00bb para ponerle remedio<\/strong>. \u00abLo que pedimos son soluciones, no m\u00e1s estudios ni propuestas. Los gobernantes tienen herramientas muy potentes para parar esto\u00bb. Por \u00faltimo, Siquier ha reivindicado un pacto que trascienda a los Governs para atajar el problema: \u00abLa saturaci\u00f3n no se soporta, gobierne quien gobierne\u00bb, clama.<\/p>\n<p>As\u00ed, los manifestantes, <strong>vestidos en su mayor\u00eda de verde, rojo y blanco (los colores de los tradicionales siurells),<\/strong> se sentaron con sus sillas a la fresca como gesto simb\u00f3lico de toma de las calles. Tanto ellos como los organizadores comenzaron a recorrer el casco antiguo de Ciutat para montar la <a href=\"https:\/\/www.ultimahora.es\/etiqueta\/cadena+humana.html?utm_source=Inline-tag&amp;utm_medium=internal\" rel=\"nofollow noopener\" target=\"_blank\">cadena humana<\/a> que, a tramos, logr\u00f3 llegar hasta el Consolat de Mar. Durante el trayecto se pod\u00edan escuchar charlas y conversaciones de claro corte reivindicativo, acompa\u00f1ados de una banda de tambores que recorri\u00f3 toda la hilera aportando ritmo al ambiente.<\/p>\n<p><img decoding=\"async\" src=\"https:\/\/www.europesays.com\/es\/wp-content\/uploads\/2026\/08\/4753179.webp\" border=\"0\" alt=\"\" width=\"1920\" height=\"1281\" loading=\"lazy\"\/>&#13;<br \/>\nVarios asistentes, con carteles reivindicativos. Foto: M. \u00c0. Ca\u00f1ellas&#13;<\/p>\n<p>\u00abEs mi ciudad y tengo el derecho de ocupar el espacio que me corresponde como ciudadana\u00bb, clama una de las participantes que decidi\u00f3 sacar su silla a las calles de Palma. <strong>Tambi\u00e9n se coment\u00f3 el \u00faltimo Brunzzit<\/strong>, celebrado el pasado mi\u00e9rcoles, especialmente las cr\u00edticas de los restauradores sobre la caja que dejaron de hacer debido al sopar a la llesca. <strong>\u00abSus terrazas nos impiden hacer vida en la ciudad\u00bb<\/strong>, se escuchaba.<\/p>\n<p>De todas formas, todo el mundo llev\u00f3 algo para entretenerse: <strong>libros, kits de ganchillo o un tentempi\u00e9 ligero para pasar la tarde.<\/strong> Lo que tampoco faltaron fueron pancartas y proclamas en varios puntos de la cadena para proteger el territorio, denunciar los elevados costes de la vivienda y el alquiler y, sobre todo, reclamar el derecho de los mallorquines a ocupar el espacio de su isla. <strong>\u00abTuristas, vosotros gan\u00e1is diversi\u00f3n, pero nosotros perdemos libertad\u00bb<\/strong>, se pod\u00eda leer en uno de los carteles.<\/p>\n<p>Durante la jornada, el GOB fue repartiendo papeles entre los asistentes para que escribieran la Mallorca que quieren ver en unos a\u00f1os. Cuando dieron las nueve de la noche, los voluntarios recogieron todas las propuestas y las entregaron simb\u00f3licamente frente al Consolat, ya que la presidenta<strong> Marga Prohens<\/strong> no se encontraba all\u00ed en ese momento. Sin embargo, aseguran que se guardar\u00e1 todo para present\u00e1rselo en cuanto se re\u00fanan con ella.<\/p>\n<p>El recorrido de la cadena de sillas<strong> comenz\u00f3 en la plaza de Espa\u00f1a y continu\u00f3 por algunos de los principales espacios del centro de Palma<\/strong>: transcurri\u00f3 hacia la plaza de Porta Pintada y Sant Miquel para llegar a la plaza Mayor, baj\u00f3 por Jaume II hasta la plaza de Cort y avanz\u00f3 hacia el Palau Reial y la calle Conquistador. Posteriormente, prosigui\u00f3 por Antoni Maura y el paseo Sagrera hasta llegar a la calle del Consolat, donde finaliz\u00f3 la hilera.<\/p>\n","protected":false},"excerpt":{"rendered":"Una junto a otra, como si se tratara de una trenza viviente, una cadena de sillas se ha&hellip;\n","protected":false},"author":2,"featured_media":738052,"comment_status":"","ping_status":"","sticky":false,"template":"","format":"standard","meta":{"footnotes":""},"categories":[8],"tags":[17,18,131028,25,24,13,14,11,19,20,2552,19647,9,10,15,16,2553,2554,20962,7602,23,12,1529,21,22],"class_list":["post-738051","post","type-post","status-publish","format-standard","has-post-thumbnail","category-espana","tag-breaking-news","tag-breakingnews","tag-cadena-humana","tag-es","tag-espana","tag-featured-news","tag-featurednews","tag-headlines","tag-latest-news","tag-latestnews","tag-local","tag-masificacion-turistica","tag-news","tag-noticias","tag-noticias-destacadas","tag-noticiasdestacadas","tag-palma","tag-palma-de-mallorca","tag-plaza-de-espana","tag-protesta","tag-spain","tag-titulares","tag-ultima-hora","tag-ultimas-noticias","tag-ultimasnoticias"],"share_on_mastodon":{"url":"https:\/\/pubeurope.com\/@es\/117182738249800224","error":""},"_links":{"self":[{"href":"https:\/\/www.europesays.com\/es\/wp-json\/wp\/v2\/posts\/738051","targetHints":{"allow":["GET"]}}],"collection":[{"href":"https:\/\/www.europesays.com\/es\/wp-json\/wp\/v2\/posts"}],"about":[{"href":"https:\/\/www.europesays.com\/es\/wp-json\/wp\/v2\/types\/post"}],"author":[{"embeddable":true,"href":"https:\/\/www.europesays.com\/es\/wp-json\/wp\/v2\/users\/2"}],"replies":[{"embeddable":true,"href":"https:\/\/www.europesays.com\/es\/wp-json\/wp\/v2\/comments?post=738051"}],"version-history":[{"count":0,"href":"https:\/\/www.europesays.com\/es\/wp-json\/wp\/v2\/posts\/738051\/revisions"}],"wp:featuredmedia":[{"embeddable":true,"href":"https:\/\/www.europesays.com\/es\/wp-json\/wp\/v2\/media\/738052"}],"wp:attachment":[{"href":"https:\/\/www.europesays.com\/es\/wp-json\/wp\/v2\/media?parent=738051"}],"wp:term":[{"taxonomy":"category","embeddable":true,"href":"https:\/\/www.europesays.com\/es\/wp-json\/wp\/v2\/categories?post=738051"},{"taxonomy":"post_tag","embeddable":true,"href":"https:\/\/www.europesays.com\/es\/wp-json\/wp\/v2\/tags?post=738051"}],"curies":[{"name":"wp","href":"https:\/\/api.w.org\/{rel}","templated":true}]}}