{"id":738053,"date":"2026-08-30T05:11:27","date_gmt":"2026-08-30T05:11:27","guid":{"rendered":"https:\/\/www.europesays.com\/es\/738053\/"},"modified":"2026-08-30T05:11:27","modified_gmt":"2026-08-30T05:11:27","slug":"etapa-9-de-la-vuelta-a-espana-2026-hoy-perfil-recorrido-horario-y-donde-ver-el-final-en-el-alto-de-aitana-gratis-por-tv-y-en-directo","status":"publish","type":"post","link":"https:\/\/www.europesays.com\/es\/738053\/","title":{"rendered":"Etapa 9 de la Vuelta a Espa\u00f1a 2026 hoy: perfil, recorrido, horario y d\u00f3nde ver el final en el Alto de Aitana gratis por TV y en directo"},"content":{"rendered":"<p class=\"ft-text\">La <strong>Vuelta a Espa\u00f1a 2026 <\/strong>cierra el tel\u00f3n de su primera semana de competici\u00f3n hoy <strong>domingo 30 de agosto<\/strong> con la disputa de la novena de sus 21 etapas. <a class=\"ft-link ft-link--decoration\" href=\"https:\/\/www.sport.es\/es\/noticias\/ciclismo\/pogacar-abandona-vuelta-espana-durisima-133763374\" rel=\"nofollow noopener\" target=\"_blank\">Despu\u00e9s de una accidentada jornada que se sald\u00f3 con el abandono del l\u00edder Pogacar<\/a>, el pelot\u00f3n se prepara para enfrentarse a uno de los mayores desaf\u00edos de la presente edici\u00f3n, <a class=\"ft-link ft-link--decoration\" href=\"https:\/\/www.sport.es\/es\/noticias\/ciclismo\/queda-clasificacion-general-vuelta-espana-133763677\" rel=\"nofollow noopener\" target=\"_blank\">un imponente final en alto que promete tener incidencia en la clasificaci\u00f3n general<\/a>.<\/p>\n<p class=\"ft-text\">Con inicio en <strong>La Vila Joiosa <\/strong>y final en <strong>Alto de Aitana<\/strong>, la etapa 9 de la Vuelta a Espa\u00f1a 2026 abarca un recorrido de <strong>187,4 kil\u00f3metros y cuenta con la friolera de seis puertos categorizados<\/strong>. Jornada de m\u00e1xima exigencia en la que ascensiones como las de T\u00e1rbena (1\u00aa categor\u00eda), Tudons o Benifallim (ambas de 2\u00aa categor\u00eda) pondr\u00e1n a prueba las piernas del pelot\u00f3n antes del colof\u00f3n final en el Alto de Aitana (1\u00aa categor\u00eda), en cuya cima se encuentra la meta.<\/p>\n<p class=\"ft-text\">Te contamos cu\u00e1l es el perfil,<strong> a qu\u00e9 hora empieza <\/strong>y <strong>d\u00f3nde ver<\/strong> la novena etapa de la Vuelta a Espa\u00f1a 2026 gratis por televisi\u00f3n y online desde Espa\u00f1a.<\/p>\n<p>\u00bfCu\u00e1l es el perfil de la etapa 9 de la Vuelta a Espa\u00f1a 2026?<img decoding=\"async\" src=\"https:\/\/www.europesays.com\/es\/wp-content\/uploads\/2026\/08\/40dcb8aa-c75d-4db8-afe8-92e6e5e7ff5d_alta-libre-aspect-ratio_default_0_x600y225.jpg\" width=\"1200\" height=\"675\" alt=\"El perfil de la etapa 9 de la Vuelta a Espa\u00f1a 2026\" class=\"ft-helper-img-rd\" loading=\"lazy\" fetchpriority=\"auto\"\/><\/p>\n<p class=\"ft-helper-fontColor-quaternary ft-helper-fontSize-body-S ft-helper-spacer-t-xxs\">El perfil de la etapa 9 de la Vuelta a Espa\u00f1a 2026  \/ La Vuelta<\/p>\n<p>\u00bfA qu\u00e9 hora empieza la etapa 9 de la Vuelta a Espa\u00f1a 2026?<\/p>\n<ul class=\"ft-list ft-list--primary\" data-aida-text=\"\">\n<li class=\"ft-list__item\">Hora de salida: 12:26 horas (CEST)<\/li>\n<li class=\"ft-list__item\">Hora aproximada de llegada: 17:14 horas (CEST)<\/li>\n<\/ul>\n<p>\u00bfD\u00f3nde ver la etapa 9 de la Vuelta a Espa\u00f1a 2026 gratis y en abierto por TV?<\/p>\n<p class=\"ft-text\">En Espa\u00f1a, la etapa 9 de la Vuelta a Espa\u00f1a 2026 se podr\u00e1 ver <strong>gratis <\/strong>por TV a trav\u00e9s de <strong>Teledeporte <\/strong>y online en <strong>RTVE Play<\/strong>. La emisi\u00f3n televisiva arranca a partir de las 14:45 horas (CEST) y cambiar\u00e1 a <strong>La 1 <\/strong>a partir de las 16:15 horas (CEST).<\/p>\n<p class=\"ft-text\">Otra opci\u00f3n alternativa para seguir la ronda espa\u00f1ola online y en streaming son las plataformas de pago <strong>Eurosport <\/strong>y <strong>HBO Max<\/strong>, habituales en todo tipo de coberturas ciclistas. La retransmisi\u00f3n televisiva correr\u00e1 al cargo del canal <strong>Eurosport 1<\/strong>, que conectar\u00e1 a partir de las 14:45 horas (CEST).<\/p>\n<p class=\"ft-text\">Desde <strong>SPORT<\/strong>, te contamos todo lo que suceda en cada una de las 21 etapas de la Vuelta a Espa\u00f1a 2026 con el mejor resumen, todas las clasificaciones actualizadas y las reacciones de los protagonistas.<\/p>\n","protected":false},"excerpt":{"rendered":"La Vuelta a Espa\u00f1a 2026 cierra el tel\u00f3n de su primera semana de competici\u00f3n hoy domingo 30 de&hellip;\n","protected":false},"author":2,"featured_media":738054,"comment_status":"","ping_status":"","sticky":false,"template":"","format":"standard","meta":{"footnotes":""},"categories":[5],"tags":[3076,5588,17,18,25,24,314,13,14,11,319,19,20,9,10,15,16,318,1786,23,12,21,22,1357],"class_list":["post-738053","post","type-post","status-publish","format-standard","has-post-thumbnail","category-titulares","tag-3076","tag-5588","tag-breaking-news","tag-breakingnews","tag-es","tag-espana","tag-etapa","tag-featured-news","tag-featurednews","tag-headlines","tag-horario","tag-latest-news","tag-latestnews","tag-news","tag-noticias","tag-noticias-destacadas","tag-noticiasdestacadas","tag-perfil","tag-recorrido","tag-spain","tag-titulares","tag-ultimas-noticias","tag-ultimasnoticias","tag-vuelta"],"share_on_mastodon":{"url":"https:\/\/pubeurope.com\/@es\/117182746023177667","error":""},"_links":{"self":[{"href":"https:\/\/www.europesays.com\/es\/wp-json\/wp\/v2\/posts\/738053","targetHints":{"allow":["GET"]}}],"collection":[{"href":"https:\/\/www.europesays.com\/es\/wp-json\/wp\/v2\/posts"}],"about":[{"href":"https:\/\/www.europesays.com\/es\/wp-json\/wp\/v2\/types\/post"}],"author":[{"embeddable":true,"href":"https:\/\/www.europesays.com\/es\/wp-json\/wp\/v2\/users\/2"}],"replies":[{"embeddable":true,"href":"https:\/\/www.europesays.com\/es\/wp-json\/wp\/v2\/comments?post=738053"}],"version-history":[{"count":0,"href":"https:\/\/www.europesays.com\/es\/wp-json\/wp\/v2\/posts\/738053\/revisions"}],"wp:featuredmedia":[{"embeddable":true,"href":"https:\/\/www.europesays.com\/es\/wp-json\/wp\/v2\/media\/738054"}],"wp:attachment":[{"href":"https:\/\/www.europesays.com\/es\/wp-json\/wp\/v2\/media?parent=738053"}],"wp:term":[{"taxonomy":"category","embeddable":true,"href":"https:\/\/www.europesays.com\/es\/wp-json\/wp\/v2\/categories?post=738053"},{"taxonomy":"post_tag","embeddable":true,"href":"https:\/\/www.europesays.com\/es\/wp-json\/wp\/v2\/tags?post=738053"}],"curies":[{"name":"wp","href":"https:\/\/api.w.org\/{rel}","templated":true}]}}