{"id":738063,"date":"2026-08-30T05:29:15","date_gmt":"2026-08-30T05:29:15","guid":{"rendered":"https:\/\/www.europesays.com\/es\/738063\/"},"modified":"2026-08-30T05:29:15","modified_gmt":"2026-08-30T05:29:15","slug":"los-guardias-de-la-casa-real-de-inglaterra-y-los-miembros-de-palacio-rinden-un-emotivo-homenaje-a-dolly-parton","status":"publish","type":"post","link":"https:\/\/www.europesays.com\/es\/738063\/","title":{"rendered":"Los guardias de la casa real de Inglaterra y los miembros de palacio rinden un emotivo homenaje a Dolly Parton"},"content":{"rendered":"<p class=\"mb-4 text-lg md:leading-8 break-words\"><strong>Dolly Parton <\/strong>ha sido honrada de muchas maneras desde el anuncio de su fallecimiento. Pero hay un homenaje que ha emocionado especialmente. Los soldados del<strong> Rey Carlos<\/strong> honraron a la artista tocando uno de sus mayores \u00e9xitos frente al Palacio de Buckingham la ma\u00f1ana despu\u00e9s de su muerte.<\/p>\n<p>Despu\u00e9s de que la legendaria estrella del country muriera el martes 25 de agosto, a los 80 a\u00f1os, la familia real comparti\u00f3 un video en <a data-ylk=\"slk:Instagram;elm:context_link;itc:0;sec:content-canvas;\" data-yga=\"{&quot;yLinkElement&quot;:&quot;link&quot;,&quot;yLinkElementType&quot;:&quot;article_link&quot;}\" href=\"https:\/\/www.instagram.com\/p\/DcgB52RD4Ak\/\" class=\"null\" rel=\"noopener noreferrer nofollow\" target=\"_blank\">Instagram<\/a> de la Banda de los Guardias Coldstream tocando el cl\u00e1sico de 1980 \u00ab9 to 5\u00bb frente a los turistas durante la ceremonia del Cambio de Guardia fuera de la residencia real la ma\u00f1ana siguiente.<\/p>\n<p>\u00abRecordando a la gran y querida Dolly, quien trajo alegr\u00eda, consuelo e inspiraci\u00f3n a tantos, incluidos los millones de ni\u00f1os que recibieron libros gratis a trav\u00e9s de su Biblioteca de la Imaginaci\u00f3n\u00bb, escribieron los miembros de la realeza en el pie de foto, haciendo referencia a la iniciativa de donaci\u00f3n de libros de Parton. \u00abSiempre te \u2764\ufe0f recordaremos\u00bb.<\/p>\n<p>Los homenajes a Parton de m\u00fasicos, celebridades y amigos famosos, incluidos<strong> Taylor Swift<\/strong>, <strong>Sabrina Carpenter <\/strong>y <strong>Beyonc\u00e9<\/strong>, han llegado despu\u00e9s de que su sobrino, <strong>Bryan Seaver<\/strong>, anunciara su muerte en un video compartido en las redes sociales el martes. Los representantes de Parton dijeron a <a data-ylk=\"slk:PEOPLE;elm:context_link;itc:0;sec:content-canvas;\" data-yga=\"{&quot;yLinkElement&quot;:&quot;link&quot;,&quot;yLinkElementType&quot;:&quot;article_link&quot;}\" href=\"https:\/\/people.com\/king-charles-guard-honors-dolly-parton-with-rendition-9-to-5-morning-after-death-12068285\" rel=\"noopener noreferrer nofollow\" target=\"_blank\">PEOPLE <\/a>que la muerte de la cantante de \u00abJolene\u00bb fue tras una \u00abbreve batalla contra el c\u00e1ncer\u00bb.<\/p>\n<p><img alt=\"Un homenaje realCredit: Dolly Parton: Newsmakers via Getty ImagesGuardias reales en Inglaterra: James Manning\/PA Images via Getty Images\" loading=\"lazy\" width=\"960\" height=\"722\" decoding=\"async\" data-nimg=\"1\" class=\"rounded-lg\" style=\"color:transparent\" src=\"https:\/\/www.europesays.com\/es\/wp-content\/uploads\/2026\/08\/https:\/\/media.zenfs.com\/es\/people_en_espa_ol_155\/b61a5a0936848f1e942b80c392cd7ff6.jpg\"\/><\/p>\n<p>Un homenaje real<br \/>Credit: Dolly Parton: Newsmakers via Getty ImagesGuardias reales en Inglaterra: James Manning\/PA Images via Getty Images<\/p>\n<p class=\"mb-4 text-lg md:leading-8 break-words\">Parton parec\u00eda tener una relaci\u00f3n c\u00e1lida con la realeza brit\u00e1nica. En 2023, la ganadora del Grammy tuvo que rechazar una invitaci\u00f3n de <strong>Kate Middleton <\/strong>para tomar el t\u00e9 porque estaba ocupada promocionando su \u00e1lbum, Rockstar. \u00abMe sent\u00ed tan mal&#8230; \u00a1ni siquiera pude ir!\u00bb, dijo en BBC Radio 2. \u00abTen\u00edan todo esto preparado. Pero pens\u00e9 que fue muy dulce y amable de su parte invitarme a tomar el t\u00e9. Alg\u00fan d\u00eda, voy a poder hacerlo, \u00bfno habr\u00eda sido genial?\u00bb.<\/p>\n<p>Luego brome\u00f3, \u00abPero ella no iba a promocionar mi \u00e1lbum de rock, as\u00ed que tuve que decir que no. Espero que lo escuche, sin embargo\u00bb. Al a\u00f1o siguiente, dijo que le encantar\u00eda recibir a la <strong>Princesa de Gales<\/strong> y a sus hijos, el <strong>Pr\u00edncipe George<\/strong>, 13; la <strong>Princesa Charlotte<\/strong>, 11; y el <strong>Pr\u00edncipe Louis<\/strong>, 8, que Kate comparte con su esposo, el <strong>Pr\u00edncipe William<\/strong>, en su parque de atracciones Dollywood en Tennessee. \u00ab\u00a1Los ni\u00f1os podr\u00edan subirse a todas las atracciones y los tratar\u00edamos como a la realeza!\u00bb dijo, agregando que le dar\u00eda a la princesa, de 44 a\u00f1os, su pur\u00e9 de papas.<\/p>\n<p>En 2025, Parton dijo a <a data-ylk=\"slk:HuffPost;elm:context_link;itc:0;sec:content-canvas;\" data-yga=\"{&quot;yLinkElement&quot;:&quot;link&quot;,&quot;yLinkElementType&quot;:&quot;article_link&quot;}\" href=\"https:\/\/www.huffingtonpost.co.uk\/entry\/dolly-parton-royals_n_682def2be4b09b7e5013a3a2\" class=\"null\" rel=\"noopener noreferrer nofollow\" target=\"_blank\">HuffPost<\/a> sobre sus planes de conocer a la realeza en una entrevista. \u00abCreo que est\u00e1n muy involucrados con nuestra Biblioteca de la Imaginaci\u00f3n all\u00ed. As\u00ed que voy a ir all\u00ed y realmente codearme con la realeza\u00bb, dijo. La <a data-ylk=\"slk:Biblioteca de la Imaginaci\u00f3n;elm:context_link;itc:0;sec:content-canvas;\" data-yga=\"{&quot;yLinkElement&quot;:&quot;link&quot;,&quot;yLinkElementType&quot;:&quot;article_link&quot;}\" href=\"https:\/\/imaginationlibrary.com\/uk\/\" rel=\"noopener noreferrer nofollow\" target=\"_blank\">Biblioteca de la Imaginaci\u00f3n<\/a>, que env\u00eda libros gratis a ni\u00f1os desde el nacimiento hasta los 5 a\u00f1os, se expandi\u00f3 al Reino Unido en 2007.<\/p>\n<p class=\"mb-4 text-lg md:leading-8 break-words\"><strong>Si no te quieres perder nada, <\/strong><a data-ylk=\"slk:suscr\u00edbete gratis aqu\u00ed al bolet\u00edn de People en Espa\u00f1ol;elm:context_link;itc:0;sec:content-canvas;\" data-yga=\"{&quot;yLinkElement&quot;:&quot;link&quot;,&quot;yLinkElementType&quot;:&quot;article_link&quot;}\" href=\"https:\/\/peopleenespanol.com\/formulario-suscripcion-boletin-8773430\" rel=\"noopener noreferrer nofollow\" target=\"_blank\"><strong>suscr\u00edbete gratis aqu\u00ed al bolet\u00edn de People en Espa\u00f1ol<\/strong><\/a><strong> para estar al d\u00eda sobre todo lo que hacen tus celebridades favoritas, las noticias m\u00e1s impactantes y lo \u00faltimo en moda+belleza.<\/strong><\/p>\n<p>Sin embargo, las conexiones reales de Parton se remontan a d\u00e9cadas atr\u00e1s. Apareci\u00f3 en el Royal Variety Performance para celebrar el Jubileo de Plata de la<strong> Reina Isabel II<\/strong> en 1977, llam\u00e1ndolo \u00abuna de las mayores emociones\u00bb de su vida en ese momento, seg\u00fan el <a data-ylk=\"slk:Glasgow Evening Times;elm:context_link;itc:0;sec:content-canvas;\" data-yga=\"{&quot;yLinkElement&quot;:&quot;link&quot;,&quot;yLinkElementType&quot;:&quot;article_link&quot;}\" href=\"https:\/\/www.glasgowtimes.co.uk\/news\/18193799.dolly-parton-came-glasgow-met-royalty\/\" class=\"null\" rel=\"noopener noreferrer nofollow\" target=\"_blank\">Glasgow Evening Times<\/a>, y describiendo a la difunta monarca como \u00abmuy c\u00e1lida, muy dulce\u00bb a <a data-ylk=\"slk:Insider;elm:context_link;itc:0;sec:content-canvas;\" data-yga=\"{&quot;yLinkElement&quot;:&quot;link&quot;,&quot;yLinkElementType&quot;:&quot;article_link&quot;}\" href=\"https:\/\/www.businessinsider.com\/dolly-parton-on-meeting-queen-elizabeth-2023-1\" class=\"null\" rel=\"noopener noreferrer nofollow\" target=\"_blank\">Insider<\/a>. \u00abSolo conocer a la Reina de Inglaterra, solo conocer a una reina, fue incre\u00edble\u00bb, dijo.<\/p>\n<p class=\"mb-4 text-lg md:leading-8 break-words\">Read the original article on <a data-ylk=\"slk:PEOPLEENESPANOL;elm:context_link;itc:0;sec:content-canvas;\" data-yga=\"{&quot;yLinkElement&quot;:&quot;link&quot;,&quot;yLinkElementType&quot;:&quot;article_link&quot;}\" href=\"https:\/\/peopleenespanol.com\/los-guardias-de-la-casa-real-de-inglaterra-y-los-miembros-de-palacio-rinden-un-emotivo-homenaje-a-dolly-parton-12068626\" rel=\"noopener noreferrer nofollow\" target=\"_blank\">PEOPLEENESPANOL<\/a><\/p>\n<p><script async src=\"\/\/www.instagram.com\/embed.js\"><\/script><\/p>\n","protected":false},"excerpt":{"rendered":"Dolly Parton ha sido honrada de muchas maneras desde el anuncio de su fallecimiento. Pero hay un homenaje&hellip;\n","protected":false},"author":2,"featured_media":738064,"comment_status":"","ping_status":"","sticky":false,"template":"","format":"standard","meta":{"footnotes":""},"categories":[91],"tags":[131051,131047,131046,131042,131045,6572,131055,34568,131053,131039,78733,131058,131037,146,147,25,24,131052,131029,131041,131034,131030,131059,17576,131040,131044,24315,21798,131048,131033,131054,131032,131057,131038,71793,131060,131056,131036,131031,131035,5870,131050,131043,18815,131062,131049,23,131061,3945,16743,17157],"class_list":["post-738063","post","type-post","status-publish","format-standard","has-post-thumbnail","category-entretenimiento","tag-al-ano-siguiente","tag-anunciara-su-muerte-en-un","tag-asi-que-voy","tag-banda-de-los-guardias","tag-bryan-seaver","tag-celebridades","tag-compartido-en-las-redes-sociales-el-martes","tag-consuelo","tag-creo-que","tag-despues-de-que-la-legendaria","tag-dolly-parton","tag-dollywood-en-tennessee","tag-en-2023","tag-entertainment","tag-entretenimiento","tag-es","tag-espana","tag-espero-que-lo-escuche","tag-frente-al-palacio-de-buckingham-la","tag-getty-images-parton","tag-getty-imagesguardias-reales","tag-homenaje-que-ha-emocionado-especialmente","tag-huffpost-sobre-sus","tag-iba","tag-ir-alli","tag-james-manning","tag-kate","tag-libros-gratis","tag-los-representantes-de-parton","tag-los-soldados-del-rey-carlos","tag-luego-bromeo","tag-manana-siguiente","tag-monarca-como","tag-ninos-desde-el-nacimiento-hasta-los-5-anos","tag-parton","tag-peopleenespanol","tag-perder-nada","tag-pero-ella","tag-pero-hay-un","tag-pero-pense-que-fue-muy-dulce-y-amable-de-su-parte","tag-princesa-charlotte","tag-pude-ir","tag-reina-de-inglaterra","tag-sabrina-carpenter","tag-sido-honrada-de-muchas-maneras","tag-siempre-te--recordaremos","tag-spain","tag-suscribete-gratis","tag-taylor-swift","tag-un","tag-voy"],"share_on_mastodon":{"url":"","error":"Validation failed: Text character limit of 500 exceeded"},"_links":{"self":[{"href":"https:\/\/www.europesays.com\/es\/wp-json\/wp\/v2\/posts\/738063","targetHints":{"allow":["GET"]}}],"collection":[{"href":"https:\/\/www.europesays.com\/es\/wp-json\/wp\/v2\/posts"}],"about":[{"href":"https:\/\/www.europesays.com\/es\/wp-json\/wp\/v2\/types\/post"}],"author":[{"embeddable":true,"href":"https:\/\/www.europesays.com\/es\/wp-json\/wp\/v2\/users\/2"}],"replies":[{"embeddable":true,"href":"https:\/\/www.europesays.com\/es\/wp-json\/wp\/v2\/comments?post=738063"}],"version-history":[{"count":0,"href":"https:\/\/www.europesays.com\/es\/wp-json\/wp\/v2\/posts\/738063\/revisions"}],"wp:featuredmedia":[{"embeddable":true,"href":"https:\/\/www.europesays.com\/es\/wp-json\/wp\/v2\/media\/738064"}],"wp:attachment":[{"href":"https:\/\/www.europesays.com\/es\/wp-json\/wp\/v2\/media?parent=738063"}],"wp:term":[{"taxonomy":"category","embeddable":true,"href":"https:\/\/www.europesays.com\/es\/wp-json\/wp\/v2\/categories?post=738063"},{"taxonomy":"post_tag","embeddable":true,"href":"https:\/\/www.europesays.com\/es\/wp-json\/wp\/v2\/tags?post=738063"}],"curies":[{"name":"wp","href":"https:\/\/api.w.org\/{rel}","templated":true}]}}