{"id":738069,"date":"2026-08-30T05:32:18","date_gmt":"2026-08-30T05:32:18","guid":{"rendered":"https:\/\/www.europesays.com\/es\/738069\/"},"modified":"2026-08-30T05:32:18","modified_gmt":"2026-08-30T05:32:18","slug":"el-presidente-de-serbia-critica-a-tribunal-de-la-onu-por-no-dejar-morir-en-casa-a-mladic","status":"publish","type":"post","link":"https:\/\/www.europesays.com\/es\/738069\/","title":{"rendered":"El presidente de Serbia critica a tribunal de la ONU por no dejar morir en casa a Mladic"},"content":{"rendered":"\n<p>BELGRADO, Serbia\u00a0\u2014\u00a0El presidente de Serbia, Aleksandar Vucic, acus\u00f3 el viernes a un tribunal de la ONU en La Haya para cr\u00edmenes de guerra de \u201ccomportamiento incivilizado\u201d por negarse a conceder una liberaci\u00f3n anticipada al excomandante del ej\u00e9rcito serbobosnio Ratko Mladic, quien <a class=\"link\" href=\"https:\/\/apnews.com\/article\/mladic-guerra-yugoslavia-caudillo-muerte-obituario-d93846f1ed747c6f721f3e86ce1bd416\" target=\"_blank\" rel=\"nofollow noopener\">muri\u00f3 el jueves a los 84 a\u00f1os<\/a> mientras cumpl\u00eda una condena de cadena perpetua por sus cr\u00edmenes.<\/p>\n<p>La familia de Mladic y el gobierno serbio solicitaron en varias ocasiones que Mladic fuera liberado, citando su edad y su delicado estado de salud. Muri\u00f3 una semana despu\u00e9s de que la ONU rechaz\u00f3 su m\u00e1s reciente petici\u00f3n de liberaci\u00f3n por motivos humanitarios.<\/p>\n<p>\u201cEso fue un comportamiento incivilizado, sin precedentes y sin excusa\u201d, afirm\u00f3 Vucic. \u201cAhora podemos ver que quer\u00edan que Mladic muriera tras las rejas\u201d.<\/p>\n<p>El tribunal de la ONU para los cr\u00edmenes de guerra cometidos en la antigua Yugoslavia en la d\u00e9cada de 1990 conden\u00f3 a Mladic a cadena perpetua en 2017, en lo que se consider\u00f3 un paso clave para brindar justicia a las v\u00edctimas. Estaba bajo custodia desde 2011.<\/p>\n<p>El despiadado caudillo fue una de las figuras m\u00e1s notorias del conflicto que dej\u00f3 m\u00e1s de 100.000 muertos y m\u00e1s de 1 mill\u00f3n de personas sin hogar. M\u00e1s de tres d\u00e9cadas despu\u00e9s de las guerras, antiguos enemigos balc\u00e1nicos siguen divididos sobre su papel.<\/p>\n<p>En un fallo del 20 de agosto, la presidenta del tribunal de la ONU que se ocupa de los legados de los tribunales por cr\u00edmenes de guerra ya cerrados, la jueza uruguaya Graciela Gatti Santana, cit\u00f3 la \u201catenci\u00f3n m\u00e9dica integral y compasiva\u201d que Mladic recib\u00eda bajo custodia, \u201cas\u00ed como el r\u00e9gimen excepcional de visitas que permite un contacto familiar significativo\u201d, como razones para rechazar la solicitud.<\/p>\n<p>Los serbobosnios realizan vigilias, mientras las familias de las v\u00edctimas ven justicia Los serbobosnios realizaron vigilias y encendieron velas la noche del jueves por Mladic, a quien consideran un h\u00e9roe pese a su condena.<\/p>\n<p>\u201cNo podr\u00eda haber sido un hombre mejor. Todo lo dem\u00e1s es solo un mont\u00f3n de mentiras. \u00c9l no tocar\u00eda a nadie, a un ni\u00f1o, a nadie. Todo son mentiras\u201d, sostuvo Stojanka Visnjevac, residente de Kalinovik, el peque\u00f1o pueblo natal de Mladic.<\/p>\n<p>Pero las familias de las v\u00edctimas de los cr\u00edmenes que Mladic orquest\u00f3 se\u00f1alaron que su muerte significa al menos algo de justicia para sus seres queridos.<\/p>\n<p>Fazila Efendic, que perdi\u00f3 a varios miembros de su familia en la masacre de 1995 de m\u00e1s de 8.000 musulmanes bosnios en Srebrenica \u2014el primer genocidio reconocido en Europa desde la Segunda Guerra Mundial\u2014, dijo que es importante que Mladic haya muerto en prisi\u00f3n.<\/p>\n<p>\u201cNosotros, las v\u00edctimas, estamos satisfechos cuando sabemos que fue condenado a cadena perpetua\u201d, expres\u00f3. \u201cPara nosotros, es importante que haya sido condenado y que cumpliera su sentencia hasta que muri\u00f3\u201d.<\/p>\n<p>El \u201crefugio seguro\u201d de la ONU para musulmanes en Srebrenica termin\u00f3 tomado por serbios que obligaron a hombres y ni\u00f1os a desnudarse, los mataron y empujaron sus cuerpos con excavadoras a fosas comunes. Serbios bajo el mando de Mladic tambi\u00e9n sitiaron la capital bosnia, Sarajevo, y otras ciudades y pueblos, establecieron campos de concentraci\u00f3n para civiles no serbios detenidos y soldados enemigos, y asesinaron sistem\u00e1ticamente a prisioneros.<\/p>\n<p>Mladic podr\u00eda ser enterrado en Serbia Vucic dijo que Belgrado no tiene informaci\u00f3n sobre cu\u00e1ndo podr\u00eda ser entregado el cuerpo de Mladic.<\/p>\n<p>Vucic indic\u00f3 que la familia de Mladic decidir\u00e1 d\u00f3nde ser\u00eda enterrado. \u201cSi la familia expresa el deseo de que sea enterrado en el territorio de Serbia, ayudaremos para que pueda hacerse de manera digna\u201d, declar\u00f3 Vucic a los periodistas. No confirm\u00f3 informes previos de que Mladic recibir\u00eda un funeral de Estado. Esos reportes provocaron indignaci\u00f3n en toda la regi\u00f3n.<\/p>\n<p>El tribunal de la ONU abri\u00f3 el jueves una investigaci\u00f3n sobre la muerte de Mladic y, el viernes, el juez que conduce la pesquisa visit\u00f3 el centro de detenci\u00f3n donde estaba recluido.<\/p>\n<p>El tribunal, conocido formalmente como el Mecanismo Residual Internacional para los Tribunales Penales, se\u00f1al\u00f3 en una respuesta enviada por correo electr\u00f3nico a preguntas de The Associated Press que no proporcionar\u00e1 informaci\u00f3n sobre la causa de la muerte antes de que concluya la investigaci\u00f3n.<\/p>\n<p>A\u00f1adi\u00f3 que \u201clas autoridades neerlandesas pertinentes han informado oficialmente al Mecanismo que no abrir\u00e1n una investigaci\u00f3n penal sobre la muerte del se\u00f1or Mladic y que no realizar\u00e1n una autopsia\u201d.<\/p>\n<p>_______<\/p>\n<p>Dusan Stojanovic en Belgrado y Mike Corder en La Haya contribuyeron a este informe.<\/p>\n<p>_______<\/p>\n<p>Esta historia fue traducida del ingl\u00e9s por un editor de AP con la ayuda de una herramienta de inteligencia artificial generativa.<\/p>\n","protected":false},"excerpt":{"rendered":"BELGRADO, Serbia\u00a0\u2014\u00a0El presidente de Serbia, Aleksandar Vucic, acus\u00f3 el viernes a un tribunal de la ONU en La&hellip;\n","protected":false},"author":2,"featured_media":738070,"comment_status":"","ping_status":"","sticky":false,"template":"","format":"standard","meta":{"footnotes":""},"categories":[42],"tags":[43181,17,18,19680,3718,367,13,14,69,11,61,62,63,64,1294,887,2158,19,20,60565,4920,9,10,15,16,732,5389,9453,12,9596,21,22,14281,65,66,67],"class_list":["post-738069","post","type-post","status-publish","format-standard","has-post-thumbnail","category-internacional","tag-aleksandar-vucic","tag-breaking-news","tag-breakingnews","tag-cadena","tag-crimen","tag-familia","tag-featured-news","tag-featurednews","tag-guerra","tag-headlines","tag-internacional","tag-international","tag-international-news","tag-internationalnews","tag-investigacion","tag-jueves","tag-justicia","tag-latest-news","tag-latestnews","tag-mladic","tag-muerte","tag-news","tag-noticias","tag-noticias-destacadas","tag-noticiasdestacadas","tag-onu","tag-serbia","tag-serbio","tag-titulares","tag-tribunal","tag-ultimas-noticias","tag-ultimasnoticias","tag-victima","tag-world","tag-world-news","tag-worldnews"],"share_on_mastodon":{"url":"","error":"Validation failed: Text character limit of 500 exceeded"},"_links":{"self":[{"href":"https:\/\/www.europesays.com\/es\/wp-json\/wp\/v2\/posts\/738069","targetHints":{"allow":["GET"]}}],"collection":[{"href":"https:\/\/www.europesays.com\/es\/wp-json\/wp\/v2\/posts"}],"about":[{"href":"https:\/\/www.europesays.com\/es\/wp-json\/wp\/v2\/types\/post"}],"author":[{"embeddable":true,"href":"https:\/\/www.europesays.com\/es\/wp-json\/wp\/v2\/users\/2"}],"replies":[{"embeddable":true,"href":"https:\/\/www.europesays.com\/es\/wp-json\/wp\/v2\/comments?post=738069"}],"version-history":[{"count":0,"href":"https:\/\/www.europesays.com\/es\/wp-json\/wp\/v2\/posts\/738069\/revisions"}],"wp:featuredmedia":[{"embeddable":true,"href":"https:\/\/www.europesays.com\/es\/wp-json\/wp\/v2\/media\/738070"}],"wp:attachment":[{"href":"https:\/\/www.europesays.com\/es\/wp-json\/wp\/v2\/media?parent=738069"}],"wp:term":[{"taxonomy":"category","embeddable":true,"href":"https:\/\/www.europesays.com\/es\/wp-json\/wp\/v2\/categories?post=738069"},{"taxonomy":"post_tag","embeddable":true,"href":"https:\/\/www.europesays.com\/es\/wp-json\/wp\/v2\/tags?post=738069"}],"curies":[{"name":"wp","href":"https:\/\/api.w.org\/{rel}","templated":true}]}}