{"id":738073,"date":"2026-08-30T05:34:22","date_gmt":"2026-08-30T05:34:22","guid":{"rendered":"https:\/\/www.europesays.com\/es\/738073\/"},"modified":"2026-08-30T05:34:22","modified_gmt":"2026-08-30T05:34:22","slug":"un-conductor-kamikaze-que-escapaba-de-los-mossos-provoca-un-accidente-con-nueve-heridos-en-la-ap7-en-el-papiol","status":"publish","type":"post","link":"https:\/\/www.europesays.com\/es\/738073\/","title":{"rendered":"Un conductor &#8216;kamikaze&#8217; que escapaba de los Mossos provoca un accidente con nueve heridos en la AP7 en el Papiol"},"content":{"rendered":"<p class=\"ft-text ft-helper-closenews\">Grave accidente en la AP7 a la altura del Papiol con tres turismos implicados. Lo ha provocado un conductor &#8216;kamikaze&#8217; que escapaba de los Mossos d&#8217;Esquadra en un veh\u00edculo sospechoso detectado por la polic\u00eda catalana cuando circulaba a toda velocidad por esta autopista, seg\u00fan ha podido saber EL PERI\u00d3DICO. <\/p>\n<p class=\"ft-text\">El conductor y otras dos personas habr\u00edan cometido un robo con fuerza en un domicilio de l&#8217;Aldea (Terres de l&#8217;Ebre), aunque un testigo ha podido ver la matr\u00edcula del coche en el que escapaban y avis\u00f3 a los Mossos. Agentes de la Divisi\u00f3n de Tr\u00e1fico localizaron el coche con la matr\u00edcula sospechosa cuando circulaba por la AP7 cerca de Vilafranca del Pened\u00e8s en direcci\u00f3n norte. A partir de ese momento han intentado parar el turismo en el que iba el sospechoso junto a dos c\u00f3mplices.<\/p>\n<p class=\"ft-text\">Pese a esto, el coche ha acelerado para evitar ser atrapado y durante varios kil\u00f3metros ha puesto en riesgo la seguridad viaria del resto de usuarios que circulaban por la v\u00eda. Los Mossos lo segu\u00edan de cerca. A la altura del Papiol cerca del enlace con la B23, el conductor hizo un cambio de sentido para intentar volver por la misma AP7 pero en direcci\u00f3n Tarragona. Se trata de un lugar conocido por la polic\u00eda como \u00abel cambio de los peruanos&#8217;, ya que bandas de ladrones de esta nacionalidad que operan en la autopista lo usan para ir dando vueltas buscando v\u00edctimas.<\/p>\n<p class=\"ft-text\">Sin embargo, el sospechoso no ha completado del todo el giro y ha empezado a circular en direcci\u00f3n contraria hasta que ha impactado a gran velocidad de frente contra otros dos coches. El conductor ha quedado atrapado dentro con la pierna rota y ha tenido que ser sacado por los bomberos. Los otros dos ocupantes del veh\u00edculo sospechoso han escapado. A uno de ellos la polic\u00eda lo atrap\u00f3 a unos 500 metros del siniestro mientras que el tercero consigui\u00f3 huir y la polic\u00eda ha montado un dispositivo de b\u00fasqueda para atraparlo.<\/p>\n<p class=\"ft-text\">Los Mossos d&#8217;Esquadra acusan al conductor de los delitos de robo con fuerza, conducci\u00f3n homicida y lesiones mientras que al otro sospechoso le imputan el robo en Terres de l&#8217;Ebre y un delito de desobediencia, ya que no se par\u00f3 cuando los agentes le dieron el alto<\/p>\n<p class=\"ft-text\">Este accidente de tr\u00e1fico entre los tres turismos en la AP7, a la altura del Papiol, ha cortado  la autopista en sentido Barcelona durante horas. Los Bomberos de la Generalitat recibieron el aviso a las cuatro de la tarde y han enviado a siete dotaciones. Adem\u00e1s del conductor &#8216;kamikaze&#8217; qued\u00f3 atrapada otra mujer en otro coche implicado y los bomberos tambi\u00e9n tuvieron que excarcelarla para poder atenderla.<\/p>\n<p class=\"ft-text\">En total, el accidente de tr\u00e1fico ha dejado a nueve heridos, uno de ellos en estado cr\u00edtico y trasladado al Hospital Parc Taul\u00ed de Sabadell. El resto de afectados, como el conductor sospechoso, por el siniestro est\u00e1n menos graves y han sido trasladados a la Mutua de Terrassa y al Consorci Sanitari de Terrassa. <\/p>\n<p class=\"ft-text\">Para atender a las v\u00edctimas de este accidente se han desplazado a la autopista 10 unidades del Servicio de Emergencias M\u00e9dicas (SEM) y as\u00ed como patrullas de los Mossos d&#8217;Esquadra. Una vez liberadas las dos personas atrapadas, los bomberos han ayudado a los sanitarios en las tareas de emergencia y atenci\u00f3n a los heridos. El siguiente paso ser\u00e1 retirar los coches implicados y poder abrir la v\u00eda a la circulaci\u00f3n<\/p>\n<p class=\"ft-text\">A ra\u00edz de este accidente, el Servei Catal\u00e0 de Tr\u00e0nsit informa que la AP7 ha estado m\u00e1s de tres horas cortada, a la altura del Papiol, mientras se hac\u00edan tareas de limpieza de la calzada. Tambi\u00e9n hay dos kil\u00f3metros de lentitud y paros para enlazar con la B23 en sentido Barcelona<\/p>\n<p data-close=\"closedContent\" class=\"subscribeHideForDisplay\">Suscr\u00edbete para seguir leyendo<\/p>\n","protected":false},"excerpt":{"rendered":"Grave accidente en la AP7 a la altura del Papiol con tres turismos implicados. Lo ha provocado un&hellip;\n","protected":false},"author":2,"featured_media":738074,"comment_status":"","ping_status":"","sticky":false,"template":"","format":"standard","meta":{"footnotes":""},"categories":[5],"tags":[4205,14080,17,18,131067,20500,25,24,13,14,11,19,20,3989,9,10,15,16,131066,23,257,12,589,603,21,22],"class_list":["post-738073","post","type-post","status-publish","format-standard","has-post-thumbnail","category-titulares","tag-accidente","tag-ap7","tag-breaking-news","tag-breakingnews","tag-coches-implicados-atrapados","tag-cortada","tag-es","tag-espana","tag-featured-news","tag-featurednews","tag-headlines","tag-latest-news","tag-latestnews","tag-mossos-d","tag-news","tag-noticias","tag-noticias-destacadas","tag-noticiasdestacadas","tag-papiol","tag-spain","tag-sucesos","tag-titulares","tag-trafico","tag-tres","tag-ultimas-noticias","tag-ultimasnoticias"],"share_on_mastodon":{"url":"","error":""},"_links":{"self":[{"href":"https:\/\/www.europesays.com\/es\/wp-json\/wp\/v2\/posts\/738073","targetHints":{"allow":["GET"]}}],"collection":[{"href":"https:\/\/www.europesays.com\/es\/wp-json\/wp\/v2\/posts"}],"about":[{"href":"https:\/\/www.europesays.com\/es\/wp-json\/wp\/v2\/types\/post"}],"author":[{"embeddable":true,"href":"https:\/\/www.europesays.com\/es\/wp-json\/wp\/v2\/users\/2"}],"replies":[{"embeddable":true,"href":"https:\/\/www.europesays.com\/es\/wp-json\/wp\/v2\/comments?post=738073"}],"version-history":[{"count":0,"href":"https:\/\/www.europesays.com\/es\/wp-json\/wp\/v2\/posts\/738073\/revisions"}],"wp:featuredmedia":[{"embeddable":true,"href":"https:\/\/www.europesays.com\/es\/wp-json\/wp\/v2\/media\/738074"}],"wp:attachment":[{"href":"https:\/\/www.europesays.com\/es\/wp-json\/wp\/v2\/media?parent=738073"}],"wp:term":[{"taxonomy":"category","embeddable":true,"href":"https:\/\/www.europesays.com\/es\/wp-json\/wp\/v2\/categories?post=738073"},{"taxonomy":"post_tag","embeddable":true,"href":"https:\/\/www.europesays.com\/es\/wp-json\/wp\/v2\/tags?post=738073"}],"curies":[{"name":"wp","href":"https:\/\/api.w.org\/{rel}","templated":true}]}}