{"id":738081,"date":"2026-08-30T05:47:32","date_gmt":"2026-08-30T05:47:32","guid":{"rendered":"https:\/\/www.europesays.com\/es\/738081\/"},"modified":"2026-08-30T05:47:32","modified_gmt":"2026-08-30T05:47:32","slug":"netflix-estreno-una-nueva-miniserie-espanola-de-5-episodios-y-es-ideal-para-ver-en-el-fin-de-semana","status":"publish","type":"post","link":"https:\/\/www.europesays.com\/es\/738081\/","title":{"rendered":"Netflix estren\u00f3 una nueva miniserie espa\u00f1ola de 5 episodios y es ideal para ver en el fin de semana"},"content":{"rendered":"<p>    <img src=\"https:\/\/www.europesays.com\/es\/wp-content\/uploads\/2026\/08\/toda-la-verdad-mis-mentiras-netflix-4.jpg\" decoding=\"async\" fetchpriority=\"low\" loading=\"lazy\" alt=\"\" title=\"\" width=\"1200\" height=\"675\" id=\"1843550-Libre-1876327865_embed\"\/>    \u00bfDe qu\u00e9 trata Toda la verdad de mis mentiras en Netflix? <\/p>\n<p id=\"p-1787922836501-33928\" class=\"\">Seg\u00fan adelanta la presentaci\u00f3n de la adaptaci\u00f3n: <strong>\u00abEn un viaje de despedida de soltera, todo cambia cuando a dos compa\u00f1eros de departamento les cuesta ocultar lo que sienten\u00bb<\/strong>.<\/p>\n<p id=\"p-1787923722512-30960\">Protagonizada por <strong>Daniel Ib\u00e1\u00f1ez<\/strong> (La novia gitana, Segundo premio), <strong>Itziar Manero<\/strong> (Manual para se\u00f1oritas, Las chicas est\u00e1n bien), <strong>Ricardo G\u00f3mez<\/strong> (La Suerte: una serie de casualidades, Cu\u00e9ntame c\u00f3mo pas\u00f3), <strong>Brays Efe<\/strong> (Paquita Salas, Tengo que morir todas las noches), <strong>Luc\u00eda de la Fuente<\/strong> (T\u00f3xico, Las brujas de Zugarramurdi) y <strong>Clara Sans<\/strong> (Innato, Celeste), entre otros.<\/p>\n<p id=\"p-1787923722513-88126\">Cuenta la historia de <strong>Coco (Itziar Manero)<\/strong> y <strong>Mar\u00edn (Daniel Ib\u00e1\u00f1ez)<\/strong>, dos mejores amigos que viven juntos desde hace a\u00f1os. Con su pandilla al completo, <strong>Gus (Ricardo G\u00f3mez)<\/strong>, <strong>Aroa (Luc\u00eda de la Fuente)<\/strong> y <strong>Loren (Brays Efe)<\/strong> est\u00e1n a punto de emprender un viaje en caravana para celebrar la despedida de soltera de su amiga <strong>Blanca (Clara Sans)<\/strong>. Lo que deber\u00eda ser una aventura de exaltaci\u00f3n de la amistad se convierte en una bomba de relojer\u00eda cuando poco a poco se empiecen a desvelar los secretos que se esconden entre ellos.<\/p>\n<p>   <img src=\"https:\/\/www.europesays.com\/es\/wp-content\/uploads\/2026\/08\/toda-la-verdad-mis-mentiras-netflix-3.jpg\" decoding=\"async\" fetchpriority=\"low\" loading=\"lazy\" alt=\"\" title=\"\" width=\"1200\" height=\"675\" id=\"1843549-Libre-1300405861_embed\"\/>    <\/p>\n<p id=\"p-1787923722513-69598\"><strong> Toda la verdad de mis mentiras<\/strong> es una adaptaci\u00f3n de la novela hom\u00f3nima publicada por Suma (Penguin Random House Grupo Editorial). En colaboraci\u00f3n con Plano a Plano cuenta con El\u00edsabet Benavent, \u00c1ngel Armada y Marina P\u00e9rez como productores ejecutivos. C\u00e9sar Ben\u00edtez es el productor y Mar\u00eda Togores dirige junto a Marina P\u00e9rez, quien tambi\u00e9n est\u00e1 a cargo del guion con Monta\u00f1a Marchena. <\/p>\n<p> El elenco principal de Toda la verdad de mis mentiras   <\/p>\n<ul id=\"p-1787923887095-74779\">\n<li id=\"p-1787922836501-8145\"> Daniel Ib\u00e1\u00f1ez<\/li>\n<li id=\"p-1787923997942-86915\">Itziar Manero<\/li>\n<li id=\"p-1787924001274-83453\">Ricardo G\u00f3mez<\/li>\n<li id=\"p-1787924003526-14979\">Luc\u00eda de la Fuente<\/li>\n<li id=\"p-1787924006012-3314\">Clara Sans<\/li>\n<li id=\"p-1787924008348-16927\">Brays Efe<\/li>\n<li id=\"p-1787924010863-25119\">Iratxe Empar\u00e1n<\/li>\n<\/ul>\n<p>  \u00bf\u00bfCu\u00e1ndo se estrena Toda la verdad de mis mentiras y cu\u00e1ntos episodios tiene? <\/p>\n<p id=\"p-1787922836501-68257\" class=\"\"><strong>Toda la verdad de mis mentiras<\/strong> estar\u00e1 disponible en Netflix desde el <strong>viernes 28 de agosto<\/strong>. La producci\u00f3n llegar\u00e1 con una \u00fanica temporada compuesta por <strong>cinco episodios<\/strong>.<\/p>\n<p>   <img src=\"https:\/\/www.europesays.com\/es\/wp-content\/uploads\/2026\/08\/toda-la-verdad-mis-mentiras-netflix-2.jpg\" decoding=\"async\" fetchpriority=\"low\" loading=\"lazy\" alt=\"\" title=\"\" width=\"1200\" height=\"675\" id=\"1843547-Libre-1324790776_embed\"\/>    <\/p>\n<p id=\"p-1787922836501-47903\" class=\"\">La plataforma sumar\u00e1 as\u00ed una nueva ficci\u00f3n espa\u00f1ola basada en la obra de El\u00edsabet Benavent y apostar\u00e1 por una historia de formato breve. En lugar de extender el relato durante varias temporadas, la trama concentrar\u00e1 su desarrollo en la escapada del grupo de amigos.<\/p>\n<p id=\"p-1787922836501-81866\" class=\"\">El punto de partida ser\u00e1 una despedida de soltera. Sin embargo, el verdadero conflicto comenzar\u00e1 cuando el viaje haga imposible seguir ignorando determinadas emociones y verdades.<\/p>\n<p>   <img src=\"https:\/\/www.europesays.com\/es\/wp-content\/uploads\/2026\/08\/toda-la-verdad-mis-mentiras-netflix-1.jpg\" decoding=\"async\" fetchpriority=\"low\" loading=\"lazy\" alt=\"\" title=\"\" width=\"1200\" height=\"675\" id=\"1843546-Libre-1808546564_embed\"\/>    <\/p>\n<p id=\"p-1787922836501-20859\">La pregunta ser\u00e1 hasta d\u00f3nde podr\u00e1n sostener sus v\u00ednculos cuando aquello que nadie quer\u00eda decir comience a salir a la luz.<\/p>\n<p id=\"p-1787924084042-49531\">Entre la amistad, el amor, las mentiras y las verdades que pueden hacer da\u00f1o, <strong>Toda la verdad de mis mentiras<\/strong> convertir\u00e1 una celebraci\u00f3n en un viaje donde cada decisi\u00f3n tendr\u00e1 un nuevo significado.<\/p>\n<p> Anuncio del estreno de Toda la verdad de mis mentiras en Netflix   <\/p>\n","protected":false},"excerpt":{"rendered":"\u00bfDe qu\u00e9 trata Toda la verdad de mis mentiras en Netflix? Seg\u00fan adelanta la presentaci\u00f3n de la adaptaci\u00f3n:&hellip;\n","protected":false},"author":2,"featured_media":738082,"comment_status":"","ping_status":"","sticky":false,"template":"","format":"standard","meta":{"footnotes":""},"categories":[171],"tags":[146,147,25,24,152,156,23,214],"class_list":["post-738081","post","type-post","status-publish","format-standard","has-post-thumbnail","category-tv","tag-entertainment","tag-entretenimiento","tag-es","tag-espana","tag-netflix","tag-serie","tag-spain","tag-tv"],"share_on_mastodon":{"url":"https:\/\/pubeurope.com\/@es\/117182887499923868","error":""},"_links":{"self":[{"href":"https:\/\/www.europesays.com\/es\/wp-json\/wp\/v2\/posts\/738081","targetHints":{"allow":["GET"]}}],"collection":[{"href":"https:\/\/www.europesays.com\/es\/wp-json\/wp\/v2\/posts"}],"about":[{"href":"https:\/\/www.europesays.com\/es\/wp-json\/wp\/v2\/types\/post"}],"author":[{"embeddable":true,"href":"https:\/\/www.europesays.com\/es\/wp-json\/wp\/v2\/users\/2"}],"replies":[{"embeddable":true,"href":"https:\/\/www.europesays.com\/es\/wp-json\/wp\/v2\/comments?post=738081"}],"version-history":[{"count":0,"href":"https:\/\/www.europesays.com\/es\/wp-json\/wp\/v2\/posts\/738081\/revisions"}],"wp:featuredmedia":[{"embeddable":true,"href":"https:\/\/www.europesays.com\/es\/wp-json\/wp\/v2\/media\/738082"}],"wp:attachment":[{"href":"https:\/\/www.europesays.com\/es\/wp-json\/wp\/v2\/media?parent=738081"}],"wp:term":[{"taxonomy":"category","embeddable":true,"href":"https:\/\/www.europesays.com\/es\/wp-json\/wp\/v2\/categories?post=738081"},{"taxonomy":"post_tag","embeddable":true,"href":"https:\/\/www.europesays.com\/es\/wp-json\/wp\/v2\/tags?post=738081"}],"curies":[{"name":"wp","href":"https:\/\/api.w.org\/{rel}","templated":true}]}}