{"id":738101,"date":"2026-08-30T06:07:12","date_gmt":"2026-08-30T06:07:12","guid":{"rendered":"https:\/\/www.europesays.com\/es\/738101\/"},"modified":"2026-08-30T06:07:12","modified_gmt":"2026-08-30T06:07:12","slug":"el-obradoiro-triunfa-en-la-fiesta-del-joventut-en-gijon","status":"publish","type":"post","link":"https:\/\/www.europesays.com\/es\/738101\/","title":{"rendered":"El Obradoiro triunfa en la fiesta del Joventut en Gij\u00f3n"},"content":{"rendered":"<p style=\"\">El Palacio de Deportes de La Gu\u00eda no vivi\u00f3 en esta noche un partido m\u00e1s de pretemporada; lo que se respir\u00f3 en Gij\u00f3n fue una  &#8230; aut\u00e9ntica reivindicaci\u00f3n del baloncesto en Asturias. El duelo entre el Joventut y el Monbus Obradoiro super\u00f3 por completo la frialdad de una cl\u00e1sica cr\u00f3nica de estad\u00edsticas para convertirse en una fiesta social, cultural y deportiva.<\/p>\n<p class=\"v-d-p\" style=\"\">A falta de un equipo asturiano militando de forma regular en la m\u00e1xima categor\u00eda, la afici\u00f3n del Principado demostr\u00f3 que su hambre de baloncesto de \u00e9lite est\u00e1 m\u00e1s viva que nunca. Las gradas de La Gu\u00eda, con cerca de 3000 gargantas, se volcaron por completo, registrando una atm\u00f3sfera vibrante que contagi\u00f3 tanto a los apasionados locales como a aficionados verdinegros y gallegos.<\/p>\n<p class=\"v-d-p\" style=\"\">Gracias a la iniciativa de la Rookie Basket Academy (RBA), Gij\u00f3n ejerci\u00f3 con orgullo como la gran embajada de la ACB en la regi\u00f3n suponiendo este choque el colof\u00f3n perfecto al stage que el Joventut ha llevado a cabo en tierras asturianas. <\/p>\n<p class=\"v-d-p\" style=\"\">El gran reclamo de la noche tuvo nombre y apellidos: Ricky Rubio. Su sola presencia en la pista justific\u00f3 cada entrada vendida. Ver al base internacional dirigir el juego, compartir balones con los m\u00e1s j\u00f3venes y desplegar su magia sobre el parqu\u00e9 asturiano regal\u00f3 momentos memorables a los aficionados. Para los cientos de ni\u00f1os de las canteras locales que poblaban las gradas, contemplar una leyenda de su calibre a escasos metros de distancia fue una inspiraci\u00f3n imborrable.<\/p>\n<p class=\"v-d-p\" style=\"\">En el plano deportivo, no obstante, fue Monbus Obradoiro quien sali\u00f3 victorioso. El encuentro sigui\u00f3 los patrones del t\u00edpico partido inicial de pretemporada con los ataques m\u00e1s fluidos que las defensas y el ofrecimiento de alternativas en los sistemas de ambos conjuntos. Boogie Ellis dio las primeras ventajas a &#8216;La Penya&#8217; en el primer cuarto, pero, desde un bloque ofensivo m\u00e1s compacto y mayor serenidad defensiva el Monbus Obradoiro revirti\u00f3 pronto la situaci\u00f3n y ya colocarse en ventaja al descanso (40-43). Ese mayor tino, sobre todo de tres, se mantuvo en la segunda mitad y paulatinamente fue minando los intentos de resistencia verdinegros y ya afianzar la victoria a medida que avanzaba el \u00faltimo cuarto, terminando por alzarse con la victoria por un resultado de 77-96<\/p>\n<p class=\"v-d-p\" style=\"\">No obstante, el partido de ayer no se midi\u00f3 en el marcador final, sino en la sonrisa de la afici\u00f3n asturiana al salir del pabell\u00f3n, consciente de haber sido el epicentro del mejor baloncesto nacional.<\/p>\n","protected":false},"excerpt":{"rendered":"El Palacio de Deportes de La Gu\u00eda no vivi\u00f3 en esta noche un partido m\u00e1s de pretemporada; lo&hellip;\n","protected":false},"author":2,"featured_media":738102,"comment_status":"","ping_status":"","sticky":false,"template":"","format":"standard","meta":{"footnotes":""},"categories":[269],"tags":[299,298,168,25,24,2328,6023,4079,10281,23,167,11443],"class_list":["post-738101","post","type-post","status-publish","format-standard","has-post-thumbnail","category-baloncesto","tag-baloncesto","tag-basketball","tag-deportes","tag-es","tag-espana","tag-fiesta","tag-gijon","tag-joventut","tag-obradoiro","tag-spain","tag-sports","tag-triunfa"],"share_on_mastodon":{"url":"https:\/\/pubeurope.com\/@es\/117182965346250424","error":""},"_links":{"self":[{"href":"https:\/\/www.europesays.com\/es\/wp-json\/wp\/v2\/posts\/738101","targetHints":{"allow":["GET"]}}],"collection":[{"href":"https:\/\/www.europesays.com\/es\/wp-json\/wp\/v2\/posts"}],"about":[{"href":"https:\/\/www.europesays.com\/es\/wp-json\/wp\/v2\/types\/post"}],"author":[{"embeddable":true,"href":"https:\/\/www.europesays.com\/es\/wp-json\/wp\/v2\/users\/2"}],"replies":[{"embeddable":true,"href":"https:\/\/www.europesays.com\/es\/wp-json\/wp\/v2\/comments?post=738101"}],"version-history":[{"count":0,"href":"https:\/\/www.europesays.com\/es\/wp-json\/wp\/v2\/posts\/738101\/revisions"}],"wp:featuredmedia":[{"embeddable":true,"href":"https:\/\/www.europesays.com\/es\/wp-json\/wp\/v2\/media\/738102"}],"wp:attachment":[{"href":"https:\/\/www.europesays.com\/es\/wp-json\/wp\/v2\/media?parent=738101"}],"wp:term":[{"taxonomy":"category","embeddable":true,"href":"https:\/\/www.europesays.com\/es\/wp-json\/wp\/v2\/categories?post=738101"},{"taxonomy":"post_tag","embeddable":true,"href":"https:\/\/www.europesays.com\/es\/wp-json\/wp\/v2\/tags?post=738101"}],"curies":[{"name":"wp","href":"https:\/\/api.w.org\/{rel}","templated":true}]}}