{"id":738111,"date":"2026-08-30T06:16:25","date_gmt":"2026-08-30T06:16:25","guid":{"rendered":"https:\/\/www.europesays.com\/es\/738111\/"},"modified":"2026-08-30T06:16:25","modified_gmt":"2026-08-30T06:16:25","slug":"el-besiktas-aprieta-por-casado-antes-del-cierre-del-mercado","status":"publish","type":"post","link":"https:\/\/www.europesays.com\/es\/738111\/","title":{"rendered":"El Besiktas aprieta por Casad\u00f3 antes del cierre del mercado"},"content":{"rendered":"<p class=\"ft-text\"><a class=\"ft-link ft-link--decoration\" href=\"https:\/\/www.sport.es\/es\/noticias\/opinion\/respeto-marc-casado-133716308\" rel=\"nofollow noopener\" target=\"_blank\">Marc Casad\u00f3, apartado del primer equipo del Bar\u00e7a<\/a>, est\u00e1 centrado exclusivamente en mantener el tono deportivo y solucionar su futuro, que no pasa por el Camp Nou. <a class=\"ft-link ft-link--decoration\" href=\"https:\/\/www.sport.es\/es\/noticias\/barca\/futuro-casado-decidira-bocina-133744534\" rel=\"nofollow noopener\" target=\"_blank\">Como se\u00f1alamos en SPORT, su pr\u00f3ximo destino se cerrar\u00e1 sobre la bocina<\/a>, pero opciones no le faltan para elegir. M\u00e1s all\u00e1 de poner rumbo a Arabia Saud\u00ed, algo que el futbolista ha descartado porque quiere seguir jugando en Europa.<\/p>\n<p><img decoding=\"async\" src=\"https:\/\/www.europesays.com\/es\/wp-content\/uploads\/2026\/08\/52d419c9-217e-4886-8eb7-b6667a0def63_alta-libre-aspect-ratio_default_0_x1000y416.jpg\" width=\"1200\" height=\"750\" alt=\"Casad\u00f3 es un jugador que est\u00e1 en la rampa de salida\" class=\"ft-helper-img-rd\" loading=\"lazy\" fetchpriority=\"auto\"\/><\/p>\n<p class=\"ft-helper-fontColor-quaternary ft-helper-fontSize-body-S ft-helper-spacer-t-xxs\">Casad\u00f3, cerca de solucionar su futuro  \/ FCB<\/p>\n<p class=\"ft-text\">Desde inicios de verano, uno de los clubs que m\u00e1s se ha interesado en sus servicios es el Besiktas, <a class=\"ft-link ft-link--decoration\" href=\"https:\/\/www.sport.es\/es\/noticias\/barca\/nueva-oferta-casado-barca-131919943\" rel=\"nofollow noopener\" target=\"_blank\">algo que tambi\u00e9n public\u00f3 SPORT<\/a>, que en los \u00faltimos d\u00edas ha intensificado su presi\u00f3n para intentar convencer al Bar\u00e7a y al jugador de que acepten el traspaso. El director deportivo del conjunto turco, el alem\u00e1n<strong> Eduard Graf, que estuvo doce a\u00f1os trabajando como jefe de ojeadores del Borussia Dortmund<\/strong>, es un gran admirador de la escuela Bar\u00e7a. Su relaci\u00f3n con el Bar\u00e7a es buena, aunque necesitar\u00e1 tambi\u00e9n el visto bueno de Casad\u00f3, cuya predisposici\u00f3n es mayor por otros destinos. En aquel entonces, su primer movimiento fue ponerse en contacto con Jorge Mendes, representante del jugador, antes de hacerlo con Deco.<\/p>\n<p class=\"ft-text\">El club blaugrana ped\u00eda, de primeras, <a class=\"ft-link ft-link--decoration\" href=\"https:\/\/www.sport.es\/es\/noticias\/barca\/plan-barca-casado-venta-rebajas-132376083\" rel=\"nofollow noopener\" target=\"_blank\">una cantidad que rondara los 20 millones de euros<\/a>, aunque el paso de los d\u00edas y la cercan\u00eda del cierre del mercado obliga a replantearse el objetivo por ingresos, sobre todo teniendo en cuenta que los objetivos por traspasos est\u00e1n ya satisfechos, sobre todo tras <strong>la salida de Ferran Torres al PSG<\/strong>, que, por otro lado, no ha sido el \u00fanico este verano. M\u00e1s all\u00e1 del <strong>Besiktas<\/strong>, tambi\u00e9n negocian con otros clubs, aunque los turcos son quienes se han movido de forma oficial con una oferta formal.<\/p>\n<p>Son d\u00edas muy intensos<\/p>\n<p class=\"ft-text\"><a class=\"ft-link ft-link--decoration\" href=\"https:\/\/www.sport.es\/es\/noticias\/barca\/leipzig-suma-puja-casado-marc-barca-barcelona-133669325\" rel=\"nofollow noopener\" target=\"_blank\">Desde Alemania surgi\u00f3 el nombre del RB Leipzig, aunque no es el \u00fanico club que est\u00e1 interesado en Marc Casad\u00f3<\/a>. En Inglaterra tambi\u00e9n han preguntado por \u00e9l varios clubs, aunque se desconoce si se ha realizado alguna oferta formal como s\u00ed ha realizado el conjunto turco. Quedan pocos d\u00edas para el cierre del mercado y el centrocampista tiene muy claro que debe encontrar un nuevo destino para volver a disfrutar del f\u00fatbol, aunque sea lejos del club de su vida.<\/p>\n<p><img decoding=\"async\" src=\"https:\/\/www.europesays.com\/es\/wp-content\/uploads\/2026\/08\/644234d8-4b46-49fe-ac89-8a6218dec6fb_alta-libre-aspect-ratio_default_0_x600y200.jpg\" width=\"1200\" height=\"600\" alt=\"Marc Casad\u00f3 celebra un t\u00edtulo de la temporada pasada ondeando la 'senyera'.\" class=\"ft-helper-img-rd\" loading=\"lazy\" fetchpriority=\"auto\"\/><\/p>\n<p class=\"ft-helper-fontColor-quaternary ft-helper-fontSize-body-S ft-helper-spacer-t-xxs\">Marc Casad\u00f3 celebra un t\u00edtulo de la temporada pasada ondeando la &#8216;senyera&#8217;.  \/ FC Barcelona<\/p>\n<p class=\"ft-text\">En cualquier caso, todo apunta a que su pr\u00f3ximo destino est\u00e1 en una de las grandes ligas europeas, pero a\u00fan no est\u00e1 decidido al cien por cien pese a que<strong> se est\u00e1 avanzando tanto desde la direcci\u00f3n deportiva del Bar\u00e7a como por parte de su agente, Jorge Mendes<\/strong>. Obviamente, todo bajo la supervisi\u00f3n de Marc Casad\u00f3, que saldr\u00e1, en todo caso, traspasado. De hecho, en ning\u00fan momento se ha planteado la posibilidad de una cesi\u00f3n porque el objetivo del Bar\u00e7a siempre ha sido hacer caja. <\/p>\n","protected":false},"excerpt":{"rendered":"Marc Casad\u00f3, apartado del primer equipo del Bar\u00e7a, est\u00e1 centrado exclusivamente en mantener el tono deportivo y solucionar&hellip;\n","protected":false},"author":2,"featured_media":738112,"comment_status":"","ping_status":"","sticky":false,"template":"","format":"standard","meta":{"footnotes":""},"categories":[93],"tags":[2651,19868,12691,1565,168,25,24,881,20218,1239,9890,23,167],"class_list":["post-738111","post","type-post","status-publish","format-standard","has-post-thumbnail","category-deportes","tag-aprieta","tag-besiktas","tag-casado","tag-cierre","tag-deportes","tag-es","tag-espana","tag-fc-barcelona","tag-marc-casado","tag-mercado","tag-mercado-fichajes","tag-spain","tag-sports"],"share_on_mastodon":{"url":"https:\/\/pubeurope.com\/@es\/117183001885187573","error":""},"_links":{"self":[{"href":"https:\/\/www.europesays.com\/es\/wp-json\/wp\/v2\/posts\/738111","targetHints":{"allow":["GET"]}}],"collection":[{"href":"https:\/\/www.europesays.com\/es\/wp-json\/wp\/v2\/posts"}],"about":[{"href":"https:\/\/www.europesays.com\/es\/wp-json\/wp\/v2\/types\/post"}],"author":[{"embeddable":true,"href":"https:\/\/www.europesays.com\/es\/wp-json\/wp\/v2\/users\/2"}],"replies":[{"embeddable":true,"href":"https:\/\/www.europesays.com\/es\/wp-json\/wp\/v2\/comments?post=738111"}],"version-history":[{"count":0,"href":"https:\/\/www.europesays.com\/es\/wp-json\/wp\/v2\/posts\/738111\/revisions"}],"wp:featuredmedia":[{"embeddable":true,"href":"https:\/\/www.europesays.com\/es\/wp-json\/wp\/v2\/media\/738112"}],"wp:attachment":[{"href":"https:\/\/www.europesays.com\/es\/wp-json\/wp\/v2\/media?parent=738111"}],"wp:term":[{"taxonomy":"category","embeddable":true,"href":"https:\/\/www.europesays.com\/es\/wp-json\/wp\/v2\/categories?post=738111"},{"taxonomy":"post_tag","embeddable":true,"href":"https:\/\/www.europesays.com\/es\/wp-json\/wp\/v2\/tags?post=738111"}],"curies":[{"name":"wp","href":"https:\/\/api.w.org\/{rel}","templated":true}]}}