{"id":738115,"date":"2026-08-30T06:18:22","date_gmt":"2026-08-30T06:18:22","guid":{"rendered":"https:\/\/www.europesays.com\/es\/738115\/"},"modified":"2026-08-30T06:18:22","modified_gmt":"2026-08-30T06:18:22","slug":"fiesta-desvela-el-comunicado-de-fran-rivera-sobre-lo-ocurrido-con-tamara-gorro-y-su-hermano-es-mayor-el-sabra","status":"publish","type":"post","link":"https:\/\/www.europesays.com\/es\/738115\/","title":{"rendered":"Fiesta desvela el comunicado de Fran Rivera sobre lo ocurrido con Tamara Gorro y su hermano: \u00abEs mayor, \u00e9l sabr\u00e1\u00bb"},"content":{"rendered":"<p class=\"ft-text\">Sin duda, la pareja formada por<a class=\"ft-link ft-link--decoration\" href=\"https:\/\/www.lne.es\/tv-espectaculos\/2026\/07\/25\/tamara-gorro-reaparece-hospital-dias-132804207.html\" rel=\"nofollow noopener\" target=\"_blank\"> Fran Rivera y Tmara Gorro <\/a>ha sido una de las grandes sorpresas del panorama rosa en los que llevamos de 2026. Pero, desde el programa Fiesta de Telecinco alertan que no todo podr\u00eda ser tan bonito.<\/p>\n<p class=\"ft-text\">Son muchos los rumores que apuntan a que Fran Rivera no estar\u00eda nada de acuerdo con la actual relaci\u00f3n de su hermano Cayetano con la influencer Tamara Gorro. Este noviazgo que la pareja tan en privado quiere mantener no tendr\u00eda la bendici\u00f3n del hermano mayor de Cayetano.<\/p>\n<p class=\"ft-text\">Hasta &#8216;Fiesta&#8217; ha llegado una informaci\u00f3n que apunta directamente al rechazo de Fran Rivera hacia esta relaci\u00f3n desde su comienzo. Tan poco le habr\u00eda gustado al torero la noticia de la relaci\u00f3n de su hermano que nada m\u00e1s enterarse de que era su nueva cu\u00f1ada le habr\u00eda mandado mensajes demoledores a Cayetano advirti\u00e9ndole sobre ella. Fran no querr\u00eda que Tamara Gorro formase parte de la familia Rivera Ord\u00f3\u00f1ez y eso habr\u00eda causado un distanciamiento a\u00fan m\u00e1s grande entre los hermanos.<\/p>\n<p class=\"ft-text\">Hace ya medio a\u00f1o que Tamara Gorro y Cayetano Rivera son pareja y es curioso que la influencer y el torero a\u00fan no se sigan en redes sociales. Pese a que algunos colaboradores del programa no est\u00e1n del todo seguros sobre la veracidad de los rumores, la direcci\u00f3n de &#8216;Fiesta&#8217; ha podido ver unos mensajes de texto enviados personalmente por Fran Rivera en los que no queda lugar a la duda. As\u00ed lo explicaba Frank Blanco:<\/p>\n<p class=\"ft-text\">\u00abLa direcci\u00f3n de este programa maneja esa informaci\u00f3n con mensajes, concretamente mensajes que Pipi Estrada ha puesto a disposici\u00f3n de la direcci\u00f3n y en los que Fran Rivera le contesta textualmente a Pipi &#8216;Le hemos avisado, ya es mayor, \u00e9l sabr\u00e1&#8217; cuando nuestro compa\u00f1ero le pregunta sobre la relaci\u00f3n de Tamara y su hermano\u00bb.<\/p>\n<p class=\"ft-text\">Aurelio Manzano se ha puesto en contacto con Fran Rivera y lo cierto es que el torero no se ha tomado demasiado bien la informaci\u00f3n que &#8216;Fiesta&#8217; ha ofrecido en exclusiva. Seg\u00fan explica el colaborador, el torero ha preferido mirar hacia otro lado y no pronunciarse: \u00abLe he dicho que resulta dif\u00edcil defenderle despu\u00e9s de que Pipi haya filtrado esos mensajes, y Fran me ha contestado &#8216;paso de toda esta mierda con las cosas serias que hay\u00bb.<\/p>\n","protected":false},"excerpt":{"rendered":"Sin duda, la pareja formada por Fran Rivera y Tmara Gorro ha sido una de las grandes sorpresas&hellip;\n","protected":false},"author":2,"featured_media":738116,"comment_status":"","ping_status":"","sticky":false,"template":"","format":"standard","meta":{"footnotes":""},"categories":[91],"tags":[14699,4083,146,147,25,24,2793,2328,7410,37,10787,23],"class_list":["post-738115","post","type-post","status-publish","format-standard","has-post-thumbnail","category-entretenimiento","tag-comunicado","tag-desvela","tag-entertainment","tag-entretenimiento","tag-es","tag-espana","tag-espectaculos","tag-fiesta","tag-fran","tag-hermano","tag-rivera","tag-spain"],"share_on_mastodon":{"url":"https:\/\/pubeurope.com\/@es\/117183008199024691","error":""},"_links":{"self":[{"href":"https:\/\/www.europesays.com\/es\/wp-json\/wp\/v2\/posts\/738115","targetHints":{"allow":["GET"]}}],"collection":[{"href":"https:\/\/www.europesays.com\/es\/wp-json\/wp\/v2\/posts"}],"about":[{"href":"https:\/\/www.europesays.com\/es\/wp-json\/wp\/v2\/types\/post"}],"author":[{"embeddable":true,"href":"https:\/\/www.europesays.com\/es\/wp-json\/wp\/v2\/users\/2"}],"replies":[{"embeddable":true,"href":"https:\/\/www.europesays.com\/es\/wp-json\/wp\/v2\/comments?post=738115"}],"version-history":[{"count":0,"href":"https:\/\/www.europesays.com\/es\/wp-json\/wp\/v2\/posts\/738115\/revisions"}],"wp:featuredmedia":[{"embeddable":true,"href":"https:\/\/www.europesays.com\/es\/wp-json\/wp\/v2\/media\/738116"}],"wp:attachment":[{"href":"https:\/\/www.europesays.com\/es\/wp-json\/wp\/v2\/media?parent=738115"}],"wp:term":[{"taxonomy":"category","embeddable":true,"href":"https:\/\/www.europesays.com\/es\/wp-json\/wp\/v2\/categories?post=738115"},{"taxonomy":"post_tag","embeddable":true,"href":"https:\/\/www.europesays.com\/es\/wp-json\/wp\/v2\/tags?post=738115"}],"curies":[{"name":"wp","href":"https:\/\/api.w.org\/{rel}","templated":true}]}}