{"id":738137,"date":"2026-08-30T06:39:34","date_gmt":"2026-08-30T06:39:34","guid":{"rendered":"https:\/\/www.europesays.com\/es\/738137\/"},"modified":"2026-08-30T06:39:34","modified_gmt":"2026-08-30T06:39:34","slug":"sergio-martinez-ficha-por-el-real-madrid-hasta-2030-ser-deportivos-cantabria","status":"publish","type":"post","link":"https:\/\/www.europesays.com\/es\/738137\/","title":{"rendered":"Sergio Mart\u00ednez ficha por el Real Madrid hasta 2030 | SER Deportivos Cantabria"},"content":{"rendered":"<p class=\"loc\">Santander<\/p>\n<p>Sergio Mart\u00ednez Montero (Laredo, 2007) se marcha del Racing. La oferta del Real Madrid, tanto en el \u00e1mbito econ\u00f3mico como a nivel deportivo era inalcanzable para los c\u00e1ntabros y tal y <a href=\"https:\/\/as.com\/futbol\/primera\/sergio-martinez-se-decide-por-el-real-madrid-f202608-n\/\" target=\"_blank\" rel=\"nofollow noopener\" title=\"https:\/\/as.com\/futbol\/primera\/sergio-martinez-se-decide-por-el-real-madrid-f202608-n\/\">como adelant\u00f3 Jos\u00e9 F\u00e9lix D\u00edaz en el Diario AS<\/a>, ha hecho que el centrocampista pejino se vaya a unir a la entidad blanca, pagando los 3 millones de su cl\u00e1usula de rescisi<\/p>\n<p>Despu\u00e9s de no haber jugado un solo minuto contra el Elche en el d\u00eda de ayer, Sergio se despedir\u00e1 del Racing para unirse al Real Madrid con un contrato hasta el 30 de junio de 2030, como apuntaba Fabrizio Romano, confirmado por la Cadena SER.<\/p>\n<p><img decoding=\"async\" src=\"https:\/\/www.europesays.com\/es\/wp-content\/uploads\/2026\/08\/https:\/\/sdmedia.playser.cadenaser.com\/playser\/image\/20268\/24\/ser_cantabria_serdeportivoscantabria_20.jpeg\" alt=\"El Sanedr\u00edn del Racing | SER Deportivos Cantabria (24\/08\/2026)\" width=\"655\" height=\"368\"   loading=\"lazy\"\/><\/p>\n<p class=\"tit\">El Sanedr\u00edn del Racing | SER Deportivos Cantabria (24\/08\/2026)<\/p>\n<p>00:00:0040:00<\/p>\n<p>El c\u00f3digo iframe se ha copiado en el portapapeles<\/p>\n<p>FacebookTwitterLinkedinWhatsAppCerrar<\/p>\n<p>El centrocampista c\u00e1ntabro llega para reforzar al Castilla en Primera Federaci\u00f3n, pero con un estatus de jugador importante para la entidad blanca y alternando entrenamientos y din\u00e1mica con el primer equipo.<\/p>\n<p>    <img decoding=\"async\" src=\"https:\/\/www.europesays.com\/es\/wp-content\/uploads\/2026\/08\/1788071974_689_app-ser-4.png\" alt=\"Nueva APP de Cadena SER\" loading=\"lazy\" width=\"109\" height=\"82\"\/><\/p>\n<p>Descubre la nueva app de Cadena\u00a0SER<br \/>\n        Te ofrecemos una mejor experiencia de audio y video\n    <\/p>\n<p>    <a href=\"https:\/\/trackingcodes.prisamedia.com\/ser.html?utm_campaign=app-include-articulo&amp;utm_source=web\" class=\"p-a-fa-b\" rel=\"nofollow noopener\" target=\"_blank\">Descargar<\/a><\/p>\n<p>El seguimiento llega de lejos ya que<a href=\"https:\/\/cadenaser.com\/cantabria\/2026\/01\/31\/madrid-y-barca-toman-la-delantera-por-sergio-martinez-centrocampista-del-racing-radio-santander\/\" target=\"_blank\" rel=\"nofollow noopener\" title=\"https:\/\/cadenaser.com\/cantabria\/2026\/01\/31\/madrid-y-barca-toman-la-delantera-por-sergio-martinez-centrocampista-del-racing-radio-santander\/\"> la Cadena SER adelant\u00f3 el pasado mes de enero<\/a> que Real Madrid, Bar\u00e7a y Villarreal ya pujaron para hacerse con sus servicios, pero el futbolista prioriz\u00f3 seguir en el Racing a sabiendas de que lo iba a tener muy complicado para jugar a las \u00f3rdenes de Jos\u00e9 Alberto.<\/p>\n<p>Las palabras de Manolo Higuera<\/p>\n<p>\u201cSergio no necesita ninguna lecci\u00f3n de racinguismo porque siente el Racing como si fuera su casa, lleva toda la vida con esta camiseta. Cuando hay un transatl\u00e1ntico como el Real Madrid y te ofrece mucho m\u00e1s dinero y mucho cari\u00f1o tambi\u00e9n entiendo que tenga sus dudas. Nosotros lo \u00fanico tenemos que hacer es respetar su decisi\u00f3n y que sea para bien\u201d, dijo Manolo Higuera, presidente del Racing, antes del partido contra el Elche.<\/p>\n","protected":false},"excerpt":{"rendered":"Santander Sergio Mart\u00ednez Montero (Laredo, 2007) se marcha del Racing. La oferta del Real Madrid, tanto en el&hellip;\n","protected":false},"author":2,"featured_media":738138,"comment_status":"","ping_status":"","sticky":false,"template":"","format":"standard","meta":{"footnotes":""},"categories":[93],"tags":[168,25,24,131072,280,525,1210,1212,131073,25666,23,167],"class_list":["post-738137","post","type-post","status-publish","format-standard","has-post-thumbnail","category-deportes","tag-deportes","tag-es","tag-espana","tag-estadio-coliseum","tag-football","tag-game","tag-laliga-ea-sports","tag-match","tag-real-racing-club-de-santander","tag-sergio-martinez","tag-spain","tag-sports"],"share_on_mastodon":{"url":"https:\/\/pubeurope.com\/@es\/117183092262522703","error":""},"_links":{"self":[{"href":"https:\/\/www.europesays.com\/es\/wp-json\/wp\/v2\/posts\/738137","targetHints":{"allow":["GET"]}}],"collection":[{"href":"https:\/\/www.europesays.com\/es\/wp-json\/wp\/v2\/posts"}],"about":[{"href":"https:\/\/www.europesays.com\/es\/wp-json\/wp\/v2\/types\/post"}],"author":[{"embeddable":true,"href":"https:\/\/www.europesays.com\/es\/wp-json\/wp\/v2\/users\/2"}],"replies":[{"embeddable":true,"href":"https:\/\/www.europesays.com\/es\/wp-json\/wp\/v2\/comments?post=738137"}],"version-history":[{"count":0,"href":"https:\/\/www.europesays.com\/es\/wp-json\/wp\/v2\/posts\/738137\/revisions"}],"wp:featuredmedia":[{"embeddable":true,"href":"https:\/\/www.europesays.com\/es\/wp-json\/wp\/v2\/media\/738138"}],"wp:attachment":[{"href":"https:\/\/www.europesays.com\/es\/wp-json\/wp\/v2\/media?parent=738137"}],"wp:term":[{"taxonomy":"category","embeddable":true,"href":"https:\/\/www.europesays.com\/es\/wp-json\/wp\/v2\/categories?post=738137"},{"taxonomy":"post_tag","embeddable":true,"href":"https:\/\/www.europesays.com\/es\/wp-json\/wp\/v2\/tags?post=738137"}],"curies":[{"name":"wp","href":"https:\/\/api.w.org\/{rel}","templated":true}]}}