{"id":738143,"date":"2026-08-30T06:42:14","date_gmt":"2026-08-30T06:42:14","guid":{"rendered":"https:\/\/www.europesays.com\/es\/738143\/"},"modified":"2026-08-30T06:42:14","modified_gmt":"2026-08-30T06:42:14","slug":"apple-cambia-sus-planes-con-el-iphone-18-los-modelos-pro-llegaran-antes-que-el-resto","status":"publish","type":"post","link":"https:\/\/www.europesays.com\/es\/738143\/","title":{"rendered":"Apple cambia sus planes con el iPhone 18: los modelos Pro llegar\u00e1n antes que el resto"},"content":{"rendered":"<p>La presentaci\u00f3n tendr\u00e1 lugar el mi\u00e9rcoles 9 de septiembre a las 19:00 horas en Espa\u00f1a peninsular, en el Steve Jobs Theater de Apple Park. La compa\u00f1\u00eda ha elegido para la ocasi\u00f3n el lema \u201cUn rayo de wow\u201d, en una keynote que concentrar\u00e1 buena parte de las novedades de su pr\u00f3xima generaci\u00f3n de dispositivos.<\/p>\n<p><a target=\"_blank\" href=\"https:\/\/www.mundiario.com\/ads\/20260820143122436440\" rel=\"nofollow noopener\"> <img decoding=\"async\" src=\"https:\/\/www.europesays.com\/es\/wp-content\/uploads\/2026\/08\/1788072132_684_2026082014295245830.jpg\" alt=\"Publicidad 436440\" width=\"300\" height=\"600\" loading=\"lazy\"\/> <\/a><\/p>\n<p>Los protagonistas ser\u00e1n previsiblemente el iPhone 18 Pro y el iPhone 18 Pro Max. El modelo est\u00e1ndar, junto al supuesto iPhone 18e y un nuevo iPad Air, quedar\u00eda para el primer trimestre de 2027. Si finalmente se cumple este calendario, Apple romper\u00eda con la estrategia de presentar toda la familia iPhone al mismo tiempo y dar\u00eda m\u00e1s peso a sus modelos profesionales.<\/p>\n<p>C\u00e1mara, pantalla y procesador: qu\u00e9 puede cambiar<\/p>\n<p>Los rumores apuntan a una evoluci\u00f3n importante en el apartado fotogr\u00e1fico. La c\u00e1mara principal podr\u00eda estrenar una apertura variable, una tecnolog\u00eda que permitir\u00eda adaptar el paso de luz a las condiciones de cada escena. De confirmarse, ser\u00eda una incorporaci\u00f3n especialmente relevante para Apple y podr\u00eda mejorar el control de las fotograf\u00edas en distintas situaciones de iluminaci\u00f3n.<\/p>\n<p>Tambi\u00e9n se esperan cambios internos. Los iPhone 18 Pro podr\u00edan incorporar el chip A20 Pro fabricado en 2 nan\u00f3metros y hasta 12 GB de RAM. En el caso del Pro Max, las filtraciones sit\u00faan la bater\u00eda entre 5.100 y 5.200 mAh.<\/p>\n<p>En el frontal, otro de los cambios ser\u00eda menos llamativo, pero podr\u00eda tener consecuencias en el dise\u00f1o: la Dynamic Island reducir\u00eda su tama\u00f1o alrededor de un 25 % gracias a la colocaci\u00f3n bajo la pantalla de algunos componentes relacionados con Face ID.<\/p>\n<p><a target=\"_blank\" href=\"https:\/\/www.mundiario.com\/ads\/20260318160831379167\" rel=\"nofollow noopener\"> <img decoding=\"async\" src=\"https:\/\/www.europesays.com\/es\/wp-content\/uploads\/2026\/08\/1788072134_295_2026031816055573760.gif\" alt=\"Publicidad 379167\" width=\"300\" height=\"600\" loading=\"lazy\"\/> <\/a><\/p>\n<p>El gran misterio: \u00bfllegar\u00e1 por fin el iPhone plegable?<\/p>\n<p>Por encima de todas estas mejoras existe una inc\u00f3gnita que podr\u00eda convertir la keynote en una de las m\u00e1s importantes de los \u00faltimos a\u00f1os: la posible presentaci\u00f3n del primer iPhone plegable.<\/p>\n<p>Las informaciones disponibles apuntan a un dispositivo que podr\u00eda recibir el nombre de iPhone Fold o iPhone Ultra. Su existencia todav\u00eda no ha sido confirmada por Apple, pero su eventual llegada supondr\u00eda la entrada de la compa\u00f1\u00eda en un mercado en el que fabricantes como Samsung y Google ya llevan varias generaciones compitiendo.<\/p>\n<p>El inter\u00e9s no estar\u00eda \u00fanicamente en a\u00f1adir una nueva categor\u00eda al cat\u00e1logo. Un plegable dise\u00f1ado por Apple podr\u00eda impulsar todav\u00eda m\u00e1s este formato si consigue integrarlo en su ecosistema y convencer a usuarios que hasta ahora no hab\u00edan dado el salto.<\/p>\n<p>Por ahora, la \u00fanica certeza es la fecha: el 9 de septiembre. Todo lo dem\u00e1s tendr\u00e1 que superar la frontera entre filtraci\u00f3n y anuncio oficial. @mundiario<\/p>\n","protected":false},"excerpt":{"rendered":"La presentaci\u00f3n tendr\u00e1 lugar el mi\u00e9rcoles 9 de septiembre a las 19:00 horas en Espa\u00f1a peninsular, en el&hellip;\n","protected":false},"author":2,"featured_media":738144,"comment_status":"","ping_status":"","sticky":false,"template":"","format":"standard","meta":{"footnotes":""},"categories":[81],"tags":[2823,119,123,124,25,24,2822,5285,117,121,122,23,118,120],"class_list":["post-738143","post","type-post","status-publish","format-standard","has-post-thumbnail","category-ciencia-y-tecnologia","tag-apple","tag-ciencia","tag-ciencia-y-tecnologia","tag-cienciaytecnologia","tag-es","tag-espana","tag-iphone","tag-novedades","tag-science","tag-science-and-technology","tag-scienceandtechnology","tag-spain","tag-technology","tag-tecnologia"],"share_on_mastodon":{"url":"https:\/\/pubeurope.com\/@es\/117183103061195952","error":""},"_links":{"self":[{"href":"https:\/\/www.europesays.com\/es\/wp-json\/wp\/v2\/posts\/738143","targetHints":{"allow":["GET"]}}],"collection":[{"href":"https:\/\/www.europesays.com\/es\/wp-json\/wp\/v2\/posts"}],"about":[{"href":"https:\/\/www.europesays.com\/es\/wp-json\/wp\/v2\/types\/post"}],"author":[{"embeddable":true,"href":"https:\/\/www.europesays.com\/es\/wp-json\/wp\/v2\/users\/2"}],"replies":[{"embeddable":true,"href":"https:\/\/www.europesays.com\/es\/wp-json\/wp\/v2\/comments?post=738143"}],"version-history":[{"count":0,"href":"https:\/\/www.europesays.com\/es\/wp-json\/wp\/v2\/posts\/738143\/revisions"}],"wp:featuredmedia":[{"embeddable":true,"href":"https:\/\/www.europesays.com\/es\/wp-json\/wp\/v2\/media\/738144"}],"wp:attachment":[{"href":"https:\/\/www.europesays.com\/es\/wp-json\/wp\/v2\/media?parent=738143"}],"wp:term":[{"taxonomy":"category","embeddable":true,"href":"https:\/\/www.europesays.com\/es\/wp-json\/wp\/v2\/categories?post=738143"},{"taxonomy":"post_tag","embeddable":true,"href":"https:\/\/www.europesays.com\/es\/wp-json\/wp\/v2\/tags?post=738143"}],"curies":[{"name":"wp","href":"https:\/\/api.w.org\/{rel}","templated":true}]}}