{"id":738161,"date":"2026-08-30T06:58:08","date_gmt":"2026-08-30T06:58:08","guid":{"rendered":"https:\/\/www.europesays.com\/es\/738161\/"},"modified":"2026-08-30T06:58:08","modified_gmt":"2026-08-30T06:58:08","slug":"el-director-del-museo-reina-sofia-ensalza-las-fotografias-del-cacereno-genin-andrada-sobre-el-vih","status":"publish","type":"post","link":"https:\/\/www.europesays.com\/es\/738161\/","title":{"rendered":"El director del Museo Reina Sof\u00eda ensalza las fotograf\u00edas del cacere\u00f1o Gen\u00edn Andrada sobre el VIH"},"content":{"rendered":"<p style=\"\">\u00abTrabajos como los de<a href=\"https:\/\/www.hoy.es\/caceres\/expuesto-guggenheim-reina-sofia-nunca-caceres-20250209115840-nt.html\" target=\"_self\" data-voc-vtm-id=\"in-text-traffic\" data-mrf-link=\"www.hoy.es\" rel=\"nofollow noopener\"> Gen\u00edn Andrada<\/a>, que retrata a personas seropositivas con sus familias, recuerdan algo fundamental: frente al relato de la muerte,  &#8230; tambi\u00e9n hay vida\u00bb. Son las elogiosas palabras de Manuel Segade, director del Museo Nacional Centro de Arte Reina Sof\u00eda, sobre la obra que el fot\u00f3grafo cacere\u00f1o dedic\u00f3 al VIH. Las piezas pueden verse desde el pasado invierno en la reordenaci\u00f3n del museo y ya forman parte de la colecci\u00f3n permanente de este centro estatal de arte contempor\u00e1neo.<\/p>\n<p class=\"v-d-p\" style=\"\">Se trata de 403 obras de 224 artistas que se visitan de manera circular a trav\u00e9s de tres itinerarios con los que se regresa a los a\u00f1os 70. En esa n\u00f3mina de autores que han dejado huella art\u00edstica y han ayudado a tomar la temperatura social de la \u00faltima mitad de siglo se encuentra este fot\u00f3grafo, que volvi\u00f3 a residir en su ciudad natal en 2021.<\/p>\n<p class=\"v-d-p\" style=\"\"><a href=\"https:\/\/www.hoy.es\/culturas\/coleccion-permanente-caducado-reconoce-nuevo-director-reina-20230613143030-ntrc.html\" target=\"_self\" data-voc-vtm-id=\"in-text-traffic\" data-mrf-link=\"www.hoy.es\" rel=\"nofollow noopener\">Segade<\/a>, historiador del arte y director del museo desde hace tres a\u00f1os, realiz\u00f3 estas declaraciones en EresVIHda, plataforma digital desarrollada por la compa\u00f1\u00eda biofarmac\u00e9utica Gilead Sciences para informar, concienciar y acompa\u00f1ar a personas que viven con el VIH y a su entorno. El director no solo cit\u00f3 al creador extreme\u00f1o, sino que eligi\u00f3 sus tres im\u00e1genes para posar junto a ellas.<\/p>\n<p class=\"v-d-p\" style=\"\">El trabajo de Andrada se ubica en la sala 8, titulada &#8216;\u00bfQu\u00e9 le hace el Sida al arte?&#8217;, un espacio que acoge 15 obras en total, entre las que figuran dos retratos y una foto de familia protagonizados por personas con VIH. \u00abNos interesaba mucho trabajar la idea de lo global y lo local al mismo tiempo. En nuestro caso, quer\u00edamos hablar desde Espa\u00f1a, desde nuestra experiencia concreta, pero en di\u00e1logo con otros contextos. El VIH fue una pandemia global, pero se vivi\u00f3 de formas muy distintas. Ampliamos el relato con piezas in\u00e9ditas que abren nuevas formas de mirar la enfermedad dentro de la propia colecci\u00f3n\u00bb, se\u00f1ala Segade.<\/p>\n<p class=\"v-a-t\">\n\u00abTrabajos como los de Andrada recuerdan algo fundamental: frente al relato de la muerte, tambi\u00e9n hay vida\u00bb\n<\/p>\n<p class=\"v-pst__p\">Manuel Segade<\/p>\n<p class=\"v-pst__j\">Director del Reina Sof\u00eda<\/p>\n<p class=\"v-d-p\" style=\"\">Una de las fotograf\u00edas exhibidas es el retrato de Santiago Rodr\u00edguez, una obra que aborda el VIH desde la humanidad y que se expuso en el Museo de C\u00e1ceres a finales del a\u00f1o pasado. En aquel momento, el autor indic\u00f3 que la imagen transmite \u00abun mensaje de esperanza hacia lo que hoy es, afortunadamente, una enfermedad cr\u00f3nica\u00bb. Esa mirada tan personal lo llev\u00f3 a formar parte del proyecto internacional Pandemic Facing AIDS, impulsado por Naciones Unidas, que durante cinco a\u00f1os llev\u00f3 su trabajo por los cinco continentes y cont\u00f3 en su inauguraci\u00f3n con l\u00edderes como Bill Clinton y Nelson Mandela.<\/p>\n<p class=\"v-d-p\" style=\"\">Gen\u00edn Andrada form\u00f3 parte de la agencia Cover y la cr\u00edtica lo considera uno de los referentes del llamado nuevo documentalismo de los a\u00f1os 90. Sus trabajos se han publicado en grandes cabeceras internacionales como National Geographic, Time, Newsweek, GEO Francia, The New York Times Magazine y El Pa\u00eds Semanal. Ahora se convierte en uno de los creadores elegidos para el nuevo recorrido del Reina Sof\u00eda. Las tres fotograf\u00edas seleccionadas forman parte de su proyecto &#8216;Sida, entre el dolor y la esperanza&#8217;, inaugurado en el museo madrile\u00f1o en 1996.<\/p>\n<p class=\"v-d-p\" style=\"\">Este prol\u00edfico autor, de mente r\u00e1pida y disparo certero, celebr\u00f3 el a\u00f1o pasado el 30.\u00ba aniversario de &#8216;Am\u00e9rica. La Ruta del Nuevo Mundo&#8217;, un proyecto fotogr\u00e1fico basado en los viajes de los conquistadores extreme\u00f1os del siglo XVI (Francisco Pizarro, Hern\u00e1n Cort\u00e9s, Pedro de Alvarado, Francisco de Orellana, Vasco N\u00fa\u00f1ez de Balboa y el segundo viaje de Col\u00f3n) cuya repercusi\u00f3n fue internacional.<\/p>\n<p class=\"v-d-p\" style=\"\">\u00abLo public\u00f3 The New York Times Magazine. En Espa\u00f1a, El Pa\u00eds Semanal le dedic\u00f3 seis entregas sobre los seis conquistadores; en Italia, Yo Dona hizo lo propio y, en Francia, la revista GEO. Se public\u00f3 en grandes cabeceras de 12 pa\u00edses\u00bb, recordaba el autor en una entrevista concedida a este diario con motivo de la efem\u00e9ride.<\/p>\n","protected":false},"excerpt":{"rendered":"\u00abTrabajos como los de Gen\u00edn Andrada, que retrata a personas seropositivas con sus familias, recuerdan algo fundamental: frente&hellip;\n","protected":false},"author":2,"featured_media":738162,"comment_status":"","ping_status":"","sticky":false,"template":"","format":"standard","meta":{"footnotes":""},"categories":[173],"tags":[44092,229,233,231,230,46476,232,411,234,10385,146,147,25,24,8420,86522,470,10717,57,11647,23,6877],"class_list":["post-738161","post","type-post","status-publish","format-standard","has-post-thumbnail","category-arte-y-diseno","tag-andrada","tag-arte","tag-arte-y-diseno","tag-arts","tag-arts-and-design","tag-cacereno","tag-design","tag-director","tag-diseno","tag-ensalza","tag-entertainment","tag-entretenimiento","tag-es","tag-espana","tag-fotografias","tag-genin","tag-museo","tag-reina","tag-sobre","tag-sofia","tag-spain","tag-vih"],"share_on_mastodon":{"url":"https:\/\/pubeurope.com\/@es\/117183165368038806","error":""},"_links":{"self":[{"href":"https:\/\/www.europesays.com\/es\/wp-json\/wp\/v2\/posts\/738161","targetHints":{"allow":["GET"]}}],"collection":[{"href":"https:\/\/www.europesays.com\/es\/wp-json\/wp\/v2\/posts"}],"about":[{"href":"https:\/\/www.europesays.com\/es\/wp-json\/wp\/v2\/types\/post"}],"author":[{"embeddable":true,"href":"https:\/\/www.europesays.com\/es\/wp-json\/wp\/v2\/users\/2"}],"replies":[{"embeddable":true,"href":"https:\/\/www.europesays.com\/es\/wp-json\/wp\/v2\/comments?post=738161"}],"version-history":[{"count":0,"href":"https:\/\/www.europesays.com\/es\/wp-json\/wp\/v2\/posts\/738161\/revisions"}],"wp:featuredmedia":[{"embeddable":true,"href":"https:\/\/www.europesays.com\/es\/wp-json\/wp\/v2\/media\/738162"}],"wp:attachment":[{"href":"https:\/\/www.europesays.com\/es\/wp-json\/wp\/v2\/media?parent=738161"}],"wp:term":[{"taxonomy":"category","embeddable":true,"href":"https:\/\/www.europesays.com\/es\/wp-json\/wp\/v2\/categories?post=738161"},{"taxonomy":"post_tag","embeddable":true,"href":"https:\/\/www.europesays.com\/es\/wp-json\/wp\/v2\/tags?post=738161"}],"curies":[{"name":"wp","href":"https:\/\/api.w.org\/{rel}","templated":true}]}}