{"id":738173,"date":"2026-08-30T07:07:31","date_gmt":"2026-08-30T07:07:31","guid":{"rendered":"https:\/\/www.europesays.com\/es\/738173\/"},"modified":"2026-08-30T07:07:31","modified_gmt":"2026-08-30T07:07:31","slug":"del-fular-como-capa-al-infalible-layering-asi-consigue-sassa-de-osma-tener-estilazo-tambien-en-entretiempo","status":"publish","type":"post","link":"https:\/\/www.europesays.com\/es\/738173\/","title":{"rendered":"Del fular como capa al infalible &#8216;layering&#8217;: as\u00ed consigue Sassa de Osma tener estilazo tambi\u00e9n en entretiempo"},"content":{"rendered":"<p class=\"\" id=\"e443zJhxQBzv\" data-wc=\"131\">Cada a\u00f1o, el entretiempo trae consigo unos cuantos dilemas de estilo; algunos, con f\u00e1cil soluci\u00f3n, pero otros son un poco m\u00e1s complicados y, para resolverlos, recurrimos a la opini\u00f3n experta de las que mejor visten en nuestro pa\u00eds, un selecto club al que pertenece <strong>Sassa de Osma<\/strong>. El oto\u00f1o pasado, por ejemplo, la princesa de Hannover nos ense\u00f1\u00f3 a <a class=\"hm-link ho-link\" href=\"https:\/\/www.hola.com\/fashion\/20251216873104\/jersey-con-bufanda-truco-elegante-sassa-de-osma\/\" data-mrf-recirculation=\"article-body-link\" rel=\"nofollow noopener\" target=\"_blank\">renovar nuestros jers\u00e9is b\u00e1sicos incorporando uno del mismo color alrededor del cuello<\/a> mientras nos rehus\u00e1bamos a ponernos las chaquetas que confirmaban el adi\u00f3s definitivo a la temporada m\u00e1s c\u00e1lida. Para que el regreso al trabajo y el cambio de tiempo se nos hagan m\u00e1s llevaderos, repasamos los trucos que la dise\u00f1adora y abogada aplica llegado el mes de septiembre para <strong>vestir bien (y con un estilo propio y original) sin pasar fr\u00edo<\/strong>.<\/p>\n<p>Te recomendamosSeguir leyendo<br \/>\n <img src=\"https:\/\/www.europesays.com\/es\/wp-content\/uploads\/2026\/08\/e76e43f8cc81-682997560185903084560445947373986740085257967n.jpg\"   width=\"768\" height=\"1024\" loading=\"lazy\" decoding=\"async\" alt=\"sassadeo\" fetchpriority=\"auto\" class=\"image ho-image\"\/>\u00a9 sassadeo<br \/>\nVestir a capas o &#8216;layering&#8217;<\/p>\n<p id=\"eNPSzh1gCb\" data-wc=\"65\">Se comenta en los c\u00edrculos de moda que puedes <strong>llevar cualquier prenda estrella de tu armario (incluso en invierno)<\/strong> si aplicas la misma f\u00f3rmula con dos o tres m\u00e1s. Un vestido, un chaleco, una americana&#8230; no hay mandamientos en <strong>el arte del\u00a0layering<\/strong>, que consiste en <strong>sumar varias capas de ropa<\/strong> para protegerte del fr\u00edo o, simplemente, para lucir al mismo tiempo tus piezas favoritas.\u00a0<\/p>\n<p id=\"e0xy2N6w2FY\" data-wc=\"47\">Una gabardina corta, un chaleco un c\u00e1rdigan fino, los mismos pantalones de traje&#8230; Sassa aprendi\u00f3 en su m\u00e1s reciente viaje a \u00c1frica que los d\u00edas en que suben y bajan los term\u00f3metros de manera imprevisible, lo ideal es prevenir con un look de varias capas de ropa.<\/p>\n<p> <img src=\"https:\/\/www.europesays.com\/es\/wp-content\/uploads\/2026\/08\/7908c91a012b-684683206185913080530445943285917215512512643n.jpg\"   width=\"768\" height=\"1024\" loading=\"lazy\" decoding=\"async\" alt=\"sassadeo\" fetchpriority=\"auto\" class=\"image ho-image\"\/>\u00a9 sassadeo<br \/>\nDos jers\u00e9is id\u00e9nticos, pero uno de ellos puesto sobre los hombros<\/p>\n<p id=\"ee74Yh7CUmu\" data-wc=\"61\">Dando una nueva vida a los jers\u00e9is b\u00e1sicos que ocupan el fondo de armario, esta prenda <strong>se lleva tambi\u00e9n sobre los hombros<\/strong>, anudada de manera informal y en algunos casos <strong>haciendo las veces de bufanda<\/strong>. Pero, \u00bfqu\u00e9 pasar\u00eda si, en lugar de ponerte un jersey cada d\u00eda, combinases dos id\u00e9nticos? Esa es la pregunta que se ha hecho <strong>Sassa de Osma.<\/strong><\/p>\n<p> <img src=\"https:\/\/www.europesays.com\/es\/wp-content\/uploads\/2026\/08\/fef82b11a11d-810405755736-574226524185438158150445948396095009519053774n.jpg\"   width=\"768\" height=\"1024\" loading=\"lazy\" decoding=\"async\" alt=\"Consigo ahorrar m\u00e1s en ropa durante el invierno desde que comenc\u00e9 a llevar mis jers\u00e9is sobre los hombros\" fetchpriority=\"auto\" class=\"image ho-image\"\/>\u00a9 sassadeo<\/p>\n<p id=\"eDmTy1qzbCUl\" data-wc=\"104\">En principio, puede que la propuesta no tenga mucho sentido, pero la mujer de Christian de Hannover ha decidido pasar la teor\u00eda a la pr\u00e1ctica para mostrarte c\u00f3mo funciona: mientras que <a class=\"hm-link ho-link\" href=\"https:\/\/www.hola.com\/fashion\/20251106866055\/dos-jerseis-truco-elegante-sassa-de-osma\/\" data-mrf-recirculation=\"article-body-link\" rel=\"nofollow noopener\" target=\"_blank\">lleva uno de los dos jers\u00e9is puesto como parte superior del look<\/a>, el otro cae sobre los hombros y se ata sobre el pecho, haciendo de bufanda y, a la vez, de accesorio, porque aporta algo de relieve y un punto divertido a esta prenda minimalista. Al utilizar, en su lugar, dos jers\u00e9is id\u00e9nticos, uno sobre el otro, es <strong data-gid=\"eWKbTPTcCsi\">reinventar la propia prenda, haci\u00e9ndola mucho m\u00e1s interesante<\/strong>, pues pareciera que son una sola.<\/p>\n<p> <img src=\"https:\/\/www.europesays.com\/es\/wp-content\/uploads\/2026\/08\/928dea75d03d-573304489185438157940445944040294923236229229n.jpg\"   width=\"768\" height=\"1024\" loading=\"lazy\" decoding=\"async\" alt=\"Si compras b\u00e1sicos por duplicado, Sassa de Osma tiene la manera m\u00e1s elegante de llevarlos a la vez\" fetchpriority=\"auto\" class=\"image ho-image\"\/>\u00a9 sassadeo<\/p>\n<p id=\"eJJXd6oLdw\" data-wc=\"48\">Su af\u00e1n por burlar los l\u00edmites tradicionalmente impuestos a la indumentaria nos ha llevado hasta aqu\u00ed: el \u00faltimo invento de la dise\u00f1adora consiste en <strong>coger una bufanda o un fular de punto al tono con su jersey<\/strong> para obtener en solo segundos un top completamente nuevo y diferenciado.<\/p>\n<p> <img src=\"https:\/\/www.europesays.com\/es\/wp-content\/uploads\/2026\/08\/8a85a300e544-587275289185514731800445944526092384611467399n.jpg\"   width=\"768\" height=\"1024\" loading=\"lazy\" decoding=\"async\" alt=\"Bufanda o capa: Sassa de Osma transforma su look de b\u00e1sicos en segundos\" fetchpriority=\"auto\" class=\"image ho-image\"\/>\u00a9 sassadeo<br \/>\nFormas de transformar tu fular en un top elegante<\/p>\n<ul data-wc=\"120\" id=\"ul-4mtfgv26e\">\n<li><strong>Bufanda a modo de capa con nudo:\u00a0<\/strong>envuelve la bufanda alrededor del escote y ci\u00e9rrala con una lazada o un nudo sutil, que puedes llevar en la parte frontal, como hace Sassa, o hacia la espalda.<\/li>\n<li><strong>Bufanda con un broche:\u00a0<\/strong>Alejandra de Hannover, cu\u00f1ada de Sassa, adora este truco f\u00e1cil para elevar inmediatamente todos los looks de invierno utilizando este accesorio vintage, que reemplaza en este caso a la lazada del ejemplo anterior.<\/li>\n<li><strong>Bufanda como lazo al cuello de tu jersey:<\/strong> solo funciona con bufanda de punto fin\u00edsimo, similar a la que ha elegido Sassa para este look, y si bien no te protege tanto del fr\u00edo como las dos primeras opciones, convierte tu jersey b\u00e1sico en uno muy especial y femenino.\u00a0<\/li>\n<\/ul>\n<p> <img src=\"https:\/\/www.europesays.com\/es\/wp-content\/uploads\/2026\/08\/f95c5468410c-587311115185514731980445948743386466766587308n.jpg\"   width=\"768\" height=\"1024\" loading=\"lazy\" decoding=\"async\" alt=\"Bufanda o capa: Sassa de Osma transforma su look de b\u00e1sicos en segundos\" fetchpriority=\"auto\" class=\"image ho-image\"\/>\u00a9 sassadeo<\/p>\n<p id=\"eqvzJ29wgsX\" data-wc=\"68\">Los fulares y los ponchos son, precisamente, los grandes aliados de la dise\u00f1adora y abogada peruana cuando comienzan a bajar las temperaturas, y parte de ello se debe a su ascendencia andina. All\u00ed, es com\u00fan que la gente se proteja del viento y las lluvias utilizando estos mantones de vicu\u00f1a, de ah\u00ed que con frecuencia Sassa los incorpore a sus looks, combin\u00e1ndolos con las tendencias de la temporada.\u00a0<\/p>\n<p> <img src=\"https:\/\/www.europesays.com\/es\/wp-content\/uploads\/2026\/08\/3838a0b54460-65618808618582394966044594926017387362105702n.jpg\"   width=\"768\" height=\"1024\" loading=\"lazy\" decoding=\"async\" alt=\"El truco de Sassa de Osma para esos d\u00edas de primavera en los que no quieres llevar chaqueta\" fetchpriority=\"auto\" class=\"image ho-image\"\/>\u00a9 sassadeo<\/p>\n<p id=\"eH_NUiDswbS\" data-wc=\"84\">Puede que en algunas partes de Espa\u00f1a sea <a class=\"hm-link ho-link\" href=\"https:\/\/www.hola.com\/moda\/20260406893794\/sassa-de-osma-truco-para-no-pasar-frio-primavera-sin-cazadora\/\" data-mrf-recirculation=\"article-body-link\" rel=\"nofollow noopener\" target=\"_blank\">demasiado pronto para pasar a la cazadora de piel<\/a>, as\u00ed que esta alternativa m\u00e1s ligera nos viene como anillo al dedo. Y no necesariamente debe ser del mismo color que tu top, pues un estampado interesante o contraste crom\u00e1tico complementario tambi\u00e9n podr\u00eda darle a tu look ese toque estiloso que te sacar\u00e1 de apuros durante el mes de septiembre. Sin complicaciones: <strong>solo una camiseta b\u00e1sica de punto neutro con un fular encima a modo de capa<\/strong>.<\/p>\n<p> <img src=\"https:\/\/www.europesays.com\/es\/wp-content\/uploads\/2026\/08\/4596260c8a4e-654585863185823949330445941721423326988835108n.jpg\"   width=\"768\" height=\"1024\" loading=\"lazy\" decoding=\"async\" alt=\"El truco de Sassa de Osma para esos d\u00edas de primavera en los que no quieres llevar chaqueta\" fetchpriority=\"auto\" class=\"image ho-image\"\/>\u00a9 sassadeo<br \/>\nEl m\u00e9todo &#8216;CTS&#8217;: combina color, forma y textura<\/p>\n<p id=\"eDGh9fVzZXk\" data-wc=\"71\">Seg\u00fan esta regla popular que se ha hecho viral en redes sociales, \u00absi un atuendo no es interesante por el color, debe serlo por su forma o textura\u00bb. Se le conoce como <a class=\"hm-link ho-link\" href=\"https:\/\/www.hola.com\/moda\/20260224885563\/metodo-cts-sassa-de-osma-looks-basicos\/\" data-mrf-recirculation=\"article-body-link\" rel=\"nofollow noopener\" target=\"_blank\">\u00abCST\u00bb (por las variables \u00abColor, Forma, Textura\u00bb)<\/a> y plantea que, por elegante que sea un conjunto de traje negro, lo que de verdad hace que cualquier look se considere estiloso es que sea capaz de generar intriga e inter\u00e9s.\u00a0<\/p>\n<p> <img src=\"https:\/\/www.europesays.com\/es\/wp-content\/uploads\/2026\/08\/77a694159337-627540923185660725660445945698012749897844345n.jpg\"   width=\"768\" height=\"1024\" loading=\"lazy\" decoding=\"async\" alt=\"Las minimalistas aplicamos este truco de Sassa de Osma para que nuestros looks de neutros sean m\u00e1s interesantes\" fetchpriority=\"auto\" class=\"image ho-image\"\/>\u00a9 sassadeo<\/p>\n<p id=\"eQZ2UDyj6nn\" data-wc=\"48\">Siguiendo esta t\u00e9cnica, la princesa de Hannover eligi\u00f3 <strong>tres piezas insignia del\u00a0<\/strong><a class=\"hm-link ho-link\" href=\"https:\/\/www.hola.com\/moda\/20260826919876\/zara-faldas-midi-especiales-con-botas-otono-invierno\/\" data-mrf-recirculation=\"article-body-link\" rel=\"nofollow noopener\" target=\"_blank\">armario Oto\u00f1o\/Invierno<\/a>: una chaqueta de ante marr\u00f3n, <a class=\"hm-link ho-link\" href=\"https:\/\/www.hola.com\/moda\/20260220884625\/vaqueros-oscuros-que-estilizan-zara-mango\/\" data-mrf-recirculation=\"article-body-link\" rel=\"nofollow noopener\" target=\"_blank\">un vaquero\u00a0wide leg de lavado oscuro<\/a>, y un bolso de piel en las tonalidades de tendencia, que en esta oportunidad ser\u00eda un verde oliva muy sofisticado y sobrio.\u00a0<\/p>\n","protected":false},"excerpt":{"rendered":"Cada a\u00f1o, el entretiempo trae consigo unos cuantos dilemas de estilo; algunos, con f\u00e1cil soluci\u00f3n, pero otros son&hellip;\n","protected":false},"author":2,"featured_media":738174,"comment_status":"","ping_status":"","sticky":false,"template":"","format":"standard","meta":{"footnotes":""},"categories":[91],"tags":[253,146,147,25,24,1023,338,44228,23,2922,48187],"class_list":["post-738173","post","type-post","status-publish","format-standard","has-post-thumbnail","category-entretenimiento","tag-discover","tag-entertainment","tag-entretenimiento","tag-es","tag-espana","tag-moda","tag-portada","tag-sassa-de-osma","tag-spain","tag-tendencias","tag-tendencias-otono-invierno"],"share_on_mastodon":{"url":"https:\/\/pubeurope.com\/@es\/117183202505205232","error":""},"_links":{"self":[{"href":"https:\/\/www.europesays.com\/es\/wp-json\/wp\/v2\/posts\/738173","targetHints":{"allow":["GET"]}}],"collection":[{"href":"https:\/\/www.europesays.com\/es\/wp-json\/wp\/v2\/posts"}],"about":[{"href":"https:\/\/www.europesays.com\/es\/wp-json\/wp\/v2\/types\/post"}],"author":[{"embeddable":true,"href":"https:\/\/www.europesays.com\/es\/wp-json\/wp\/v2\/users\/2"}],"replies":[{"embeddable":true,"href":"https:\/\/www.europesays.com\/es\/wp-json\/wp\/v2\/comments?post=738173"}],"version-history":[{"count":0,"href":"https:\/\/www.europesays.com\/es\/wp-json\/wp\/v2\/posts\/738173\/revisions"}],"wp:featuredmedia":[{"embeddable":true,"href":"https:\/\/www.europesays.com\/es\/wp-json\/wp\/v2\/media\/738174"}],"wp:attachment":[{"href":"https:\/\/www.europesays.com\/es\/wp-json\/wp\/v2\/media?parent=738173"}],"wp:term":[{"taxonomy":"category","embeddable":true,"href":"https:\/\/www.europesays.com\/es\/wp-json\/wp\/v2\/categories?post=738173"},{"taxonomy":"post_tag","embeddable":true,"href":"https:\/\/www.europesays.com\/es\/wp-json\/wp\/v2\/tags?post=738173"}],"curies":[{"name":"wp","href":"https:\/\/api.w.org\/{rel}","templated":true}]}}