{"id":738193,"date":"2026-08-30T07:23:08","date_gmt":"2026-08-30T07:23:08","guid":{"rendered":"https:\/\/www.europesays.com\/es\/738193\/"},"modified":"2026-08-30T07:23:08","modified_gmt":"2026-08-30T07:23:08","slug":"un-faro-ilumina-el-camino-en-la-tempestad-por-eso-los-pinto","status":"publish","type":"post","link":"https:\/\/www.europesays.com\/es\/738193\/","title":{"rendered":"\u00abUn faro ilumina el camino en la tempestad, por eso los pinto\u00bb"},"content":{"rendered":"<p style=\"\">A Mar\u00eda Alcaraz la conoc\u00ed en el autob\u00fas, en la l\u00ednea 17, desde Amara hasta Gros. Entre tanto viajero agazapado, pendientes solo del brillo de  &#8230; sus pantallas, ella prefiri\u00f3 preguntar por su parada en voz alta. As\u00ed naci\u00f3 un encuentro que deriv\u00f3 en una conversaci\u00f3n de la que sali\u00f3 una historia, la suya, que merece ser contada. Hay vidas que funcionan exactamente igual que un faro, que emiten un singular destello que resulta imposible pasar de largo. Periodista de oficio, pintora por \u00abestricta necesidad\u00bb, Alcaraz, malague\u00f1a de 46 a\u00f1os, lleva desde hace seis a\u00f1os recorriendo la costa espa\u00f1ola para pintar &#8216;in situ&#8217; en acuarela todos los faros del pa\u00eds. Estos d\u00edas ha desembarcado aqu\u00ed para sumar nuevas se\u00f1ales mar\u00edtimas a su cuaderno.<\/p>\n<p class=\"v-d-p\" style=\"\"><strong>\u2013 Este es ya su segundo \u00e1lbum. <\/strong><\/p>\n<p class=\"v-d-p\" style=\"\">\u2013 Eso es (lo muestra).<\/p>\n<p class=\"v-d-p\" style=\"\"><strong>\u2013 \u00bfPor qu\u00e9 algunos desprenden toques amarillos? <\/strong><\/p>\n<p class=\"v-d-p\" style=\"\">\u2013 Eso quiere decir que los faros est\u00e1n encendidos.<\/p>\n<p class=\"v-d-p\" style=\"\"><strong>\u2013 El mar figura en su genealog\u00eda familiar, pero este proyecto surge en un momento de penumbra. <\/strong><\/p>\n<p class=\"v-d-p\" style=\"\">\u2013 Mi hermano estudi\u00f3 oceanograf\u00eda, mi abuelo paterno era pescador de alta mar y el materno fue portero en el edificio frente a la Farola de M\u00e1laga. Uno de mis mejores recuerdos de cuando era peque\u00f1a era estar en esa \u00faltima planta, abrir la ventana y divisar el destello de ese faro. Aprend\u00ed a nadar antes que a andar&#8230; Con eso te lo digo todo (risas).<\/p>\n<p class=\"v-d-p\" style=\"\"><strong>\u2013 \u00bfEl primer esbozo fue entonces? <\/strong><\/p>\n<p class=\"v-d-p\" style=\"\">\u2013 La chispa definitiva salt\u00f3 en 2019, cuando sufr\u00ed una rotura de ligamento cruzado y me enfrent\u00e9 al dolor f\u00edsico m\u00e1s agudo de mi vida. Mis padres hab\u00edan fallecido y me encontraba completamente sola. No hallaba la forma de gestionarlo. Para intentar canalizarlo retom\u00e9 los pinceles y lo primero que hice fue un faro.<\/p>\n<p class=\"v-d-p\" style=\"\"><strong>\u2013 \u00bfPor qu\u00e9 un faro? <\/strong><\/p>\n<p class=\"v-d-p\" style=\"\">\u2013 Digamos que asoci\u00e9 la idea po\u00e9tica de que un faro ilumina el camino de regreso a casa en mitad de la tempestad y luego estaba mi propia urgencia, la de encontrar una salida a la oscuridad. Lleg\u00f3 la pandemia poco despu\u00e9s y, en mitad de ese encierro y la sobreinformaci\u00f3n, me hice a m\u00ed misma la promesa de que, en cuanto abriesen las puertas, me iba a ir a pintar todos los faros de Espa\u00f1a.<\/p>\n<p class=\"v-d-p\" style=\"\"><strong>\u2013 Curioso, teniendo en cuenta que los faros por dentro no le gustan&#8230; <\/strong><\/p>\n<p class=\"v-d-p\" style=\"\">\u2013 Es que no me siento c\u00f3moda cuando entro en un faro. Lo s\u00e9, es una sensaci\u00f3n rara&#8230; Prefiero pintarlos desde fuera.<\/p>\n<p class=\"v-d-p\" style=\"\"><strong>\u2013 \u00bfExiste un plan trazado o se deja llevar? <\/strong><\/p>\n<p class=\"v-d-p\" style=\"\">\u2013 Voy fluyendo seg\u00fan lo que me pida el cuerpo o la intuici\u00f3n. Los de aqu\u00ed me atraen especialmente, igual que los de las islas Canarias o las Baleares, mientras que los valencianos o los andaluces, siendo yo andaluza, no los tengo tan representados. La costa es inmensa y este viaje me ha servido para constatar la dimensi\u00f3n espectacular de nuestro litoral. Antes era muy dada a cruzar el planeta e irme a Bali, pero he descubierto que aqu\u00ed al lado tenemos una franja costera imponente que a menudo ignoramos.<\/p>\n<p class=\"v-d-p\" style=\"\"><strong>\u2013 \u00bfSu traves\u00eda le ha permitido analizar el estado en el que se encuentran las se\u00f1ales mar\u00edtimas? <\/strong><\/p>\n<p class=\"v-d-p\" style=\"\">\u2013 Hemos permitido un deterioro alarmante que me produce una enorme tristeza. Basta cruzar al Pa\u00eds Vasco franc\u00e9s, a diez minutos en coche, para comprobar c\u00f3mo sus tres faros est\u00e1n impecables, ajardinados y abiertos a la ciudadan\u00eda.<\/p>\n<p class=\"v-a-p-t\">\nModo de pintar\n<\/p>\n<p class=\"v-a-t\">\n\u00abLlego, me siento a una distancia con perspectiva y en media hora el faro pintado a acuarela ya est\u00e1 terminado\u00bb\n<\/p>\n<p class=\"v-a-p-t\">\nVisita a Gipuzkoa\n<\/p>\n<p class=\"v-a-t\">\n\u00abEl Norte me transmite much\u00edsima paz, cada vez que he atravesado una separaci\u00f3n sentimental, me he refugiado aqu\u00ed\u00bb\n<\/p>\n<p class=\"v-d-p\" style=\"\"><strong>\u2013 Expl\u00edqueme el ritual entonces: usted encuentra el faro y&#8230; <\/strong><\/p>\n<p class=\"v-d-p\" style=\"\">\u2013 Llego al lugar, me siento en el suelo con las acuarelas a una distancia que me permita guardar perspectiva y en media hora como m\u00e1ximo la ilustraci\u00f3n est\u00e1 terminada.<\/p>\n<p class=\"v-d-p\" style=\"\"><strong>\u2013 \u00bfY no le valdr\u00eda trabajar a partir de una foto? <\/strong><\/p>\n<p class=\"v-d-p\" style=\"\">\u2013 No, porque pierde el sentido de la aventura. Todo se pinta in situ y el tono del cielo tiene que ser el del momento exacto. Puedo hacer encargos por foto, pero la traves\u00eda de los faros s\u00ed o s\u00ed tiene que darse en vivo.<\/p>\n<p class=\"v-d-p\" style=\"\"><strong>\u2013 Su cuaderno es entonces un alegato al momento, al ahora. <\/strong><\/p>\n<p class=\"v-d-p\" style=\"\">\u2013 Detenerse a pintar en la calle te devuelve una forma de viajar que hemos arrinconado. Estar una hora en un punto te permite observar c\u00f3mo respira el entorno y propicia que la gente se acerque a entablar conversaci\u00f3n. En Bermeo, un vecino se sent\u00f3 a mi lado y me cont\u00f3 la historia del pueblo mientras yo pintaba. \u00daltimamente nos hemos deslizado a un individualismo est\u00e9ril. El cuaderno obliga a desacelerar, a mirar de frente y a recuperar el contacto directo.<\/p>\n<p class=\"v-d-p\" style=\"\"><strong>\u2013 \u00bfY qu\u00e9 le espera a todas estas l\u00e1minas cuando cierre la libreta? <\/strong><\/p>\n<p class=\"v-d-p\" style=\"\">\u2013 Me gustar\u00eda hacer una exposici\u00f3n y, m\u00e1s adelante, publicarlo todo en un libro. Quien quiera seguir la ruta o ver las l\u00e1minas puede hacerlo tambi\u00e9n a trav\u00e9s de vagalumeartandtravel.com.<\/p>\n<p class=\"v-d-p\" style=\"\"><strong>\u2013 \u00bfQu\u00e9 espacio ocupa la costa del Norte en su cartograf\u00eda personal? <\/strong><\/p>\n<p class=\"v-d-p\" style=\"\">\u2013 Me transmite mucha paz. Lo pensaba el otro d\u00eda: cada vez que he atravesado un punto de inflexi\u00f3n o una separaci\u00f3n sentimental, he terminado buscando refugio aqu\u00ed. Es mi territorio seguro. Pasear por aqu\u00ed estos d\u00edas y pintar me ha devuelto el equilibrio. Vuelvo a casa con el cuaderno repleto de trazos y la sensaci\u00f3n de haber reparado algo por dentro.<\/p>\n","protected":false},"excerpt":{"rendered":"A Mar\u00eda Alcaraz la conoc\u00ed en el autob\u00fas, en la l\u00ednea 17, desde Amara hasta Gros. Entre tanto&hellip;\n","protected":false},"author":2,"featured_media":738194,"comment_status":"","ping_status":"","sticky":false,"template":"","format":"standard","meta":{"footnotes":""},"categories":[173],"tags":[61303,4736,229,233,231,230,232,234,146,147,25,24,17184,1932,503,23],"class_list":["post-738193","post","type-post","status-publish","format-standard","has-post-thumbnail","category-arte-y-diseno","tag-acuarela","tag-alcaraz","tag-arte","tag-arte-y-diseno","tag-arts","tag-arts-and-design","tag-design","tag-diseno","tag-entertainment","tag-entretenimiento","tag-es","tag-espana","tag-faro","tag-maria","tag-pintura","tag-spain"],"share_on_mastodon":{"url":"","error":""},"_links":{"self":[{"href":"https:\/\/www.europesays.com\/es\/wp-json\/wp\/v2\/posts\/738193","targetHints":{"allow":["GET"]}}],"collection":[{"href":"https:\/\/www.europesays.com\/es\/wp-json\/wp\/v2\/posts"}],"about":[{"href":"https:\/\/www.europesays.com\/es\/wp-json\/wp\/v2\/types\/post"}],"author":[{"embeddable":true,"href":"https:\/\/www.europesays.com\/es\/wp-json\/wp\/v2\/users\/2"}],"replies":[{"embeddable":true,"href":"https:\/\/www.europesays.com\/es\/wp-json\/wp\/v2\/comments?post=738193"}],"version-history":[{"count":0,"href":"https:\/\/www.europesays.com\/es\/wp-json\/wp\/v2\/posts\/738193\/revisions"}],"wp:featuredmedia":[{"embeddable":true,"href":"https:\/\/www.europesays.com\/es\/wp-json\/wp\/v2\/media\/738194"}],"wp:attachment":[{"href":"https:\/\/www.europesays.com\/es\/wp-json\/wp\/v2\/media?parent=738193"}],"wp:term":[{"taxonomy":"category","embeddable":true,"href":"https:\/\/www.europesays.com\/es\/wp-json\/wp\/v2\/categories?post=738193"},{"taxonomy":"post_tag","embeddable":true,"href":"https:\/\/www.europesays.com\/es\/wp-json\/wp\/v2\/tags?post=738193"}],"curies":[{"name":"wp","href":"https:\/\/api.w.org\/{rel}","templated":true}]}}