{"id":738233,"date":"2026-08-30T07:54:35","date_gmt":"2026-08-30T07:54:35","guid":{"rendered":"https:\/\/www.europesays.com\/es\/738233\/"},"modified":"2026-08-30T07:54:35","modified_gmt":"2026-08-30T07:54:35","slug":"las-mejores-ofertas-de-la-semana","status":"publish","type":"post","link":"https:\/\/www.europesays.com\/es\/738233\/","title":{"rendered":"Las mejores ofertas de la semana"},"content":{"rendered":"<p>Nos vamos de compras como cada viernes para aprovechar las mejores ofertas Red Friday, una selecci\u00f3n variada de tecnolog\u00eda y electr\u00f3nica donde te ofrecemos los mejores descuentos disponibles y que hoy enfocamos a la <a href=\"https:\/\/www.awin1.com\/cread.php?awinmid=20982&amp;awinaffid=792805&amp;clickref=&amp;ued=https:\/\/www.pccomponentes.com\/campanas\/vuelta-al-cole\" target=\"_blank\" rel=\"noopener nofollow\"><strong>campa\u00f1a de Vuelta al cole 2026<\/strong><\/a> que ha puesto en marcha nuestro minorista de cabecera PcComponentes.\n<\/p>\n<p><strong>Y te recomendamos atenderlas\u2026<\/strong> Ya sabes c\u00f3mo est\u00e1 (de mal) el mercado tecnol\u00f3gico. Y peor que se va a poner. El 1 de septiembre es la fecha elegida por muchos proveedores para actualizar cat\u00e1logo y subida de precios en procesadores, gr\u00e1ficas, placas base\u2026 <a href=\"https:\/\/www.muycomputer.com\/2026\/08\/24\/guia-gaming-mc-2026-todo-lo-que-debes-saber-para-sobrevivir-a-la-crisis-de-la-memoria\/\" target=\"_blank\" rel=\"noopener nofollow\">M\u00e1s el disparate de las SSD y los m\u00f3dulos de RAM<\/a>. Realmente, de todo esto no hay oferta alguna y la apuesta debe ser por PCs ya configurados (mucho m\u00e1s baratos que montarlos por separado) y el resto de producto con menor incidencia de las memorias, monitores, televisores, perif\u00e9ricos y accesorios donde s\u00ed vemos muy buenas ofertas.\n<\/p>\n<p>Ordenadores personales<\/p>\n<p>M\u00f3viles, tablets y wearables<\/p>\n<p><a href=\"https:\/\/www.awin1.com\/cread.php?awinmid=20982&amp;awinaffid=792805&amp;clickref=&amp;ued=https:\/\/www.pccomponentes.com\/campanas\/vuelta-al-cole\" rel=\"nofollow noopener\" target=\"_blank\"><img loading=\"lazy\" decoding=\"async\" class=\"aligncenter wp-image-404180 size-full\" src=\"https:\/\/www.europesays.com\/es\/wp-content\/uploads\/2026\/08\/Ofertas-1.jpg\" alt=\"\" width=\"541\" height=\"348\"  \/><\/a>\n<\/p>\n<p>Perif\u00e9ricos y accesorios<\/p>\n<p>Monitores y televisores<\/p>\n<p>Puedes encontrar estas ofertas y much\u00edsimas m\u00e1s en <strong>nuestro minorista de cabecera<\/strong>:\n<\/p>\n<p><a href=\"https:\/\/www.awin1.com\/cread.php?awinmid=20982&amp;awinaffid=792805&amp;clickref=&amp;ued=https:\/\/www.pccomponentes.com\/campanas\/vuelta-al-cole\" rel=\"nofollow noopener\" target=\"_blank\"><img loading=\"lazy\" decoding=\"async\" class=\"aligncenter wp-image-310787 size-full\" src=\"https:\/\/www.europesays.com\/es\/wp-content\/uploads\/2026\/08\/Afiliacion-boton-pccom-grande.jpg\" alt=\"\" width=\"440\" height=\"50\"\/><\/a>\n<\/p>\n<p><strong>Nota<\/strong>: Esta selecci\u00f3n contiene algunos enlaces de nuestros afiliados, pero ninguno de los productos incluidos han sido propuestos o recomendados por ellos o sus fabricantes, sino elegidos seg\u00fan nuestro propio criterio.<\/p>\n","protected":false},"excerpt":{"rendered":"Nos vamos de compras como cada viernes para aprovechar las mejores ofertas Red Friday, una selecci\u00f3n variada de&hellip;\n","protected":false},"author":2,"featured_media":738234,"comment_status":"","ping_status":"","sticky":false,"template":"","format":"standard","meta":{"footnotes":""},"categories":[81],"tags":[119,123,124,4593,13044,25,24,10037,31805,8108,117,121,122,23,118,120],"class_list":["post-738233","post","type-post","status-publish","format-standard","has-post-thumbnail","category-ciencia-y-tecnologia","tag-ciencia","tag-ciencia-y-tecnologia","tag-cienciaytecnologia","tag-compras","tag-descuentos","tag-es","tag-espana","tag-ofertas","tag-pccomponentes","tag-rebajas","tag-science","tag-science-and-technology","tag-scienceandtechnology","tag-spain","tag-technology","tag-tecnologia"],"share_on_mastodon":{"url":"https:\/\/pubeurope.com\/@es\/117183387248116301","error":""},"_links":{"self":[{"href":"https:\/\/www.europesays.com\/es\/wp-json\/wp\/v2\/posts\/738233","targetHints":{"allow":["GET"]}}],"collection":[{"href":"https:\/\/www.europesays.com\/es\/wp-json\/wp\/v2\/posts"}],"about":[{"href":"https:\/\/www.europesays.com\/es\/wp-json\/wp\/v2\/types\/post"}],"author":[{"embeddable":true,"href":"https:\/\/www.europesays.com\/es\/wp-json\/wp\/v2\/users\/2"}],"replies":[{"embeddable":true,"href":"https:\/\/www.europesays.com\/es\/wp-json\/wp\/v2\/comments?post=738233"}],"version-history":[{"count":0,"href":"https:\/\/www.europesays.com\/es\/wp-json\/wp\/v2\/posts\/738233\/revisions"}],"wp:featuredmedia":[{"embeddable":true,"href":"https:\/\/www.europesays.com\/es\/wp-json\/wp\/v2\/media\/738234"}],"wp:attachment":[{"href":"https:\/\/www.europesays.com\/es\/wp-json\/wp\/v2\/media?parent=738233"}],"wp:term":[{"taxonomy":"category","embeddable":true,"href":"https:\/\/www.europesays.com\/es\/wp-json\/wp\/v2\/categories?post=738233"},{"taxonomy":"post_tag","embeddable":true,"href":"https:\/\/www.europesays.com\/es\/wp-json\/wp\/v2\/tags?post=738233"}],"curies":[{"name":"wp","href":"https:\/\/api.w.org\/{rel}","templated":true}]}}