{"id":738237,"date":"2026-08-30T07:56:17","date_gmt":"2026-08-30T07:56:17","guid":{"rendered":"https:\/\/www.europesays.com\/es\/738237\/"},"modified":"2026-08-30T07:56:17","modified_gmt":"2026-08-30T07:56:17","slug":"leon-xiv-solo-el-amor-salva","status":"publish","type":"post","link":"https:\/\/www.europesays.com\/es\/738237\/","title":{"rendered":"Le\u00f3n XIV: Solo el amor salva"},"content":{"rendered":"<p>Al final de la tarde de este s\u00e1bado 29 de agosto, el Santo Padre presidi\u00f3 la Santa Misa en la iglesia de Mar\u00eda Sant\u00edsima del Lago, en Castel Gandolfo, consagrada por san Pablo VI el 15 de agosto de 1977, antes de participar en la procesi\u00f3n por las aguas del lago Albano. En su homil\u00eda, exalt\u00f3 el amor como camino de vida y salvaci\u00f3n y pidi\u00f3 a los cristianos que no permitan que el mal \u00abdesfigure nuestra humanidad\u00bb. Poner la otra mejilla no es cosa de perdedores, sino Evangelio.<\/p>\n<p style=\"text-align: justify;\"><b>Sebasti\u00e1n Sans\u00f3n Ferrari \u2013 Ciudad del Vaticano<\/b><\/p>\n<p style=\"text-align: justify;\">Este s\u00e1bado 29 de agosto de 2026, en Castel Gandolfo, las palabras del Papa Le\u00f3n XIV sobre el amor, la entrega y la paz resonaron junto al lago Albano, en la Iglesia de Mar\u00eda Sant\u00edsima del Lago, que forma parte de la Parroquia Pontificia de santo Tom\u00e1s de Villanueva, durante la homil\u00eda de la santa misa votiva, \u00abVirgen Mar\u00eda, fuente de la salvaci\u00f3n\u00bb.<\/p>\n<p style=\"text-align: justify;\">En las primeras v\u00edsperas del XXII Domingo del Tiempo Ordinario, el Obispo de Roma comenz\u00f3 evocando que otros de sus Predecesores hab\u00edan celebrado esta fiesta. San Pablo VI \u00abdese\u00f3 y apoy\u00f3 la construcci\u00f3n de esta iglesia dedicada a Mar\u00eda y la consagr\u00f3\u00bb, mientras que san Juan Pablo II quiso aqu\u00ed \u00abrecordar su memoria y renovar su mensaje\u00bb.<\/p>\n<p style=\"text-align: justify;\">La liturgia de la Palabra, observ\u00f3 Le\u00f3n XIV, ofrece textos que armonizan con esta cita tradicional. En la primera lectura, el profeta Jerem\u00edas habla de su necesidad irresistible de corresponder a la llamada que ha recibido de Dios.<\/p>\n<p style=\"text-align: justify;\">\u00abMe sedujiste, Se\u00f1or, y me dej\u00e9 seducir\u00bb, dice Jerem\u00edas. Y a\u00f1ade: \u00abHab\u00eda en mi coraz\u00f3n como un fuego ardiente; me esforzaba por contenerlo, pero no pod\u00eda\u00bb.<\/p>\n<p>    <img decoding=\"async\" src=\"data:image\/gif;base64,R0lGODlhAQABAIAAAAAAAP\/\/\/yH5BAEAAAAALAAAAAABAAEAAAIBRAA7\" data-original=\"https:\/\/www.vaticannews.va\/content\/dam\/vaticannews\/agenzie\/images\/srv\/2026\/08\/29\/2026-08-29-santa-messa-nella-chiesa-di-maria-santissima-del-lago\/1788020397268.JPG\/_jcr_content\/renditions\/cq5dam.thumbnail.cropped.750.422.jpeg\" alt=\"Un momento de la santa misa presidida por el Papa Le\u00f3n XIV en la Iglesia de Mar\u00eda Sant\u00edsima del Lago, en Castel Gandolfo, este s\u00e1bado 29 de agosto de 2026\" title=\"Un momento de la santa misa presidida por el Papa Le\u00f3n XIV en la Iglesia de Mar\u00eda Sant\u00edsima del Lago, en Castel Gandolfo, este s\u00e1bado 29 de agosto de 2026\"\/><\/p>\n<p>\n   Un momento de la santa misa presidida por el Papa Le\u00f3n XIV en la Iglesia de Mar\u00eda Sant\u00edsima del Lago, en Castel Gandolfo, este s\u00e1bado 29 de agosto de 2026 \u00a0 (@VATICAN MEDIA)\n  <\/p>\n<p style=\"text-align: justify;\">Dios le ha revelado que lo conoc\u00eda y lo hab\u00eda elegido desde el seno materno. Tambi\u00e9n le ha hablado de su amor eterno por su pueblo y de su plan de salvaci\u00f3n. Por eso, Jerem\u00edas ya no puede callar.<\/p>\n<p style=\"text-align: justify;\">Sabe que tendr\u00e1 que decir y hacer cosas que no agradar\u00e1n a muchos, y que encontrar\u00e1 sufrimientos, incomprensiones y burlas. Pero \u00abel amor lo impulsa a actuar por el bien de su pueblo, sin compromisos, hasta el final\u00bb, explic\u00f3 Le\u00f3n XIV.<\/p>\n<p>      <a href=\"https:\/\/www.vaticannews.va\/es\/papa\/news\/2026-08\/leon-xiv-oracion-procesion-virgen-del-lago-29-ago-2026.html\" title=\"La s\u00faplica del Papa a la Virgen: &quot;Mira con bondad a tus hijos heridos por la guerra&quot;\" rel=\"nofollow noopener\" target=\"_blank\"><\/p>\n<p>         <img decoding=\"async\" src=\"data:image\/gif;base64,R0lGODlhAQABAIAAAAAAAP\/\/\/yH5BAEAAAAALAAAAAABAAEAAAIBRAA7\" data-original=\"https:\/\/www.vaticannews.va\/content\/dam\/vaticannews\/agenzie\/images\/srv\/2026\/08\/29\/2026-08-29-processione-mariana-sul-lago-\/1788026405074.JPG\/_jcr_content\/renditions\/cq5dam.thumbnail.cropped.500.281.jpeg\" alt=\"La s\u00faplica del Papa a la Virgen: &quot;Mira con bondad a tus hijos heridos por la guerra&quot;\"\/><\/p>\n<p>       <\/a><\/p>\n<p>\n       En el establecimiento de Giorgio\u2019s Beach, punto de llegada de la procesi\u00f3n que parti\u00f3 de la iglesia de Mar\u00eda Sant\u00edsima del Lago, Prevost arriba a bordo de la embarcaci\u00f3n \u00abFalco\u00bb, &#8230;\n      <\/p>\n<p style=\"text-align: justify;\">Es lo que ense\u00f1a tambi\u00e9n Jes\u00fas en el Evangelio. Poco antes, hab\u00eda alimentado a cinco mil hombres con cinco panes y dos peces y, despu\u00e9s, a otros cuatro mil con siete panes y unos pocos peces. Pero, m\u00e1s all\u00e1 del \u00e9xito de aquellos gestos, Jes\u00fas explica a los disc\u00edpulos el sentido mesi\u00e1nico de lo que ha realizado.<\/p>\n<p style=\"text-align: justify;\">Les anuncia que deber\u00e1 ir a Jerusal\u00e9n, sufrir mucho, ser llevado a la muerte y resucitar al tercer d\u00eda. Despu\u00e9s de los milagros, Jes\u00fas manifestar\u00e1 definitivamente su gloria \u00absacrificando libremente su vida\u00bb y ofreci\u00e9ndose en la cruz \u00abcomo pan partido\u00bb.<\/p>\n<p style=\"text-align: justify;\">Y precisa que el mismo camino deber\u00e1 recorrer quien quiera continuar su misi\u00f3n: \u00abSi alguno quiere venir detr\u00e1s de m\u00ed, que se niegue a s\u00ed mismo, tome su cruz y me siga\u00bb. Jes\u00fas revela as\u00ed que \u00absolo el amor salva\u00bb.<\/p>\n<p style=\"text-align: justify;\">Es el amor que Dios ha mostrado haci\u00e9ndose hombre, muriendo y resucitando por nosotros, y tambi\u00e9n el amor con el que los cristianos se ofrecen humildemente a Dios y a los hermanos: en la perseverancia de la caridad cotidiana y en los gestos m\u00e1s extraordinarios, hasta el martirio, como sucede todav\u00eda hoy a muchos cristianos en distintas partes del mundo.<\/p>\n<p>      <a href=\"https:\/\/www.vaticannews.va\/es\/iglesia\/news\/2026-08\/papa-virgen-del-lago-castel-gandolfo-alegria-devocion.html\" title=\"Los habitantes de Castel Gandolfo esperan a Le\u00f3n: \u00abPara nosotros, un sue\u00f1o\u00bb\" rel=\"nofollow noopener\" target=\"_blank\"><\/p>\n<p>         <img decoding=\"async\" src=\"data:image\/gif;base64,R0lGODlhAQABAIAAAAAAAP\/\/\/yH5BAEAAAAALAAAAAABAAEAAAIBRAA7\" data-original=\"https:\/\/www.vaticannews.va\/content\/dam\/vaticannews\/multimedia\/2019\/07\/13\/2019.07.13%20Castelgandolfo%2001.jpeg\/_jcr_content\/renditions\/cq5dam.thumbnail.cropped.500.281.jpeg\" alt=\"Los habitantes de Castel Gandolfo esperan a Le\u00f3n: \u00abPara nosotros, un sue\u00f1o\u00bb\"\/><\/p>\n<p>       <\/a><\/p>\n<p>\n       A las 18:00 de hoy, s\u00e1bado 29 de agosto, Le\u00f3n XIV celebrar\u00e1 la misa en la iglesia de Mar\u00eda Sant\u00edsima del Lago, en Castel Gandolfo. A continuaci\u00f3n tendr\u00e1 lugar la procesi\u00f3n con la &#8230;\n      <\/p>\n<p> <br \/>\nLas semillas de la caridad <\/p>\n<p style=\"text-align: justify;\">Le\u00f3n XIV cit\u00f3 despu\u00e9s a san Agust\u00edn: \u00abLa alegr\u00eda del segador demuestra la intenci\u00f3n del sembrador\u00bb.<\/p>\n<p style=\"text-align: justify;\">\u00abCon la ayuda de Dios, queremos esparcir por todas partes en el mundo las semillas de su caridad infinita, sin cansarnos, sin medida\u00bb, afirm\u00f3 el Papa, para que hoy y siempre alguien pueda alegrarse recogiendo sus frutos. Pero no todos comprenden la belleza, la bondad y la concreci\u00f3n de este designio del Creador. Muchos piensan que es una utop\u00eda.<\/p>\n<p style=\"text-align: justify;\">Poner la otra mejilla, dicen, es de perdedores; dar ante el rechazo, de ingenuos; perdonar sin l\u00edmites, de d\u00e9biles. \u00abNo hay de qu\u00e9 sorprenderse\u00bb, se\u00f1al\u00f3 Le\u00f3n XIV. Incluso para Pedro fue dif\u00edcil aceptar este modo nuevo y diferente de razonar. Pero Jes\u00fas permanece categ\u00f3rico: \u00abSolo la v\u00eda del amor es la v\u00eda de la vida\u00bb. El Papa advirti\u00f3 tambi\u00e9n contra el odio y la violencia.<\/p>\n<p style=\"text-align: justify;\">\u00abNo nos enga\u00f1emos. El odio y la violencia no traen nada bueno, sino solo destrucci\u00f3n y muerte, siempre, incluso cuando son respuesta a injusticias sufridas\u00bb. Es algo que, se\u00f1al\u00f3, puede verse cada d\u00eda \u00abdesde lo peque\u00f1o de nuestra experiencia dom\u00e9stica hasta la gran escena del mundo\u00bb.<\/p>\n<p style=\"text-align: justify;\">Todo confirma lo que Jes\u00fas ense\u00f1\u00f3: \u00abQuien quiera salvar su vida, la perder\u00e1; pero quien pierda su vida por mi causa, la encontrar\u00e1\u00bb.<\/p>\n<p>    <img decoding=\"async\" src=\"data:image\/gif;base64,R0lGODlhAQABAIAAAAAAAP\/\/\/yH5BAEAAAAALAAAAAABAAEAAAIBRAA7\" data-original=\"https:\/\/www.vaticannews.va\/content\/dam\/vaticannews\/agenzie\/images\/srv\/2026\/08\/29\/2026-08-29-santa-messa-nella-chiesa-di-maria-santissima-del-lago\/1788022798200.JPG\/_jcr_content\/renditions\/cq5dam.thumbnail.cropped.750.422.jpeg\" alt=\"El Papa pronuncia su homil\u00eda durante la sagrada eucarist\u00eda celebrada en el exterior del templo para facilitar la mayor participaci\u00f3n de fieles.\" title=\"El Papa pronuncia su homil\u00eda durante la sagrada eucarist\u00eda celebrada en el exterior del templo para facilitar la mayor participaci\u00f3n de fieles.\"\/><\/p>\n<p>\n   El Papa pronuncia su homil\u00eda durante la sagrada eucarist\u00eda celebrada en el exterior del templo para facilitar la mayor participaci\u00f3n de fieles. \u00a0 (@Vatican Media)\n  <\/p>\n<p style=\"text-align: justify;\">\u00abTenemos tanta necesidad de vida, de esperanza, de serenidad, de paz, en nosotros mismos, en nuestras ciudades, entre los pueblos y las naciones\u00bb, afirm\u00f3 Le\u00f3n XIV.<\/p>\n<p style=\"text-align: justify;\">Por eso pidi\u00f3: \u00abCualquiera que sea la herida, cualquiera que sea la ofensa, \u00a1no permitamos que el mal desfigure nuestra humanidad y nos corrompa el coraz\u00f3n!\u00bb.<\/p>\n<p style=\"text-align: justify;\">El Papa exhort\u00f3 a no conformarse con la mentalidad del mundo y a continuar amando, dando y perdonando, ofreci\u00e9ndose \u00abcomo sacrificio vivo, santo y agradable a Dios\u00bb, para preservar y hacer crecer, en cada persona, la dignidad infinita de la imagen divina que lleva en el alma.<\/p>\n<p style=\"text-align: justify;\">Y ante las dificultades, invit\u00f3 a no desanimarse: \u00abNuestra fuerza est\u00e1 en el Se\u00f1or, y con su ayuda todo es posible\u00bb.<\/p>\n<p>La procesi\u00f3n sobre el lago <\/p>\n<p style=\"text-align: justify;\">Le\u00f3n XIV relacion\u00f3 despu\u00e9s la procesi\u00f3n de la Madonna del Lago con otro episodio del Evangelio. En el lago de Tiber\u00edades, Jes\u00fas alcanz\u00f3 a sus disc\u00edpulos, que estaban asustados, caminando sobre las aguas. En medio de los vientos contrarios, los exhort\u00f3 a tener fe y a rezar para recuperar la paz y continuar con \u00c9l navegando hacia la meta.<\/p>\n<p style=\"text-align: justify;\">\u00abCon esta fe\u00bb, explic\u00f3 el Papa, la comunidad participa en la Eucarist\u00eda.<\/p>\n<p style=\"text-align: justify;\">Sobre el altar, los fieles ofrecen su propia vida junto con el pan y el vino. El Se\u00f1or une esas ofrendas a la suya, las consagra y las devuelve transformadas en su Cuerpo y en su Sangre, para que sean compartidas como alimento para el camino.<\/p>\n<p style=\"text-align: justify;\">Despu\u00e9s, como los disc\u00edpulos, la comunidad deja la orilla llevando consigo la imagen de Mar\u00eda, \u00abnuestro modelo y gu\u00eda\u00bb, para llevar a lo largo de las orillas del lago la bendici\u00f3n recibida. Son gestos sencillos, dijo Le\u00f3n XIV, con los que se renueva la confianza en Dios y la devoci\u00f3n filial a su Sant\u00edsima Madre.<\/p>\n<p>\n   Revive los momentos m\u00e1s significativos de la santa misa presidida por el Sumo Pont\u00edfice Le\u00f3n XIV\n  <\/p>\n<p>Una comunidad que custodia <\/p>\n<p style=\"text-align: justify;\">El Sucesor de Pedro destac\u00f3 tambi\u00e9n el cuidado de la peque\u00f1a comunidad que vive en este lugar y que durante todo el a\u00f1o lo custodia como un lugar de paz, para que en los momentos solemnes pueda reunirse aqu\u00ed todo el pueblo de Dios.<\/p>\n<p style=\"text-align: justify;\">Record\u00f3 en este sentido a san Pablo VI y explic\u00f3 que esta realidad evoca a Mar\u00eda, que acogi\u00f3 en su seno y en la casa de Nazaret al Hijo de Dios hecho hombre, para que su salvaci\u00f3n pudiera llegar a todos.<\/p>\n<p style=\"text-align: justify;\">\u00abEste lugar de devoci\u00f3n mariana se convierte tambi\u00e9n en un signo de c\u00f3mo la Iglesia se esfuerza, d\u00eda tras d\u00eda, por hacer de todos nosotros un solo cuerpo\u00bb, explic\u00f3 Le\u00f3n XIV.\u00a0Un solo cuerpo en la oraci\u00f3n, en los sentimientos, en los prop\u00f3sitos y en el desarrollo ordenado y un\u00e1nime de la vida compartida.<\/p>\n<p style=\"text-align: justify;\">El Papa record\u00f3 tambi\u00e9n el amor con el que el Se\u00f1or, por medio de su Sant\u00edsima Madre, quiso acercarse a nosotros \u00abcomo uno de nosotros\u00bb, hasta confundirse con la gran multitud de nuestra humanidad.<\/p>\n<p>    <img decoding=\"async\" src=\"data:image\/gif;base64,R0lGODlhAQABAIAAAAAAAP\/\/\/yH5BAEAAAAALAAAAAABAAEAAAIBRAA7\" data-original=\"https:\/\/www.vaticannews.va\/content\/dam\/vaticannews\/agenzie\/images\/srv\/2026\/08\/29\/2026-08-29-santa-messa-nella-chiesa-di-maria-santissima-del-lago\/1788022500725.JPG\/_jcr_content\/renditions\/cq5dam.thumbnail.cropped.750.422.jpeg\" alt=\"La estructura en abanico de la iglesia de Mar\u00eda Sant\u00edsima del Lago recuerda a las tablas de una embarcaci\u00f3n que, en correspondencia con la proa ideal, convergen en la cruz que domina el espejo de agua encajado entre los montes Albanos.\" title=\"La estructura en abanico de la iglesia de Mar\u00eda Sant\u00edsima del Lago recuerda a las tablas de una embarcaci\u00f3n que, en correspondencia con la proa ideal, convergen en la cruz que domina el espejo de agua encajado entre los montes Albanos.\"\/><\/p>\n<p>\n   La estructura en abanico de la iglesia de Mar\u00eda Sant\u00edsima del Lago recuerda a las tablas de una embarcaci\u00f3n que, en correspondencia con la proa ideal, convergen en la cruz que domina el espejo de agua encajado entre los montes Albanos. \u00a0 (@Vatican Media)\n  <\/p>\n<p>\u00abEn todas las noches del mundo\u00bb <\/p>\n<p style=\"text-align: justify;\">Al final de la homil\u00eda, Le\u00f3n XIV invit\u00f3 a los fieles a permanecer unidos a Jes\u00fas y a Mar\u00eda. \u00abAbrac\u00e9monos, entonces, esta tarde, a Jes\u00fas y a Mar\u00eda, al Hijo y a la Madre\u00bb, pidi\u00f3.<\/p>\n<p style=\"text-align: justify;\">Y concluy\u00f3 con una imagen que ampl\u00eda la celebraci\u00f3n m\u00e1s all\u00e1 del lago: ser, unidos, \u00abno solo en el lago, sino en todas las noches del mundo, un reflejo sereno de la presencia de Dios y un eco irresistible de su amor que invita a amar\u00bb.<\/p>\n<p>    <img decoding=\"async\" src=\"data:image\/gif;base64,R0lGODlhAQABAIAAAAAAAP\/\/\/yH5BAEAAAAALAAAAAABAAEAAAIBRAA7\" data-original=\"https:\/\/www.vaticannews.va\/content\/dam\/vaticannews\/agenzie\/images\/srv\/2026\/08\/29\/2026-08-29-santa-messa-nella-chiesa-di-maria-santissima-del-lago\/1788022502190.JPG\/_jcr_content\/renditions\/cq5dam.thumbnail.cropped.750.422.jpeg\" alt=\"La Iglesia de Mar\u00eda Sant\u00edsima del Lago, situada en Castel Gandolfo, pertenece a la circunscripci\u00f3n eclesi\u00e1stica de la di\u00f3cesis suburbicaria de Albano.\" title=\"La Iglesia de Mar\u00eda Sant\u00edsima del Lago, situada en Castel Gandolfo, pertenece a la circunscripci\u00f3n eclesi\u00e1stica de la di\u00f3cesis suburbicaria de Albano.\"\/><\/p>\n<p>\n   La Iglesia de Mar\u00eda Sant\u00edsima del Lago, situada en Castel Gandolfo, pertenece a la circunscripci\u00f3n eclesi\u00e1stica de la di\u00f3cesis suburbicaria de Albano. \u00a0 (@VATICAN MEDIA)\n  <\/p>\n<p>El compromiso de los Salesianos en Castel Gandolfo <\/p>\n<p style=\"text-align: justify;\">La Misa es concelebrada, entre otros, por el obispo de la di\u00f3cesis suburbicaria de Albano, monse\u00f1or Vincenzo Viva; por el p\u00e1rroco de la iglesia de Santo Tom\u00e1s de Villanueva, en Castel Gandolfo, el padre Tadeuz Rozmus; y por los miembros de la Casa Generalicia de los Salesianos, los padres Gabriel Cruz y Pedro Andr\u00e9, en representaci\u00f3n del rector mayor, el padre Fabio Attard.<\/p>\n<p style=\"text-align: justify;\">Se cumple, en efecto, el centenario de la presencia de la congregaci\u00f3n fundada por Don Bosco, llamada a Castel Gandolfo en 1926 por el Papa P\u00edo XI para abrir el oratorio y dedicarse a la pastoral parroquial, con especial atenci\u00f3n a la educaci\u00f3n de los j\u00f3venes y a su crecimiento humano y cristiano.<\/p>\n<p style=\"text-align: justify;\">\u00a0<\/p>\n","protected":false},"excerpt":{"rendered":"Al final de la tarde de este s\u00e1bado 29 de agosto, el Santo Padre presidi\u00f3 la Santa Misa&hellip;\n","protected":false},"author":2,"featured_media":738238,"comment_status":"","ping_status":"","sticky":false,"template":"","format":"standard","meta":{"footnotes":""},"categories":[42],"tags":[1733,17,18,21102,13,14,11,35309,61,62,63,64,19,20,12360,9,10,15,16,400,12,21,22,22259,65,66,67],"class_list":["post-738237","post","type-post","status-publish","format-standard","has-post-thumbnail","category-internacional","tag-amor","tag-breaking-news","tag-breakingnews","tag-castel-gandolfo","tag-featured-news","tag-featurednews","tag-headlines","tag-homilia","tag-internacional","tag-international","tag-international-news","tag-internationalnews","tag-latest-news","tag-latestnews","tag-misa","tag-news","tag-noticias","tag-noticias-destacadas","tag-noticiasdestacadas","tag-papa-leon-xiv","tag-titulares","tag-ultimas-noticias","tag-ultimasnoticias","tag-virgen-maria","tag-world","tag-world-news","tag-worldnews"],"share_on_mastodon":{"url":"https:\/\/pubeurope.com\/@es\/117183393676718946","error":""},"_links":{"self":[{"href":"https:\/\/www.europesays.com\/es\/wp-json\/wp\/v2\/posts\/738237","targetHints":{"allow":["GET"]}}],"collection":[{"href":"https:\/\/www.europesays.com\/es\/wp-json\/wp\/v2\/posts"}],"about":[{"href":"https:\/\/www.europesays.com\/es\/wp-json\/wp\/v2\/types\/post"}],"author":[{"embeddable":true,"href":"https:\/\/www.europesays.com\/es\/wp-json\/wp\/v2\/users\/2"}],"replies":[{"embeddable":true,"href":"https:\/\/www.europesays.com\/es\/wp-json\/wp\/v2\/comments?post=738237"}],"version-history":[{"count":0,"href":"https:\/\/www.europesays.com\/es\/wp-json\/wp\/v2\/posts\/738237\/revisions"}],"wp:featuredmedia":[{"embeddable":true,"href":"https:\/\/www.europesays.com\/es\/wp-json\/wp\/v2\/media\/738238"}],"wp:attachment":[{"href":"https:\/\/www.europesays.com\/es\/wp-json\/wp\/v2\/media?parent=738237"}],"wp:term":[{"taxonomy":"category","embeddable":true,"href":"https:\/\/www.europesays.com\/es\/wp-json\/wp\/v2\/categories?post=738237"},{"taxonomy":"post_tag","embeddable":true,"href":"https:\/\/www.europesays.com\/es\/wp-json\/wp\/v2\/tags?post=738237"}],"curies":[{"name":"wp","href":"https:\/\/api.w.org\/{rel}","templated":true}]}}